{"id":203482,"date":"2026-03-06T18:36:46","date_gmt":"2026-03-06T16:36:46","guid":{"rendered":"https:\/\/serbiantimes.info\/en\/?p=203482"},"modified":"2026-03-06T18:36:47","modified_gmt":"2026-03-06T16:36:47","slug":"ukraine-is-behaving-like-bandits-zelensky-threatened-orban-with-sending-the-ukrainian-army-hungarians-responded-sharply-video","status":"publish","type":"post","link":"https:\/\/serbiantimes.info\/en\/ukraine-is-behaving-like-bandits-zelensky-threatened-orban-with-sending-the-ukrainian-army-hungarians-responded-sharply-video\/","title":{"rendered":"\u201cUKRAINE IS BEHAVING LIKE BANDITS\u201d: Zelensky threatened Orb\u00e1n with sending the Ukrainian army, Hungarians responded sharply! (VIDEO)"},"content":{"rendered":"\n<p>Hungarian Prime Minister Viktor Orb\u00e1n said today that Ukrainian President Volodymyr Zelensky is issuing threats to him while, as he stated, \u201cthe Hungarian opposition stands on the side of Kyiv and Brussels.\u201d Orb\u00e1n wrote on the platform X that the plan of the EU and Ukraine is to establish a pro-Ukrainian government in Budapest that would send Hungarian money to Kyiv and separate Hungary from cheap Russian energy sources.<\/p>\n\n\n\n<p>\u201cWe will defend the interests of our nation. Count on it,\u201d Orb\u00e1n said.<\/p>\n\n\n\n<p>Hungarian Foreign Minister P\u00e9ter Szijj\u00e1rt\u00f3 said on Thursday that no one can threaten Hungary or its prime minister, reacting to Zelensky\u2019s statement that he could \u201cgive the address of one person in the European Union\u201d who is blocking European aid to Kyiv, so that Ukrainian soldiers could \u201ccall and talk to him in their own language.\u201d<\/p>\n\n\n\n<p>\u201cThis has crossed every line. This is Ukraine. This is the kind of \u2018culture\u2019 that comes from Kyiv. And this is the man whom Brussels respects and the country they want to quickly admit into the European Union,\u201d Szijj\u00e1rt\u00f3 wrote on the platform X.<\/p>\n\n\n\n<p>He also added that no matter how much Zelensky threatens and how closely he cooperates with the President of the European Commission Ursula von der Leyen and the leader of the European People\u2019s Party (EPP) Manfred Weber, Budapest will not allow them to drag Hungary into the war.<\/p>\n\n\n\n<blockquote class=\"twitter-tweet\"><p lang=\"en\" dir=\"ltr\">Zelensky threatens the life of Prime Minister Orban, saying he could give Orban&#39;s address to the Ukrainian armed forces. <a href=\"https:\/\/t.co\/o1isDuyevS\">pic.twitter.com\/o1isDuyevS<\/a><\/p>&mdash; Glenn Diesen (@Glenn_Diesen) <a href=\"https:\/\/twitter.com\/Glenn_Diesen\/status\/2029585234568556877?ref_src=twsrc%5Etfw\">March 5, 2026<\/a><\/blockquote> <script async src=\"https:\/\/platform.twitter.com\/widgets.js\" charset=\"utf-8\"><\/script>\n\n\n\n<h3 class=\"wp-block-heading\">\u201cI will not accept Ukraine\u2019s demands, even if they blackmail me \u2014 they behave like bandits\u201d<\/h3>\n\n\n\n<p>He also says that the Hungarian government and he personally bother Ukrainian President Volodymyr Zelensky because they do not fulfill his demands, which is why he wants to \u201cget rid of them.\u201d He told Radio Kossuth that he will not give in to blackmail and threats.<\/p>\n\n\n\n<p>\u201cWe will not fulfill the Ukrainian demand to get rid of Russian oil, but we will not continue to support the Ukrainian war, nor will we give them money, and we will not allow Ukraine to enter the EU, because that would destroy the entire national economy. I will not accept their demands, even if they blackmail or threaten me,\u201d Orb\u00e1n said, as reported by Magyar Nemzet.<\/p>\n\n\n\n<p>He also repeated that the Druzhba oil pipeline has no technical problems that would prevent oil from reaching Hungary and that it is a political decision.<\/p>\n\n\n\n<h4 class=\"wp-block-heading\"><mark style=\"background-color:#FFFFFF;color:#d21414\" class=\"has-inline-color\"><mark style=\"background-color:#FFFFFF;color:#d21414\" class=\"has-inline-color\">FIND OUT MORE:<\/mark><\/mark><\/h4>\n\n\n\n<figure class=\"wp-block-embed is-type-wp-embed is-provider-serbiantimes-info wp-block-embed-serbiantimes-info\"><div class=\"wp-block-embed__wrapper\">\n<blockquote class=\"wp-embedded-content\" data-secret=\"Yg6E9nGVym\"><a href=\"https:\/\/serbiantimes.info\/ekskluzivni-intervju-tajci-pre-pobede-na-evroviziji-dozivela-sam-seksualno-nasilje-danas-pomazem-zenama-koje-su-prosle-kroz-slicne-traume-kao-i-ja-video-foto\/\">EKSKLUZIVNI INTERVJU, TAJ\u010cI: &#8222;Pre pobede na Evroviziji do\u017eivela sam seksualno nasilje, danas  poma\u017eem \u017eenama koje su pro\u0161le kroz sli\u010dne traume kao i ja (VIDEO, FOTO)<\/a><\/blockquote><iframe loading=\"lazy\" class=\"wp-embedded-content\" sandbox=\"allow-scripts\" security=\"restricted\" style=\"position: absolute; visibility: hidden;\" title=\"&#132;EKSKLUZIVNI INTERVJU, TAJ\u010cI: &#8222;Pre pobede na Evroviziji do\u017eivela sam seksualno nasilje, danas  poma\u017eem \u017eenama koje su pro\u0161le kroz sli\u010dne traume kao i ja (VIDEO, FOTO)&#147; &#8212; Serbiantimes.info\" src=\"https:\/\/serbiantimes.info\/ekskluzivni-intervju-tajci-pre-pobede-na-evroviziji-dozivela-sam-seksualno-nasilje-danas-pomazem-zenama-koje-su-prosle-kroz-slicne-traume-kao-i-ja-video-foto\/embed\/#?secret=rklR4tdSsJ#?secret=Yg6E9nGVym\" data-secret=\"Yg6E9nGVym\" width=\"500\" height=\"282\" frameborder=\"0\" marginwidth=\"0\" marginheight=\"0\" scrolling=\"no\"><\/iframe>\n<\/div><\/figure>\n\n\n\n<p>\u201cUkraine undertook the obligation to transport it under an international agreement, yet in comparison they are blackmailing Hungary. Moreover, they do not hide the fact that they provide political and financial support to the opposition Tisa party because they want a pro-Ukrainian government in Hungary. Among other things, they would like to encourage this through an oil shortage, that is, by increasing fuel prices,\u201d Orb\u00e1n said and added that the Ukrainian leadership is behaving \u201clike bandits\u201d toward Hungary.<\/p>\n\n\n\n<p>He emphasized that Hungary has suspended the delivery of gasoline and diesel to Ukraine and that, if necessary, it will suspend other things that are important to them as well.<\/p>\n\n\n\n<p>\u201cThe Ukrainians will run out of money faster than we will run out of oil. Hungary is being hit by two things at once, the war in the Middle East and the oil blockade, and that is why it is a capital crime that Ukraine is committing because it is violating an international agreement,\u201d he concluded.<\/p>\n\n\n\n<p>Let us recall that Ukrainian President Volodymyr Zelensky previously told Orb\u00e1n that he would direct the Ukrainian armed forces toward him if Hungary continues to obstruct the EU loan to Ukraine worth 90 billion euros.<\/p>\n\n\n\n<p>\u201cWe hope that a certain person will not block the loan of 90 billion or its first tranche in the European Union, and then the Ukrainians will have weapons. Otherwise, we will give the address of that person to our armed forces, to our sons, let them call him and talk to him in their own language,\u201d Zelensky said, as reported by Hirado.<\/p>\n\n\n\n<p>Budapest took this step in response to Kyiv suspending the transit of Russian oil through the Druzhba oil pipeline.<\/p>\n\n\n\n<p>The Hungarian government has repeatedly stated that it will not accept the accelerated admission of Ukraine into the EU and that it will not send the money of its citizens to it.<\/p>\n\n\n\n<h4 class=\"wp-block-heading\"><mark style=\"background-color:#FFFFFF;color:#d21414\" class=\"has-inline-color\">MORE TOPICS:<\/mark><\/h4>\n\n\n\n<p><strong><a href=\"https:\/\/serbiantimes.info\/en\/cocaine-shipments-kept-in-the-serbian-embassy-in-lisbon-a-major-scandal-shook-serbian-diplomacy-sky-messages-revealed-the-alleged-affair\/\" target=\"_blank\" rel=\"noopener\" title=\"\">COCAINE SHIPMENTS KEPT IN THE SERBIAN EMBASSY IN LISBON? A major scandal shook Serbian diplomacy, Sky messages revealed the alleged affair!<\/a><\/strong><\/p>\n\n\n\n<p><strong><a href=\"https:\/\/serbiantimes.info\/en\/israel-launched-a-ground-invasion-of-lebanon-the-army-received-orders-to-seize-additional-territory-beirut-under-heavy-bombardment\/\" target=\"_blank\" rel=\"noopener\" title=\"\">ISRAEL LAUNCHED A GROUND INVASION OF LEBANON: The army received orders to seize additional territory, Beirut under heavy bombardment!<\/a><\/strong><\/p>\n\n\n\n<p><strong><a href=\"https:\/\/serbiantimes.info\/en\/rubio-admitted-that-israel-dragged-america-into-the-war-we-knew-that-iran-would-attack-us-when-israel-attacks-them-that-is-why-we-attacked-them-first-video\/\" target=\"_blank\" rel=\"noopener\" title=\"\">RUBIO ADMITTED THAT ISRAEL DRAGGED AMERICA INTO THE WAR? \u201eWe knew that Iran would attack us when Israel attacks them, that is why we attacked them first!\u201c (VIDEO)<\/a><\/strong><\/p>\n\n\n\n<p><strong><a href=\"https:\/\/serbiantimes.info\/en\/tucker-carlson-saudis-and-qataris-arrested-mossad-agents-for-planning-bomb-attacks-israel-wants-to-destroy-the-gulf-countries-too-video\/\" target=\"_blank\" rel=\"noopener\" title=\"\">TUCKER CARLSON: Saudis and Qataris arrested Mossad agents for planning bomb attacks, Israel wants to destroy the Gulf countries too! (VIDEO)<\/a><\/strong><\/p>\n\n\n\n<p><strong><a href=\"https:\/\/serbiantimes.info\/en\/first-footage-of-serbian-citizens-evacuated-from-dubai-200-of-them-have-just-landed-at-the-belgrade-airport-photo\/\" target=\"_blank\" rel=\"noopener\" title=\"\">FIRST FOOTAGE OF SERBIAN CITIZENS EVACUATED FROM DUBAI: 200 of them have just landed at the Belgrade airport! (PHOTO)<\/a><\/strong><\/p>\n\n\n\n<p><strong><strong>Source<\/strong><\/strong>: <a href=\"https:\/\/www.euronews.rs\/evropa\/vesti\/213371\/orban-zelenski-mi-upucuje-pretnje-dok-madarska-opozicija-staje-na-stranu-kijeva\/vest\" target=\"_blank\" rel=\"noopener\" title=\"\">Euronews<\/a>, <a href=\"https:\/\/www.blic.rs\/vesti\/svet\/zelenski-preti-da-ce-vojsci-dati-orbanovu-adresu-da-popricaju-on-se-oglasio-ne-plasim\/bzks6gt\" target=\"_blank\" rel=\"noopener\" title=\"\">Blic<\/a>; <strong>Foto<\/strong>: ATA Images, AP<\/p>\n","protected":false},"excerpt":{"rendered":"<p>Hungarian Prime Minister Viktor Orb\u00e1n said today that Ukrainian President Volodymyr Zelensky is issuing threats to him while, as he stated, \u201cthe Hungarian opposition stands on the side of Kyiv and Brussels.\u201d Orb\u00e1n wrote on the platform X that the plan of the EU and Ukraine is to establish a pro-Ukrainian government in Budapest that [&hellip;]<\/p>\n","protected":false},"author":2169,"featured_media":203483,"comment_status":"open","ping_status":"open","sticky":false,"template":"","format":"standard","meta":{"newspack_featured_image_position":"","newspack_post_subtitle":"","newspack_article_summary_title":"Overview:","newspack_article_summary":"","newspack_hide_updated_date":false,"newspack_show_updated_date":false,"footnotes":""},"categories":[70],"tags":[73,755,15,756,859],"class_list":["post-203482","post","type-post","status-publish","format-standard","has-post-thumbnail","hentry","category-aktuelno","tag-evropska-unija","tag-madarska","tag-video","tag-viktor-orban","tag-volodimir-zelenski","entry"],"aioseo_notices":[],"distributor_meta":false,"distributor_terms":false,"distributor_media":false,"distributor_original_site_name":"Serbiantimes.info EN","distributor_original_site_url":"https:\/\/serbiantimes.info\/en","push-errors":false,"_links":{"self":[{"href":"https:\/\/serbiantimes.info\/en\/wp-json\/wp\/v2\/posts\/203482","targetHints":{"allow":["GET"]}}],"collection":[{"href":"https:\/\/serbiantimes.info\/en\/wp-json\/wp\/v2\/posts"}],"about":[{"href":"https:\/\/serbiantimes.info\/en\/wp-json\/wp\/v2\/types\/post"}],"author":[{"embeddable":true,"href":"https:\/\/serbiantimes.info\/en\/wp-json\/wp\/v2\/users\/2169"}],"replies":[{"embeddable":true,"href":"https:\/\/serbiantimes.info\/en\/wp-json\/wp\/v2\/comments?post=203482"}],"version-history":[{"count":2,"href":"https:\/\/serbiantimes.info\/en\/wp-json\/wp\/v2\/posts\/203482\/revisions"}],"predecessor-version":[{"id":203537,"href":"https:\/\/serbiantimes.info\/en\/wp-json\/wp\/v2\/posts\/203482\/revisions\/203537"}],"wp:featuredmedia":[{"embeddable":true,"href":"https:\/\/serbiantimes.info\/en\/wp-json\/wp\/v2\/media\/203483"}],"wp:attachment":[{"href":"https:\/\/serbiantimes.info\/en\/wp-json\/wp\/v2\/media?parent=203482"}],"wp:term":[{"taxonomy":"category","embeddable":true,"href":"https:\/\/serbiantimes.info\/en\/wp-json\/wp\/v2\/categories?post=203482"},{"taxonomy":"post_tag","embeddable":true,"href":"https:\/\/serbiantimes.info\/en\/wp-json\/wp\/v2\/tags?post=203482"}],"curies":[{"name":"wp","href":"https:\/\/api.w.org\/{rel}","templated":true}]}}