{"id":203469,"date":"2026-03-06T20:27:00","date_gmt":"2026-03-06T18:27:00","guid":{"rendered":"https:\/\/serbiantimes.info\/en\/?p=203469"},"modified":"2026-03-07T00:10:14","modified_gmt":"2026-03-06T22:10:14","slug":"serb-hosts-a-major-political-gathering-in-michigan-petkovic-and-serbian-businessmen-support-congressional-candidate-michael-bouchard-photo","status":"publish","type":"post","link":"https:\/\/serbiantimes.info\/en\/serb-hosts-a-major-political-gathering-in-michigan-petkovic-and-serbian-businessmen-support-congressional-candidate-michael-bouchard-photo\/","title":{"rendered":"SERB HOSTS A MAJOR POLITICAL GATHERING IN MICHIGAN: Petkovi\u0107 and Serbian businessmen support congressional candidate Michael Bouchard! (PHOTO)"},"content":{"rendered":"\n<p>This week, a significant gathering of business leaders and community representatives originating from Serbia, the Balkans and America was held in the U.S. state of Michigan, who stood behind the campaign of congressional candidate Michael Bouchard. The host of the event was well-known Serbian businessman Goran Petkovi\u0107, and the topics of discussion at his villa not far from Detroit were focused on economic growth, innovation and civic engagement.<\/p>\n\n\n\n<p>Bouchard, a National Guard captain with more than ten years of service in uniform, including a mission in Iraq, recently launched his campaign for Congress at a time when Republicans are seeking to maintain their majority in the U.S. House of Representatives.<\/p>\n\n\n\n<p>Coming from a family with a strong tradition of public service \u2014 his father is a long-serving county sheriff, and his grandfather also served in uniform \u2014 Bouchard built his campaign around support for small businesses, border security, legal immigration connected with economic growth and the integrity of the electoral process.<\/p>\n\n\n\n<p>Serbian-American businessman Goran Petkovi\u0107, who has long been active in the transportation business and has recently begun producing organic food in Serbia, which he exports to America, hosted respected guests in partnership with the MENA American Chamber of Commerce and its executive director Faye Nemer.<\/p>\n\n\n\n<figure class=\"wp-block-embed is-type-wp-embed is-provider-serbiantimes-info wp-block-embed-serbiantimes-info\"><div class=\"wp-block-embed__wrapper\">\n<blockquote class=\"wp-embedded-content\" data-secret=\"L4L85nlxPy\"><a href=\"https:\/\/serbiantimes.info\/amerikanci-ukrali-naziv-rusima-umesto-rata-trampova-administracija-napad-na-iran-naziva-ogranicenom-vojnom-operacijom\/\">AMERIKANCI &#8222;UKRALI&#8220; NAZIV RUSIMA: Umesto rata, Trampova administracija napad na Iran naziva &#8222;ograni\u010denom vojnom operacijom&#8220;! (VIDEO)<\/a><\/blockquote><iframe loading=\"lazy\" class=\"wp-embedded-content\" sandbox=\"allow-scripts\" security=\"restricted\" style=\"position: absolute; visibility: hidden;\" title=\"&#132;AMERIKANCI &#8222;UKRALI&#8220; NAZIV RUSIMA: Umesto rata, Trampova administracija napad na Iran naziva &#8222;ograni\u010denom vojnom operacijom&#8220;! (VIDEO)&#147; &#8212; Serbiantimes.info\" src=\"https:\/\/serbiantimes.info\/amerikanci-ukrali-naziv-rusima-umesto-rata-trampova-administracija-napad-na-iran-naziva-ogranicenom-vojnom-operacijom\/embed\/#?secret=Js2sB245NY#?secret=L4L85nlxPy\" data-secret=\"L4L85nlxPy\" width=\"500\" height=\"282\" frameborder=\"0\" marginwidth=\"0\" marginheight=\"0\" scrolling=\"no\"><\/iframe>\n<\/div><\/figure>\n\n\n\n<p>The gathering brought together prominent Republican figures from across Michigan, as well as professionals and entrepreneurs from Balkan, Middle Eastern and North African communities.<\/p>\n\n\n\n<p>Those present included Balkan-American entrepreneurs Filip Milivojevi\u0107, Nikola Andreevski, Milo\u0161 Mitrovi\u0107, Luka Jovanovi\u0107 and Zoran Beri\u0107, whose business activities extend across several American markets. Their companies operate in sectors that include transportation and logistics, software engineering, artificial intelligence and real estate development.<\/p>\n\n\n\n<p>Through technologies for transport optimization, digital platforms and large projects in the field of real estate, their ventures have contributed to the expansion of business and the creation of new jobs in several states. Their work reflects broader trends of technological modernization and investment in key sectors of the American economy.<\/p>\n\n\n\n<p>In addition to commercial activities, these entrepreneurs are also active participants in discussions on business and politics related to innovation, regulatory development and economic competitiveness.<\/p>\n\n\n\n<p>Discussions during the gathering focused on artificial intelligence, digital infrastructure, economic development and immigration policy. Participants emphasized the importance of balancing secure borders with legal immigration pathways that support entrepreneurship and workforce growth.<\/p>\n\n\n\n<figure class=\"wp-block-image size-full\"><img loading=\"lazy\" decoding=\"async\" width=\"734\" height=\"583\" src=\"http:\/\/serbiantimes.info\/wp-content\/uploads\/sites\/2\/2026\/03\/Goran-Petkovic-Pozivnica-Bouchard-734x1024-1.jpg\" alt=\"\" class=\"wp-image-203471\" srcset=\"https:\/\/serbiantimes.info\/en\/wp-content\/uploads\/sites\/2\/2026\/03\/Goran-Petkovic-Pozivnica-Bouchard-734x1024-1.jpg 734w, https:\/\/serbiantimes.info\/en\/wp-content\/uploads\/sites\/2\/2026\/03\/Goran-Petkovic-Pozivnica-Bouchard-734x1024-1-300x238.jpg 300w\" sizes=\"auto, (max-width: 734px) 100vw, 734px\" \/><\/figure>\n\n\n\n<p>Those present also emphasized the growing role of Balkan-American professionals in strengthening economic ties and cooperation between the United States and the countries of the Balkan region.<\/p>\n\n\n\n<figure class=\"wp-block-embed is-type-wp-embed is-provider-serbiantimes-info wp-block-embed-serbiantimes-info\"><div class=\"wp-block-embed__wrapper\">\n<blockquote class=\"wp-embedded-content\" data-secret=\"XpEwN7wuGW\"><a href=\"https:\/\/serbiantimes.info\/otvoreno-pismo-americko-srpskog-biznismena-prodaja-nis-a-madjarima-bi-bila-velika-greska-srbije-i-narusila-odnose-sa-amerikom-video\/\">OTVORENO PISMO AMERI\u010cKO-SRPSKOG BIZNISMENA: Prodaja NIS-a Ma\u0111arima bi bila velika gre\u0161ka Srbije i naru\u0161ila odnose sa Amerikom! (VIDEO)<\/a><\/blockquote><iframe loading=\"lazy\" class=\"wp-embedded-content\" sandbox=\"allow-scripts\" security=\"restricted\" style=\"position: absolute; visibility: hidden;\" title=\"&#132;OTVORENO PISMO AMERI\u010cKO-SRPSKOG BIZNISMENA: Prodaja NIS-a Ma\u0111arima bi bila velika gre\u0161ka Srbije i naru\u0161ila odnose sa Amerikom! (VIDEO)&#147; &#8212; Serbiantimes.info\" src=\"https:\/\/serbiantimes.info\/otvoreno-pismo-americko-srpskog-biznismena-prodaja-nis-a-madjarima-bi-bila-velika-greska-srbije-i-narusila-odnose-sa-amerikom-video\/embed\/#?secret=KEkuMT24y8#?secret=XpEwN7wuGW\" data-secret=\"XpEwN7wuGW\" width=\"500\" height=\"282\" frameborder=\"0\" marginwidth=\"0\" marginheight=\"0\" scrolling=\"no\"><\/iframe>\n<\/div><\/figure>\n\n\n\n<p>This event reflected the growing interaction between political candidates, business leaders and diasporas, highlighting their shared interest in economic development, innovation and participation in civic life.<\/p>\n\n\n\n<figure class=\"wp-block-image size-large\"><img loading=\"lazy\" decoding=\"async\" width=\"768\" height=\"1024\" src=\"http:\/\/serbiantimes.info\/wp-content\/uploads\/sites\/2\/2026\/03\/Goran-Petkovic-vila-768x1024.jpg\" alt=\"\" class=\"wp-image-203472\" srcset=\"https:\/\/serbiantimes.info\/en\/wp-content\/uploads\/sites\/2\/2026\/03\/Goran-Petkovic-vila-768x1024.jpg 768w, https:\/\/serbiantimes.info\/en\/wp-content\/uploads\/sites\/2\/2026\/03\/Goran-Petkovic-vila-225x300.jpg 225w, https:\/\/serbiantimes.info\/en\/wp-content\/uploads\/sites\/2\/2026\/03\/Goran-Petkovic-vila-1152x1536.jpg 1152w, https:\/\/serbiantimes.info\/en\/wp-content\/uploads\/sites\/2\/2026\/03\/Goran-Petkovic-vila-1200x1600.jpg 1200w, https:\/\/serbiantimes.info\/en\/wp-content\/uploads\/sites\/2\/2026\/03\/Goran-Petkovic-vila.jpg 1536w\" sizes=\"auto, (max-width: 768px) 100vw, 768px\" \/><\/figure>\n\n\n\n<p>LIKE IN THE WHITE HOUSE: Detail from the villa of Goran Petkovi\u0107 not far from Detroit<\/p>\n\n\n\n<h2 class=\"wp-block-heading\"><mark style=\"background-color:#FFFFFF;color:#d21414\" class=\"has-inline-color\">MORE TOPICS:<\/mark><\/h2>\n\n\n\n<p><strong><a href=\"https:\/\/serbiantimes.info\/en\/cocaine-shipments-kept-in-the-serbian-embassy-in-lisbon-a-major-scandal-shook-serbian-diplomacy-sky-messages-revealed-the-alleged-affair\/\" target=\"_blank\" rel=\"noopener\" title=\"\">COCAINE SHIPMENTS KEPT IN THE SERBIAN EMBASSY IN LISBON? A major scandal shook Serbian diplomacy, Sky messages revealed the alleged affair!<\/a><\/strong><\/p>\n\n\n\n<p><strong><a href=\"https:\/\/serbiantimes.info\/en\/israel-launched-a-ground-invasion-of-lebanon-the-army-received-orders-to-seize-additional-territory-beirut-under-heavy-bombardment\/\" target=\"_blank\" rel=\"noopener\" title=\"\">ISRAEL LAUNCHED A GROUND INVASION OF LEBANON: The army received orders to seize additional territory, Beirut under heavy bombardment!<\/a><\/strong><\/p>\n\n\n\n<p><strong><a href=\"https:\/\/serbiantimes.info\/en\/rubio-admitted-that-israel-dragged-america-into-the-war-we-knew-that-iran-would-attack-us-when-israel-attacks-them-that-is-why-we-attacked-them-first-video\/\" target=\"_blank\" rel=\"noopener\" title=\"\">RUBIO ADMITTED THAT ISRAEL DRAGGED AMERICA INTO THE WAR? \u201eWe knew that Iran would attack us when Israel attacks them, that is why we attacked them first!\u201c (VIDEO)<\/a><\/strong><\/p>\n\n\n\n<p><strong><a href=\"https:\/\/serbiantimes.info\/en\/tucker-carlson-saudis-and-qataris-arrested-mossad-agents-for-planning-bomb-attacks-israel-wants-to-destroy-the-gulf-countries-too-video\/\" target=\"_blank\" rel=\"noopener\" title=\"\">TUCKER CARLSON: Saudis and Qataris arrested Mossad agents for planning bomb attacks, Israel wants to destroy the Gulf countries too! (VIDEO)<\/a><\/strong><\/p>\n\n\n\n<p><strong><a href=\"https:\/\/serbiantimes.info\/en\/first-footage-of-serbian-citizens-evacuated-from-dubai-200-of-them-have-just-landed-at-the-belgrade-airport-photo\/\" target=\"_blank\" rel=\"noopener\" title=\"\">FIRST FOOTAGE OF SERBIAN CITIZENS EVACUATED FROM DUBAI: 200 of them have just landed at the Belgrade airport! (PHOTO)<\/a><\/strong><\/p>\n\n\n\n<p><strong><strong>Source<\/strong><\/strong>:  Serbian Times \/ <a href=\"https:\/\/firstbalkanmedia.com\/?p=1845\" title=\"\">First Balkan Media<\/a> <strong>Foto: <\/strong>Privatna arhiva<strong><a href=\"https:\/\/serbiantimes.info\/strasna-nesreca-u-novom-sadu-motociklista-udario-pesaka-na-pesackom-prelazu-veoma-uznemirujuci-snimak-video\/\" title=\"\"><br><\/a><a href=\"https:\/\/serbiantimes.info\/unistena-najveca-americka-baza-na-bliskom-istoku-iran-pogodio-radar-koji-vodi-sve-pvo-sisteme-u-regionu\/\" title=\"\"><br><\/a><a href=\"https:\/\/serbiantimes.info\/posiljke-kokaina-cuvane-u-ambasadi-srbije-u-lisabonu-veliki-skandal-potresao-srpsku-diplomatiju-skaj-poruke-razotkrile-aferu\/\" title=\"\"><br><\/a><br><\/strong><\/p>\n","protected":false},"excerpt":{"rendered":"<p>This week, a significant gathering of business leaders and community representatives originating from Serbia, the Balkans and America was held in the U.S. state of Michigan, who stood behind the campaign of congressional candidate Michael Bouchard. The host of the event was well-known Serbian businessman Goran Petkovi\u0107, and the topics of discussion at his villa [&hellip;]<\/p>\n","protected":false},"author":8,"featured_media":203473,"comment_status":"open","ping_status":"open","sticky":false,"template":"","format":"standard","meta":{"newspack_featured_image_position":"","newspack_post_subtitle":"","newspack_article_summary_title":"Overview:","newspack_article_summary":"","newspack_hide_updated_date":false,"newspack_show_updated_date":false,"footnotes":""},"categories":[5],"tags":[2103,2128,11598,4408,11599,11600,11601,11602,11603,11604,895],"class_list":["post-203469","post","type-post","status-publish","format-standard","has-post-thumbnail","hentry","category-diaspora","tag-congress","tag-filip-milivojevic","tag-gemelli-naturali","tag-goran-petkovic","tag-goran-petkovich","tag-kandidat-za-americki-kongres","tag-kongresmenka-liza-meklejn","tag-lisa-mcclain","tag-michael-bouchard","tag-michigan-gop","tag-micigen","entry"],"aioseo_notices":[],"distributor_meta":false,"distributor_terms":false,"distributor_media":false,"distributor_original_site_name":"Serbiantimes.info EN","distributor_original_site_url":"https:\/\/serbiantimes.info\/en","push-errors":false,"_links":{"self":[{"href":"https:\/\/serbiantimes.info\/en\/wp-json\/wp\/v2\/posts\/203469","targetHints":{"allow":["GET"]}}],"collection":[{"href":"https:\/\/serbiantimes.info\/en\/wp-json\/wp\/v2\/posts"}],"about":[{"href":"https:\/\/serbiantimes.info\/en\/wp-json\/wp\/v2\/types\/post"}],"author":[{"embeddable":true,"href":"https:\/\/serbiantimes.info\/en\/wp-json\/wp\/v2\/users\/8"}],"replies":[{"embeddable":true,"href":"https:\/\/serbiantimes.info\/en\/wp-json\/wp\/v2\/comments?post=203469"}],"version-history":[{"count":4,"href":"https:\/\/serbiantimes.info\/en\/wp-json\/wp\/v2\/posts\/203469\/revisions"}],"predecessor-version":[{"id":203552,"href":"https:\/\/serbiantimes.info\/en\/wp-json\/wp\/v2\/posts\/203469\/revisions\/203552"}],"wp:featuredmedia":[{"embeddable":true,"href":"https:\/\/serbiantimes.info\/en\/wp-json\/wp\/v2\/media\/203473"}],"wp:attachment":[{"href":"https:\/\/serbiantimes.info\/en\/wp-json\/wp\/v2\/media?parent=203469"}],"wp:term":[{"taxonomy":"category","embeddable":true,"href":"https:\/\/serbiantimes.info\/en\/wp-json\/wp\/v2\/categories?post=203469"},{"taxonomy":"post_tag","embeddable":true,"href":"https:\/\/serbiantimes.info\/en\/wp-json\/wp\/v2\/tags?post=203469"}],"curies":[{"name":"wp","href":"https:\/\/api.w.org\/{rel}","templated":true}]}}