{"id":203466,"date":"2026-03-06T18:22:26","date_gmt":"2026-03-06T16:22:26","guid":{"rendered":"https:\/\/serbiantimes.info\/en\/?p=203466"},"modified":"2026-03-06T18:22:27","modified_gmt":"2026-03-06T16:22:27","slug":"serbian-greek-tandem-at-indian-wells-dokovic-and-tsitsipas-decide-to-join-forces-in-doubles","status":"publish","type":"post","link":"https:\/\/serbiantimes.info\/en\/serbian-greek-tandem-at-indian-wells-dokovic-and-tsitsipas-decide-to-join-forces-in-doubles\/","title":{"rendered":"SERBIAN-GREEK TANDEM AT INDIAN WELLS: \u0110okovi\u0107 and Tsitsipas decide to join forces in doubles!"},"content":{"rendered":"\n<p class=\"wp-block-paragraph\">Interesting information is coming from the United States. Novak \u0110okovi\u0107 will compete not only in singles but also in the doubles competition at the Masters in Indian Wells. The Serbian tennis player decided to enter the second competition as well, pairing up with Stefanos Tsitsipas, which surprised many tennis fans.<\/p>\n\n\n\n<p class=\"wp-block-paragraph\">The list of pairs has brought several interesting combinations: Jannik Sinner will play with Reilly Opelka, Daniil Medvedev with Tijan Lerner, while Karen Khachanov and Andrey Rublev will form another strong pair. There are also brothers Arthur Rinderknech and Valentin Vacherot, making the competition even more intriguing.<\/p>\n\n\n\n<h4 class=\"wp-block-heading\"><mark style=\"background-color:#FFFFFF;color:#d21414\" class=\"has-inline-color\">FIND OUT MORE:<\/mark><\/h4>\n\n\n\n<figure class=\"wp-block-embed is-type-wp-embed is-provider-serbiantimes-info wp-block-embed-serbiantimes-info\"><div class=\"wp-block-embed__wrapper\">\n<blockquote class=\"wp-embedded-content\" data-secret=\"SSa9K9FFCJ\"><a href=\"https:\/\/serbiantimes.info\/ekskluzivni-intervju-tajci-pre-pobede-na-evroviziji-dozivela-sam-seksualno-nasilje-danas-pomazem-zenama-koje-su-prosle-kroz-slicne-traume-kao-i-ja-video-foto\/\">EKSKLUZIVNI INTERVJU, TAJ\u010cI: &#8222;Pre pobede na Evroviziji do\u017eivela sam seksualno nasilje, danas  poma\u017eem \u017eenama koje su pro\u0161le kroz sli\u010dne traume kao i ja (VIDEO, FOTO)<\/a><\/blockquote><iframe loading=\"lazy\" class=\"wp-embedded-content\" sandbox=\"allow-scripts\" security=\"restricted\" style=\"position: absolute; visibility: hidden;\" title=\"&#132;EKSKLUZIVNI INTERVJU, TAJ\u010cI: &#8222;Pre pobede na Evroviziji do\u017eivela sam seksualno nasilje, danas  poma\u017eem \u017eenama koje su pro\u0161le kroz sli\u010dne traume kao i ja (VIDEO, FOTO)&#147; &#8212; Serbiantimes.info\" src=\"https:\/\/serbiantimes.info\/ekskluzivni-intervju-tajci-pre-pobede-na-evroviziji-dozivela-sam-seksualno-nasilje-danas-pomazem-zenama-koje-su-prosle-kroz-slicne-traume-kao-i-ja-video-foto\/embed\/#?secret=rklR4tdSsJ#?secret=SSa9K9FFCJ\" data-secret=\"SSa9K9FFCJ\" width=\"500\" height=\"282\" frameborder=\"0\" marginwidth=\"0\" marginheight=\"0\" scrolling=\"no\"><\/iframe>\n<\/div><\/figure>\n\n\n\n<p class=\"wp-block-paragraph\">\u0110okovi\u0107 already has experience in doubles formats at the California tournaments; this will be his seventh appearance, and he went the farthest in 2019 when he reached the semifinals paired with Fabio Fognini.<\/p>\n\n\n\n<p class=\"wp-block-paragraph\">In singles, Novak had a bye in the first round of the Masters in Indian Wells, and in the second he will face Kamil Majchrzak. The Serbian tennis player said he will continue to play as long as he has the fire, passion and quality, which promises a spectacle both in singles and doubles.<\/p>\n\n\n\n<h4 class=\"wp-block-heading\"><mark style=\"background-color:#FFFFFF;color:#d21414\" class=\"has-inline-color\">MORE TOPICS:<\/mark><\/h4>\n\n\n\n<p class=\"wp-block-paragraph\"><strong><a href=\"https:\/\/serbiantimes.info\/en\/cocaine-shipments-kept-in-the-serbian-embassy-in-lisbon-a-major-scandal-shook-serbian-diplomacy-sky-messages-revealed-the-alleged-affair\/\" target=\"_blank\" rel=\"noopener\" title=\"\">COCAINE SHIPMENTS KEPT IN THE SERBIAN EMBASSY IN LISBON? A major scandal shook Serbian diplomacy, Sky messages revealed the alleged affair!<\/a><\/strong><\/p>\n\n\n\n<p class=\"wp-block-paragraph\"><strong><a href=\"https:\/\/serbiantimes.info\/en\/israel-launched-a-ground-invasion-of-lebanon-the-army-received-orders-to-seize-additional-territory-beirut-under-heavy-bombardment\/\" target=\"_blank\" rel=\"noopener\" title=\"\">ISRAEL LAUNCHED A GROUND INVASION OF LEBANON: The army received orders to seize additional territory, Beirut under heavy bombardment!<\/a><\/strong><\/p>\n\n\n\n<p class=\"wp-block-paragraph\"><strong><a href=\"https:\/\/serbiantimes.info\/en\/rubio-admitted-that-israel-dragged-america-into-the-war-we-knew-that-iran-would-attack-us-when-israel-attacks-them-that-is-why-we-attacked-them-first-video\/\" target=\"_blank\" rel=\"noopener\" title=\"\">RUBIO ADMITTED THAT ISRAEL DRAGGED AMERICA INTO THE WAR? \u201eWe knew that Iran would attack us when Israel attacks them, that is why we attacked them first!\u201c (VIDEO)<\/a><\/strong><\/p>\n\n\n\n<p class=\"wp-block-paragraph\"><strong><a href=\"https:\/\/serbiantimes.info\/en\/tucker-carlson-saudis-and-qataris-arrested-mossad-agents-for-planning-bomb-attacks-israel-wants-to-destroy-the-gulf-countries-too-video\/\" target=\"_blank\" rel=\"noopener\" title=\"\">TUCKER CARLSON: Saudis and Qataris arrested Mossad agents for planning bomb attacks, Israel wants to destroy the Gulf countries too! (VIDEO)<\/a><\/strong><\/p>\n\n\n\n<p class=\"wp-block-paragraph\"><strong><a href=\"https:\/\/serbiantimes.info\/en\/first-footage-of-serbian-citizens-evacuated-from-dubai-200-of-them-have-just-landed-at-the-belgrade-airport-photo\/\" target=\"_blank\" rel=\"noopener\" title=\"\">FIRST FOOTAGE OF SERBIAN CITIZENS EVACUATED FROM DUBAI: 200 of them have just landed at the Belgrade airport! (PHOTO)<\/a><\/strong><\/p>\n\n\n\n<p class=\"wp-block-paragraph\"><strong><strong>Source<\/strong><\/strong>: <a href=\"https:\/\/www.euronews.rs\/sport\/tenis\/213374\/novak-se-prijavio-za-dubl-u-indijan-velsu\/vest\" target=\"_blank\" rel=\"noopener\" title=\"\">Euronews<\/a>; <strong>Foto<\/strong>: AP<\/p>\n","protected":false},"excerpt":{"rendered":"<p>Interesting information is coming from the United States. Novak \u0110okovi\u0107 will compete not only in singles but also in the doubles competition at the Masters in Indian Wells. The Serbian tennis player decided to enter the second competition as well, pairing up with Stefanos Tsitsipas, which surprised many tennis fans. The list of pairs has [&hellip;]<\/p>\n","protected":false},"author":2169,"featured_media":203467,"comment_status":"open","ping_status":"open","sticky":false,"template":"","format":"standard","meta":{"newspack_featured_image_position":"","newspack_post_subtitle":"","newspack_article_summary_title":"Overview:","newspack_article_summary":"","newspack_hide_updated_date":false,"newspack_show_updated_date":false,"footnotes":""},"categories":[10],"tags":[71,5398,1032,91,113,3165,252],"class_list":["post-203466","post","type-post","status-publish","format-standard","has-post-thumbnail","hentry","category-sport","tag-amerika","tag-indijan-vels","tag-novak-dokovic-2","tag-sport","tag-srbija","tag-stefanos-cicipas","tag-tenis","entry"],"aioseo_notices":[],"aioseo_head":"\n\t\t<!-- All in One SEO 5.0.1.1 - aioseo.com -->\n\t<meta name=\"description\" content=\"Interesting information is coming from the United States. Novak \u0110okovi\u0107 will compete not only in singles but also in the doubles competition at the Masters in Indian Wells. The Serbian tennis player decided to enter the second competition as well, pairing up with Stefanos Tsitsipas, which surprised many tennis fans. The list of pairs has\" \/>\n\t<meta name=\"robots\" content=\"max-image-preview:large\" \/>\n\t<meta name=\"author\" content=\"Serbian Times\"\/>\n\t<link rel=\"canonical\" href=\"https:\/\/serbiantimes.info\/en\/serbian-greek-tandem-at-indian-wells-dokovic-and-tsitsipas-decide-to-join-forces-in-doubles\/\" \/>\n\t<meta name=\"generator\" content=\"All in One SEO (AIOSEO) 5.0.1.1\" \/>\n\t\t<meta property=\"og:locale\" content=\"en_US\" \/>\n\t\t<meta property=\"og:site_name\" content=\"Serbiantimes.info EN |\" \/>\n\t\t<meta property=\"og:type\" content=\"article\" \/>\n\t\t<meta property=\"og:title\" content=\"SERBIAN-GREEK TANDEM AT INDIAN WELLS: \u0110okovi\u0107 and Tsitsipas decide to join forces in doubles! | Serbiantimes.info EN\" \/>\n\t\t<meta property=\"og:description\" content=\"Interesting information is coming from the United States. Novak \u0110okovi\u0107 will compete not only in singles but also in the doubles competition at the Masters in Indian Wells. The Serbian tennis player decided to enter the second competition as well, pairing up with Stefanos Tsitsipas, which surprised many tennis fans. The list of pairs has\" \/>\n\t\t<meta property=\"og:url\" content=\"https:\/\/serbiantimes.info\/en\/serbian-greek-tandem-at-indian-wells-dokovic-and-tsitsipas-decide-to-join-forces-in-doubles\/\" \/>\n\t\t<meta property=\"og:image\" content=\"https:\/\/serbiantimes.info\/en\/wp-content\/uploads\/sites\/2\/2026\/03\/ST-Montaze-2026-03-06T094156.345.jpg\" \/>\n\t\t<meta property=\"og:image:secure_url\" content=\"https:\/\/serbiantimes.info\/en\/wp-content\/uploads\/sites\/2\/2026\/03\/ST-Montaze-2026-03-06T094156.345.jpg\" \/>\n\t\t<meta property=\"og:image:width\" content=\"1200\" \/>\n\t\t<meta property=\"og:image:height\" content=\"750\" \/>\n\t\t<meta property=\"article:published_time\" content=\"2026-03-06T16:22:26+00:00\" \/>\n\t\t<meta property=\"article:modified_time\" content=\"2026-03-06T16:22:27+00:00\" \/>\n\t\t<meta name=\"twitter:card\" content=\"summary_large_image\" \/>\n\t\t<meta name=\"twitter:title\" content=\"SERBIAN-GREEK TANDEM AT INDIAN WELLS: \u0110okovi\u0107 and Tsitsipas decide to join forces in doubles! | Serbiantimes.info EN\" \/>\n\t\t<meta name=\"twitter:description\" content=\"Interesting information is coming from the United States. Novak \u0110okovi\u0107 will compete not only in singles but also in the doubles competition at the Masters in Indian Wells. The Serbian tennis player decided to enter the second competition as well, pairing up with Stefanos Tsitsipas, which surprised many tennis fans. The list of pairs has\" \/>\n\t\t<meta name=\"twitter:image\" content=\"https:\/\/serbiantimes.info\/en\/wp-content\/uploads\/sites\/2\/2026\/03\/ST-Montaze-2026-03-06T094156.345.jpg\" \/>\n\t\t<script type=\"application\/ld+json\" class=\"aioseo-schema\">\n\t\t\t{\"@context\":\"https:\\\/\\\/schema.org\",\"@graph\":[{\"@type\":\"BlogPosting\",\"@id\":\"https:\\\/\\\/serbiantimes.info\\\/en\\\/serbian-greek-tandem-at-indian-wells-dokovic-and-tsitsipas-decide-to-join-forces-in-doubles\\\/#blogposting\",\"name\":\"SERBIAN-GREEK TANDEM AT INDIAN WELLS: \\u0110okovi\\u0107 and Tsitsipas decide to join forces in doubles! | Serbiantimes.info EN\",\"headline\":\"SERBIAN-GREEK TANDEM AT INDIAN WELLS: \\u0110okovi\\u0107 and Tsitsipas decide to join forces in doubles!\",\"author\":{\"@id\":\"https:\\\/\\\/serbiantimes.info\\\/en\\\/author\\\/serbiantimes-portal\\\/#author\"},\"publisher\":{\"@id\":\"https:\\\/\\\/serbiantimes.info\\\/en\\\/#organization\"},\"image\":{\"@type\":\"ImageObject\",\"url\":\"https:\\\/\\\/serbiantimes.info\\\/en\\\/wp-content\\\/uploads\\\/sites\\\/2\\\/2026\\\/03\\\/ST-Montaze-2026-03-06T094156.345.jpg\",\"width\":1200,\"height\":750},\"datePublished\":\"2026-03-06T18:22:26+02:00\",\"dateModified\":\"2026-03-06T18:22:27+02:00\",\"inLanguage\":\"en-US\",\"mainEntityOfPage\":{\"@id\":\"https:\\\/\\\/serbiantimes.info\\\/en\\\/serbian-greek-tandem-at-indian-wells-dokovic-and-tsitsipas-decide-to-join-forces-in-doubles\\\/#webpage\"},\"isPartOf\":{\"@id\":\"https:\\\/\\\/serbiantimes.info\\\/en\\\/serbian-greek-tandem-at-indian-wells-dokovic-and-tsitsipas-decide-to-join-forces-in-doubles\\\/#webpage\"},\"articleSection\":\"SPORT, Amerika, Indijan Vels, nOVAK \\u0111OKOVI\\u0106, sport, Srbija, stefanos cicipas, tenis\"},{\"@type\":\"BreadcrumbList\",\"@id\":\"https:\\\/\\\/serbiantimes.info\\\/en\\\/serbian-greek-tandem-at-indian-wells-dokovic-and-tsitsipas-decide-to-join-forces-in-doubles\\\/#breadcrumblist\",\"itemListElement\":[{\"@type\":\"ListItem\",\"@id\":\"https:\\\/\\\/serbiantimes.info\\\/en#listItem\",\"position\":1,\"name\":\"Home\",\"item\":\"https:\\\/\\\/serbiantimes.info\\\/en\",\"nextItem\":{\"@type\":\"ListItem\",\"@id\":\"https:\\\/\\\/serbiantimes.info\\\/en\\\/category\\\/sport\\\/#listItem\",\"name\":\"SPORT\"}},{\"@type\":\"ListItem\",\"@id\":\"https:\\\/\\\/serbiantimes.info\\\/en\\\/category\\\/sport\\\/#listItem\",\"position\":2,\"name\":\"SPORT\",\"item\":\"https:\\\/\\\/serbiantimes.info\\\/en\\\/category\\\/sport\\\/\",\"nextItem\":{\"@type\":\"ListItem\",\"@id\":\"https:\\\/\\\/serbiantimes.info\\\/en\\\/serbian-greek-tandem-at-indian-wells-dokovic-and-tsitsipas-decide-to-join-forces-in-doubles\\\/#listItem\",\"name\":\"SERBIAN-GREEK TANDEM AT INDIAN WELLS: \\u0110okovi\\u0107 and Tsitsipas decide to join forces in doubles!\"},\"previousItem\":{\"@type\":\"ListItem\",\"@id\":\"https:\\\/\\\/serbiantimes.info\\\/en#listItem\",\"name\":\"Home\"}},{\"@type\":\"ListItem\",\"@id\":\"https:\\\/\\\/serbiantimes.info\\\/en\\\/serbian-greek-tandem-at-indian-wells-dokovic-and-tsitsipas-decide-to-join-forces-in-doubles\\\/#listItem\",\"position\":3,\"name\":\"SERBIAN-GREEK TANDEM AT INDIAN WELLS: \\u0110okovi\\u0107 and Tsitsipas decide to join forces in doubles!\",\"previousItem\":{\"@type\":\"ListItem\",\"@id\":\"https:\\\/\\\/serbiantimes.info\\\/en\\\/category\\\/sport\\\/#listItem\",\"name\":\"SPORT\"}}]},{\"@type\":\"Organization\",\"@id\":\"https:\\\/\\\/serbiantimes.info\\\/en\\\/#organization\",\"name\":\"Serbiantimes.info EN\",\"url\":\"https:\\\/\\\/serbiantimes.info\\\/en\\\/\",\"logo\":{\"@type\":\"ImageObject\",\"url\":\"https:\\\/\\\/serbiantimes.info\\\/en\\\/wp-content\\\/uploads\\\/sites\\\/2\\\/2024\\\/10\\\/cropped-cropped-Serbian-Times-Header-Logo-1.png\",\"@id\":\"https:\\\/\\\/serbiantimes.info\\\/en\\\/serbian-greek-tandem-at-indian-wells-dokovic-and-tsitsipas-decide-to-join-forces-in-doubles\\\/#organizationLogo\",\"width\":480,\"height\":100},\"image\":{\"@id\":\"https:\\\/\\\/serbiantimes.info\\\/en\\\/serbian-greek-tandem-at-indian-wells-dokovic-and-tsitsipas-decide-to-join-forces-in-doubles\\\/#organizationLogo\"}},{\"@type\":\"Person\",\"@id\":\"https:\\\/\\\/serbiantimes.info\\\/en\\\/author\\\/serbiantimes-portal\\\/#author\",\"url\":\"https:\\\/\\\/serbiantimes.info\\\/en\\\/author\\\/serbiantimes-portal\\\/\",\"name\":\"Serbian Times\",\"image\":{\"@type\":\"ImageObject\",\"@id\":\"https:\\\/\\\/serbiantimes.info\\\/en\\\/serbian-greek-tandem-at-indian-wells-dokovic-and-tsitsipas-decide-to-join-forces-in-doubles\\\/#authorImage\",\"url\":\"https:\\\/\\\/secure.gravatar.com\\\/avatar\\\/ea76e009769270b4193e2bc7e032c096b4ae135483ec03b396fd0f520bc3dcfd?s=96&d=mm&r=g\",\"width\":96,\"height\":96,\"caption\":\"Serbian Times\"}},{\"@type\":\"WebPage\",\"@id\":\"https:\\\/\\\/serbiantimes.info\\\/en\\\/serbian-greek-tandem-at-indian-wells-dokovic-and-tsitsipas-decide-to-join-forces-in-doubles\\\/#webpage\",\"url\":\"https:\\\/\\\/serbiantimes.info\\\/en\\\/serbian-greek-tandem-at-indian-wells-dokovic-and-tsitsipas-decide-to-join-forces-in-doubles\\\/\",\"name\":\"SERBIAN-GREEK TANDEM AT INDIAN WELLS: \\u0110okovi\\u0107 and Tsitsipas decide to join forces in doubles! | Serbiantimes.info EN\",\"description\":\"Interesting information is coming from the United States. Novak \\u0110okovi\\u0107 will compete not only in singles but also in the doubles competition at the Masters in Indian Wells. The Serbian tennis player decided to enter the second competition as well, pairing up with Stefanos Tsitsipas, which surprised many tennis fans. The list of pairs has\",\"inLanguage\":\"en-US\",\"isPartOf\":{\"@id\":\"https:\\\/\\\/serbiantimes.info\\\/en\\\/#website\"},\"breadcrumb\":{\"@id\":\"https:\\\/\\\/serbiantimes.info\\\/en\\\/serbian-greek-tandem-at-indian-wells-dokovic-and-tsitsipas-decide-to-join-forces-in-doubles\\\/#breadcrumblist\"},\"author\":{\"@id\":\"https:\\\/\\\/serbiantimes.info\\\/en\\\/author\\\/serbiantimes-portal\\\/#author\"},\"creator\":{\"@id\":\"https:\\\/\\\/serbiantimes.info\\\/en\\\/author\\\/serbiantimes-portal\\\/#author\"},\"image\":{\"@type\":\"ImageObject\",\"url\":\"https:\\\/\\\/serbiantimes.info\\\/en\\\/wp-content\\\/uploads\\\/sites\\\/2\\\/2026\\\/03\\\/ST-Montaze-2026-03-06T094156.345.jpg\",\"@id\":\"https:\\\/\\\/serbiantimes.info\\\/en\\\/serbian-greek-tandem-at-indian-wells-dokovic-and-tsitsipas-decide-to-join-forces-in-doubles\\\/#mainImage\",\"width\":1200,\"height\":750},\"primaryImageOfPage\":{\"@id\":\"https:\\\/\\\/serbiantimes.info\\\/en\\\/serbian-greek-tandem-at-indian-wells-dokovic-and-tsitsipas-decide-to-join-forces-in-doubles\\\/#mainImage\"},\"datePublished\":\"2026-03-06T18:22:26+02:00\",\"dateModified\":\"2026-03-06T18:22:27+02:00\"},{\"@type\":\"WebSite\",\"@id\":\"https:\\\/\\\/serbiantimes.info\\\/en\\\/#website\",\"url\":\"https:\\\/\\\/serbiantimes.info\\\/en\\\/\",\"name\":\"Serbiantimes.info EN\",\"inLanguage\":\"en-US\",\"publisher\":{\"@id\":\"https:\\\/\\\/serbiantimes.info\\\/en\\\/#organization\"}}]}\n\t\t<\/script>\n\t\t<!-- All in One SEO -->\n\n","aioseo_head_json":{"title":"SERBIAN-GREEK TANDEM AT INDIAN WELLS: \u0110okovi\u0107 and Tsitsipas decide to join forces in doubles! | Serbiantimes.info EN","description":"Interesting information is coming from the United States. Novak \u0110okovi\u0107 will compete not only in singles but also in the doubles competition at the Masters in Indian Wells. The Serbian tennis player decided to enter the second competition as well, pairing up with Stefanos Tsitsipas, which surprised many tennis fans. The list of pairs has","canonical_url":"https:\/\/serbiantimes.info\/en\/serbian-greek-tandem-at-indian-wells-dokovic-and-tsitsipas-decide-to-join-forces-in-doubles\/","robots":"max-image-preview:large","keywords":"","webmasterTools":{"miscellaneous":""},"schema":{"@context":"https:\/\/schema.org","@graph":[{"@type":"BlogPosting","@id":"https:\/\/serbiantimes.info\/en\/serbian-greek-tandem-at-indian-wells-dokovic-and-tsitsipas-decide-to-join-forces-in-doubles\/#blogposting","name":"SERBIAN-GREEK TANDEM AT INDIAN WELLS: \u0110okovi\u0107 and Tsitsipas decide to join forces in doubles! | Serbiantimes.info EN","headline":"SERBIAN-GREEK TANDEM AT INDIAN WELLS: \u0110okovi\u0107 and Tsitsipas decide to join forces in doubles!","author":{"@id":"https:\/\/serbiantimes.info\/en\/author\/serbiantimes-portal\/#author"},"publisher":{"@id":"https:\/\/serbiantimes.info\/en\/#organization"},"image":{"@type":"ImageObject","url":"https:\/\/serbiantimes.info\/en\/wp-content\/uploads\/sites\/2\/2026\/03\/ST-Montaze-2026-03-06T094156.345.jpg","width":1200,"height":750},"datePublished":"2026-03-06T18:22:26+02:00","dateModified":"2026-03-06T18:22:27+02:00","inLanguage":"en-US","mainEntityOfPage":{"@id":"https:\/\/serbiantimes.info\/en\/serbian-greek-tandem-at-indian-wells-dokovic-and-tsitsipas-decide-to-join-forces-in-doubles\/#webpage"},"isPartOf":{"@id":"https:\/\/serbiantimes.info\/en\/serbian-greek-tandem-at-indian-wells-dokovic-and-tsitsipas-decide-to-join-forces-in-doubles\/#webpage"},"articleSection":"SPORT, Amerika, Indijan Vels, nOVAK \u0111OKOVI\u0106, sport, Srbija, stefanos cicipas, tenis"},{"@type":"BreadcrumbList","@id":"https:\/\/serbiantimes.info\/en\/serbian-greek-tandem-at-indian-wells-dokovic-and-tsitsipas-decide-to-join-forces-in-doubles\/#breadcrumblist","itemListElement":[{"@type":"ListItem","@id":"https:\/\/serbiantimes.info\/en#listItem","position":1,"name":"Home","item":"https:\/\/serbiantimes.info\/en","nextItem":{"@type":"ListItem","@id":"https:\/\/serbiantimes.info\/en\/category\/sport\/#listItem","name":"SPORT"}},{"@type":"ListItem","@id":"https:\/\/serbiantimes.info\/en\/category\/sport\/#listItem","position":2,"name":"SPORT","item":"https:\/\/serbiantimes.info\/en\/category\/sport\/","nextItem":{"@type":"ListItem","@id":"https:\/\/serbiantimes.info\/en\/serbian-greek-tandem-at-indian-wells-dokovic-and-tsitsipas-decide-to-join-forces-in-doubles\/#listItem","name":"SERBIAN-GREEK TANDEM AT INDIAN WELLS: \u0110okovi\u0107 and Tsitsipas decide to join forces in doubles!"},"previousItem":{"@type":"ListItem","@id":"https:\/\/serbiantimes.info\/en#listItem","name":"Home"}},{"@type":"ListItem","@id":"https:\/\/serbiantimes.info\/en\/serbian-greek-tandem-at-indian-wells-dokovic-and-tsitsipas-decide-to-join-forces-in-doubles\/#listItem","position":3,"name":"SERBIAN-GREEK TANDEM AT INDIAN WELLS: \u0110okovi\u0107 and Tsitsipas decide to join forces in doubles!","previousItem":{"@type":"ListItem","@id":"https:\/\/serbiantimes.info\/en\/category\/sport\/#listItem","name":"SPORT"}}]},{"@type":"Organization","@id":"https:\/\/serbiantimes.info\/en\/#organization","name":"Serbiantimes.info EN","url":"https:\/\/serbiantimes.info\/en\/","logo":{"@type":"ImageObject","url":"https:\/\/serbiantimes.info\/en\/wp-content\/uploads\/sites\/2\/2024\/10\/cropped-cropped-Serbian-Times-Header-Logo-1.png","@id":"https:\/\/serbiantimes.info\/en\/serbian-greek-tandem-at-indian-wells-dokovic-and-tsitsipas-decide-to-join-forces-in-doubles\/#organizationLogo","width":480,"height":100},"image":{"@id":"https:\/\/serbiantimes.info\/en\/serbian-greek-tandem-at-indian-wells-dokovic-and-tsitsipas-decide-to-join-forces-in-doubles\/#organizationLogo"}},{"@type":"Person","@id":"https:\/\/serbiantimes.info\/en\/author\/serbiantimes-portal\/#author","url":"https:\/\/serbiantimes.info\/en\/author\/serbiantimes-portal\/","name":"Serbian Times","image":{"@type":"ImageObject","@id":"https:\/\/serbiantimes.info\/en\/serbian-greek-tandem-at-indian-wells-dokovic-and-tsitsipas-decide-to-join-forces-in-doubles\/#authorImage","url":"https:\/\/secure.gravatar.com\/avatar\/ea76e009769270b4193e2bc7e032c096b4ae135483ec03b396fd0f520bc3dcfd?s=96&d=mm&r=g","width":96,"height":96,"caption":"Serbian Times"}},{"@type":"WebPage","@id":"https:\/\/serbiantimes.info\/en\/serbian-greek-tandem-at-indian-wells-dokovic-and-tsitsipas-decide-to-join-forces-in-doubles\/#webpage","url":"https:\/\/serbiantimes.info\/en\/serbian-greek-tandem-at-indian-wells-dokovic-and-tsitsipas-decide-to-join-forces-in-doubles\/","name":"SERBIAN-GREEK TANDEM AT INDIAN WELLS: \u0110okovi\u0107 and Tsitsipas decide to join forces in doubles! | Serbiantimes.info EN","description":"Interesting information is coming from the United States. Novak \u0110okovi\u0107 will compete not only in singles but also in the doubles competition at the Masters in Indian Wells. The Serbian tennis player decided to enter the second competition as well, pairing up with Stefanos Tsitsipas, which surprised many tennis fans. The list of pairs has","inLanguage":"en-US","isPartOf":{"@id":"https:\/\/serbiantimes.info\/en\/#website"},"breadcrumb":{"@id":"https:\/\/serbiantimes.info\/en\/serbian-greek-tandem-at-indian-wells-dokovic-and-tsitsipas-decide-to-join-forces-in-doubles\/#breadcrumblist"},"author":{"@id":"https:\/\/serbiantimes.info\/en\/author\/serbiantimes-portal\/#author"},"creator":{"@id":"https:\/\/serbiantimes.info\/en\/author\/serbiantimes-portal\/#author"},"image":{"@type":"ImageObject","url":"https:\/\/serbiantimes.info\/en\/wp-content\/uploads\/sites\/2\/2026\/03\/ST-Montaze-2026-03-06T094156.345.jpg","@id":"https:\/\/serbiantimes.info\/en\/serbian-greek-tandem-at-indian-wells-dokovic-and-tsitsipas-decide-to-join-forces-in-doubles\/#mainImage","width":1200,"height":750},"primaryImageOfPage":{"@id":"https:\/\/serbiantimes.info\/en\/serbian-greek-tandem-at-indian-wells-dokovic-and-tsitsipas-decide-to-join-forces-in-doubles\/#mainImage"},"datePublished":"2026-03-06T18:22:26+02:00","dateModified":"2026-03-06T18:22:27+02:00"},{"@type":"WebSite","@id":"https:\/\/serbiantimes.info\/en\/#website","url":"https:\/\/serbiantimes.info\/en\/","name":"Serbiantimes.info EN","inLanguage":"en-US","publisher":{"@id":"https:\/\/serbiantimes.info\/en\/#organization"}}]},"og:locale":"en_US","og:site_name":"Serbiantimes.info EN |","og:type":"article","og:title":"SERBIAN-GREEK TANDEM AT INDIAN WELLS: \u0110okovi\u0107 and Tsitsipas decide to join forces in doubles! | Serbiantimes.info EN","og:description":"Interesting information is coming from the United States. Novak \u0110okovi\u0107 will compete not only in singles but also in the doubles competition at the Masters in Indian Wells. The Serbian tennis player decided to enter the second competition as well, pairing up with Stefanos Tsitsipas, which surprised many tennis fans. The list of pairs has","og:url":"https:\/\/serbiantimes.info\/en\/serbian-greek-tandem-at-indian-wells-dokovic-and-tsitsipas-decide-to-join-forces-in-doubles\/","og:image":"https:\/\/serbiantimes.info\/en\/wp-content\/uploads\/sites\/2\/2026\/03\/ST-Montaze-2026-03-06T094156.345.jpg","og:image:secure_url":"https:\/\/serbiantimes.info\/en\/wp-content\/uploads\/sites\/2\/2026\/03\/ST-Montaze-2026-03-06T094156.345.jpg","og:image:width":1200,"og:image:height":750,"article:published_time":"2026-03-06T16:22:26+00:00","article:modified_time":"2026-03-06T16:22:27+00:00","twitter:card":"summary_large_image","twitter:title":"SERBIAN-GREEK TANDEM AT INDIAN WELLS: \u0110okovi\u0107 and Tsitsipas decide to join forces in doubles! | Serbiantimes.info EN","twitter:description":"Interesting information is coming from the United States. Novak \u0110okovi\u0107 will compete not only in singles but also in the doubles competition at the Masters in Indian Wells. The Serbian tennis player decided to enter the second competition as well, pairing up with Stefanos Tsitsipas, which surprised many tennis fans. The list of pairs has","twitter:image":"https:\/\/serbiantimes.info\/en\/wp-content\/uploads\/sites\/2\/2026\/03\/ST-Montaze-2026-03-06T094156.345.jpg"},"aioseo_meta_data":{"post_id":"203466","title":null,"description":null,"keywords":null,"keyphrases":{"focus":{"keyphrase":"","score":0,"analysis":{"keyphraseInTitle":{"score":0,"maxScore":9,"error":1}}},"additional":[]},"primary_term":null,"canonical_url":null,"og_title":null,"og_description":null,"og_object_type":"default","og_image_type":"default","og_image_url":null,"og_image_width":null,"og_image_height":null,"og_image_custom_url":null,"og_image_custom_fields":null,"og_video":"","og_custom_url":null,"og_article_section":null,"og_article_tags":null,"twitter_use_og":false,"twitter_card":"default","twitter_image_type":"default","twitter_image_url":null,"twitter_image_custom_url":null,"twitter_image_custom_fields":null,"twitter_title":null,"twitter_description":null,"schema":{"blockGraphs":[],"customGraphs":[],"default":{"data":{"Article":[],"Course":[],"Dataset":[],"FAQPage":[],"Movie":[],"Person":[],"Product":[],"ProductReview":[],"Car":[],"Recipe":[],"Service":[],"SoftwareApplication":[],"WebPage":[]},"graphName":"BlogPosting","isEnabled":true},"graphs":[]},"schema_type":"default","schema_type_options":null,"pillar_content":false,"robots_default":true,"robots_noindex":false,"robots_noarchive":false,"robots_nosnippet":false,"robots_nofollow":false,"robots_noimageindex":false,"robots_noodp":false,"robots_notranslate":false,"robots_max_snippet":"-1","robots_max_videopreview":"-1","robots_max_imagepreview":"large","priority":null,"frequency":"default","local_seo":null,"breadcrumb_settings":null,"limit_modified_date":false,"ai":{"faqs":[],"keyPoints":[],"titles":[],"descriptions":[],"socialPosts":{"email":[],"linkedin":[],"twitter":[],"facebook":[],"instagram":[]}},"created":"2026-03-06 16:17:47","updated":"2026-03-06 16:31:51","focus_keyword":null,"additional_keywords":null,"truseo_locale":null,"seo_analyzer_scan_date":null},"aioseo_breadcrumb":"<div class=\"aioseo-breadcrumbs\"><span class=\"aioseo-breadcrumb\">\n\t\t\t<a href=\"https:\/\/serbiantimes.info\/en\" title=\"Home\">Home<\/a>\n\t\t<\/span><span class=\"aioseo-breadcrumb-separator\">&raquo;<\/span><span class=\"aioseo-breadcrumb\">\n\t\t\t<a href=\"https:\/\/serbiantimes.info\/en\/category\/sport\/\" title=\"SPORT\">SPORT<\/a>\n\t\t<\/span><span class=\"aioseo-breadcrumb-separator\">&raquo;<\/span><span class=\"aioseo-breadcrumb\">\n\t\t\tSERBIAN-GREEK TANDEM AT INDIAN WELLS: \u0110okovi\u0107 and Tsitsipas decide to join forces in doubles!\n\t\t<\/span><\/div>","aioseo_breadcrumb_json":[{"label":"Home","link":"https:\/\/serbiantimes.info\/en"},{"label":"SPORT","link":"https:\/\/serbiantimes.info\/en\/category\/sport\/"},{"label":"SERBIAN-GREEK TANDEM AT INDIAN WELLS: \u0110okovi\u0107 and Tsitsipas decide to join forces in doubles!","link":"https:\/\/serbiantimes.info\/en\/serbian-greek-tandem-at-indian-wells-dokovic-and-tsitsipas-decide-to-join-forces-in-doubles\/"}],"distributor_meta":false,"distributor_terms":false,"distributor_media":false,"distributor_original_site_name":"Serbiantimes.info EN","distributor_original_site_url":"https:\/\/serbiantimes.info\/en","push-errors":false,"_links":{"self":[{"href":"https:\/\/serbiantimes.info\/en\/wp-json\/wp\/v2\/posts\/203466","targetHints":{"allow":["GET"]}}],"collection":[{"href":"https:\/\/serbiantimes.info\/en\/wp-json\/wp\/v2\/posts"}],"about":[{"href":"https:\/\/serbiantimes.info\/en\/wp-json\/wp\/v2\/types\/post"}],"author":[{"embeddable":true,"href":"https:\/\/serbiantimes.info\/en\/wp-json\/wp\/v2\/users\/2169"}],"replies":[{"embeddable":true,"href":"https:\/\/serbiantimes.info\/en\/wp-json\/wp\/v2\/comments?post=203466"}],"version-history":[{"count":2,"href":"https:\/\/serbiantimes.info\/en\/wp-json\/wp\/v2\/posts\/203466\/revisions"}],"predecessor-version":[{"id":203526,"href":"https:\/\/serbiantimes.info\/en\/wp-json\/wp\/v2\/posts\/203466\/revisions\/203526"}],"wp:featuredmedia":[{"embeddable":true,"href":"https:\/\/serbiantimes.info\/en\/wp-json\/wp\/v2\/media\/203467"}],"wp:attachment":[{"href":"https:\/\/serbiantimes.info\/en\/wp-json\/wp\/v2\/media?parent=203466"}],"wp:term":[{"taxonomy":"category","embeddable":true,"href":"https:\/\/serbiantimes.info\/en\/wp-json\/wp\/v2\/categories?post=203466"},{"taxonomy":"post_tag","embeddable":true,"href":"https:\/\/serbiantimes.info\/en\/wp-json\/wp\/v2\/tags?post=203466"}],"curies":[{"name":"wp","href":"https:\/\/api.w.org\/{rel}","templated":true}]}}