{"id":203358,"date":"2026-03-05T19:30:06","date_gmt":"2026-03-05T17:30:06","guid":{"rendered":"https:\/\/serbiantimes.info\/en\/?p=203358"},"modified":"2026-03-05T19:30:07","modified_gmt":"2026-03-05T17:30:07","slug":"court-in-niksic-rejects-appeals-aco-dukanovic-remains-in-custody-there-is-a-real-risk-of-flight","status":"publish","type":"post","link":"https:\/\/serbiantimes.info\/en\/court-in-niksic-rejects-appeals-aco-dukanovic-remains-in-custody-there-is-a-real-risk-of-flight\/","title":{"rendered":"COURT IN NIK\u0160I\u0106 REJECTS APPEALS: Aco \u0110ukanovi\u0107 remains in custody, there is a \u201creal risk of flight\u201d!"},"content":{"rendered":"\n<p>The Criminal Panel of the Basic Court in Nik\u0161i\u0107 has rejected the appeals of Aco \u0110ukanovi\u0107\u2019s lawyers and confirmed the decision to place him in custody on suspicion of illegal possession and carrying of weapons and explosive materials.<\/p>\n\n\n\n<p>The panel dismissed as unfounded the appeals filed by \u0110ukanovi\u0107\u2019s defense against the decision of the investigating judge, which had ordered his detention.<\/p>\n\n\n\n<p>\u0110ukanovi\u0107 was placed in custody due to a well-founded suspicion that he committed the criminal offense of illegal possession and carrying of weapons and explosive materials. According to the court\u2019s decision, the detention was ordered based on the risk of flight.<\/p>\n\n\n\n<p>The court determined that there is a reasonable suspicion that \u0110ukanovi\u0107 committed the offense, which, as stated, is supported by evidence collected during the search of his home in the Rastoci settlement near Nik\u0161i\u0107.<\/p>\n\n\n\n<p>The reasoning of the decision notes that the circumstances of the case indicate a real risk of flight if the defendant were allowed to defend himself while free.<\/p>\n\n\n\n<p>The court took into account that \u0110ukanovi\u0107 has previously spent extended periods abroad, including stays longer than three months, and that he possesses significant financial resources.<\/p>\n\n\n\n<p>\u201cRecords indicate that the defendant\u2019s last stay abroad lasted 103 consecutive days, which exceeds three months. Such a duration cannot be considered a short-term trip but indicates the ability to organize life outside the country for an extended period, as well as a certain level of personal and social contacts abroad. In this context, the frequency and duration of these stays represent an objective indicator of the defendant\u2019s mobility and international connections. Therefore, the panel finds that the defendant\u2019s financial means, considered together with his prior patterns of travel and stays abroad, are not hypothetical or abstract but a concrete factor affecting the assessment of the risk that he may be unavailable to the court if released,\u201d the court panel explained.<\/p>\n\n\n\n<figure class=\"wp-block-embed is-type-video is-provider-youtube wp-block-embed-youtube wp-embed-aspect-16-9 wp-has-aspect-ratio\"><div class=\"wp-block-embed__wrapper\">\n<iframe loading=\"lazy\" title=\"Aco \u0110ukanovi\u0107 priveden na saslu\u0161anje u Osnovno dr\u017eavno tu\u017eila\u0161tvo u Nik\u0161i\u0107u\" width=\"500\" height=\"281\" src=\"https:\/\/www.youtube.com\/embed\/ZNFUOcN_UZc?feature=oembed\" frameborder=\"0\" allow=\"accelerometer; autoplay; clipboard-write; encrypted-media; gyroscope; picture-in-picture; web-share\" referrerpolicy=\"strict-origin-when-cross-origin\" allowfullscreen><\/iframe>\n<\/div><\/figure>\n\n\n\n<p>The court also determined that the purpose of ensuring the defendant\u2019s presence in proceedings cannot be achieved through milder measures, such as confiscation of a passport or other supervision measures.<\/p>\n\n\n\n<p>For these reasons, the panel decided to reject the defense appeals and confirm the detention order. No appeal is allowed against this decision.<\/p>\n\n\n\n<h4 class=\"wp-block-heading\"><mark style=\"background-color:#FFFFFF;color:#d21414\" class=\"has-inline-color\">MORE TOPICS:<\/mark><\/h4>\n\n\n\n<p><strong><a href=\"https:\/\/serbiantimes.info\/en\/cocaine-shipments-kept-in-the-serbian-embassy-in-lisbon-a-major-scandal-shook-serbian-diplomacy-sky-messages-revealed-the-alleged-affair\/\" target=\"_blank\" rel=\"noopener\" title=\"\">COCAINE SHIPMENTS KEPT IN THE SERBIAN EMBASSY IN LISBON? A major scandal shook Serbian diplomacy, Sky messages revealed the alleged affair!<\/a><\/strong><\/p>\n\n\n\n<p><strong><a href=\"https:\/\/serbiantimes.info\/en\/israel-launched-a-ground-invasion-of-lebanon-the-army-received-orders-to-seize-additional-territory-beirut-under-heavy-bombardment\/\" target=\"_blank\" rel=\"noopener\" title=\"\">ISRAEL LAUNCHED A GROUND INVASION OF LEBANON: The army received orders to seize additional territory, Beirut under heavy bombardment!<\/a><\/strong><\/p>\n\n\n\n<p><strong><a href=\"https:\/\/serbiantimes.info\/en\/rubio-admitted-that-israel-dragged-america-into-the-war-we-knew-that-iran-would-attack-us-when-israel-attacks-them-that-is-why-we-attacked-them-first-video\/\" target=\"_blank\" rel=\"noopener\" title=\"\">RUBIO ADMITTED THAT ISRAEL DRAGGED AMERICA INTO THE WAR? \u201eWe knew that Iran would attack us when Israel attacks them, that is why we attacked them first!\u201c (VIDEO)<\/a><\/strong><\/p>\n\n\n\n<p><strong><a href=\"https:\/\/serbiantimes.info\/en\/tucker-carlson-saudis-and-qataris-arrested-mossad-agents-for-planning-bomb-attacks-israel-wants-to-destroy-the-gulf-countries-too-video\/\" target=\"_blank\" rel=\"noopener\" title=\"\">TUCKER CARLSON: Saudis and Qataris arrested Mossad agents for planning bomb attacks, Israel wants to destroy the Gulf countries too! (VIDEO)<\/a><\/strong><\/p>\n\n\n\n<p><strong><a href=\"https:\/\/serbiantimes.info\/en\/first-footage-of-serbian-citizens-evacuated-from-dubai-200-of-them-have-just-landed-at-the-belgrade-airport-photo\/\" target=\"_blank\" rel=\"noopener\" title=\"\">FIRST FOOTAGE OF SERBIAN CITIZENS EVACUATED FROM DUBAI: 200 of them have just landed at the Belgrade airport! (PHOTO)<\/a><\/strong><\/p>\n\n\n\n<p><strong><strong>Source<\/strong><\/strong>:  <a href=\"https:\/\/www.vijesti.me\/vijesti\/crna-hronika\/798666\/sud-odbio-zalbe-aco-djukanovic-ostaje-u-pritvoru?utm_source=kurir&amp;utm_medium=web_article&amp;utm_campaign=adria_internal\" target=\"_blank\" rel=\"noopener\" title=\"\">Vijesti<\/a>; <strong>Foto<\/strong>: Printscreen YouTube \/ Newsmax Balkans<\/p>\n\n\n\n<p><\/p>\n","protected":false},"excerpt":{"rendered":"<p>The Criminal Panel of the Basic Court in Nik\u0161i\u0107 has rejected the appeals of Aco \u0110ukanovi\u0107\u2019s lawyers and confirmed the decision to place him in custody on suspicion of illegal possession and carrying of weapons and explosive materials. The panel dismissed as unfounded the appeals filed by \u0110ukanovi\u0107\u2019s defense against the decision of the investigating [&hellip;]<\/p>\n","protected":false},"author":2169,"featured_media":203359,"comment_status":"open","ping_status":"open","sticky":false,"template":"","format":"standard","meta":{"newspack_featured_image_position":"","newspack_post_subtitle":"","newspack_article_summary_title":"Overview:","newspack_article_summary":"","newspack_hide_updated_date":false,"newspack_show_updated_date":false,"footnotes":""},"categories":[8],"tags":[11521,159,11060,1620],"class_list":["post-203358","post","type-post","status-publish","format-standard","has-post-thumbnail","hentry","category-balkan","tag-aco-djukanovic","tag-crna-gora","tag-milo-dukanovic-2","tag-pritvor","entry"],"aioseo_notices":[],"distributor_meta":false,"distributor_terms":false,"distributor_media":false,"distributor_original_site_name":"Serbiantimes.info EN","distributor_original_site_url":"https:\/\/serbiantimes.info\/en","push-errors":false,"_links":{"self":[{"href":"https:\/\/serbiantimes.info\/en\/wp-json\/wp\/v2\/posts\/203358","targetHints":{"allow":["GET"]}}],"collection":[{"href":"https:\/\/serbiantimes.info\/en\/wp-json\/wp\/v2\/posts"}],"about":[{"href":"https:\/\/serbiantimes.info\/en\/wp-json\/wp\/v2\/types\/post"}],"author":[{"embeddable":true,"href":"https:\/\/serbiantimes.info\/en\/wp-json\/wp\/v2\/users\/2169"}],"replies":[{"embeddable":true,"href":"https:\/\/serbiantimes.info\/en\/wp-json\/wp\/v2\/comments?post=203358"}],"version-history":[{"count":2,"href":"https:\/\/serbiantimes.info\/en\/wp-json\/wp\/v2\/posts\/203358\/revisions"}],"predecessor-version":[{"id":203414,"href":"https:\/\/serbiantimes.info\/en\/wp-json\/wp\/v2\/posts\/203358\/revisions\/203414"}],"wp:featuredmedia":[{"embeddable":true,"href":"https:\/\/serbiantimes.info\/en\/wp-json\/wp\/v2\/media\/203359"}],"wp:attachment":[{"href":"https:\/\/serbiantimes.info\/en\/wp-json\/wp\/v2\/media?parent=203358"}],"wp:term":[{"taxonomy":"category","embeddable":true,"href":"https:\/\/serbiantimes.info\/en\/wp-json\/wp\/v2\/categories?post=203358"},{"taxonomy":"post_tag","embeddable":true,"href":"https:\/\/serbiantimes.info\/en\/wp-json\/wp\/v2\/tags?post=203358"}],"curies":[{"name":"wp","href":"https:\/\/api.w.org\/{rel}","templated":true}]}}