{"id":203068,"date":"2026-03-02T15:53:22","date_gmt":"2026-03-02T13:53:22","guid":{"rendered":"https:\/\/serbiantimes.info\/en\/?p=203068"},"modified":"2026-03-02T16:01:11","modified_gmt":"2026-03-02T14:01:11","slug":"hands-removed-from-the-new-symbol-of-the-city-the-belgrade-clock-on-republic-square-is-not-working-again-video","status":"publish","type":"post","link":"https:\/\/serbiantimes.info\/en\/hands-removed-from-the-new-symbol-of-the-city-the-belgrade-clock-on-republic-square-is-not-working-again-video\/","title":{"rendered":"HANDS REMOVED FROM THE &#8220;NEW SYMBOL OF THE CITY&#8221;: The Belgrade clock on Republic Square is not working again! (VIDEO)"},"content":{"rendered":"\n<p><strong><em>Shortly after it was installed, the &#8220;Belgrade Clock&#8221; in the roundabout at Republic Square, which had been pompously announced for months, broke down. Today, there are no hands on it, as confirmed by our reporter, because it has been returned to the seller for servicing. Stefan Simi\u0107 from the Free Citizens Movement says that this clock is a reflection of the current situation in Belgrade and that the citizens of Belgrade were once again not asked whether they wanted a novelty like this in their city.<\/em><\/strong><\/p>\n\n\n\n<p>&#8220;Is there a single thing in the city\u2026 As a city councilor in front of the Free Citizens Movement, I looked for something they had done well and could not find it. How is it that something always happens to them? To pave a street and then the asphalt starts to crack? This is what it looks like when the city is led by people who do not know how to lead it,&#8221; says Stefan Simi\u0107, reports N1.<\/p>\n\n\n\n<p>He states that there are much bigger problems in the city of Belgrade that the city authorities are not dealing with sufficiently.<\/p>\n\n\n\n<blockquote class=\"twitter-tweet\"><p lang=\"und\" dir=\"ltr\">Ubrzo nakon \u0161to je postavljen, mesecima pompezno najavljivan &quot;Beogradski sat\u201c u kru\u017enom toku na Trgu republike se pokvario. Na njemu danas nema ni kazaljki, kako potvr\u0111uje i na\u0161a reporterka, jer je on vra\u0107en prodavcu na servisiranje. <a href=\"https:\/\/twitter.com\/stefansimicbg?ref_src=twsrc%5Etfw\">@stefansimicbg<\/a> iz <a href=\"https:\/\/twitter.com\/pokretslobodnih?ref_src=twsrc%5Etfw\">@pokretslobodnih<\/a> ka\u017ee da\u2026 <a href=\"https:\/\/t.co\/yBs1dP7mm1\">pic.twitter.com\/yBs1dP7mm1<\/a><\/p>&mdash; TV N1 Beograd (@n1srbija) <a href=\"https:\/\/twitter.com\/n1srbija\/status\/2028402877836693741?ref_src=twsrc%5Etfw\">March 2, 2026<\/a><\/blockquote> <script async src=\"https:\/\/platform.twitter.com\/widgets.js\" charset=\"utf-8\"><\/script>\n\n\n\n<p>&#8220;As a city councilor, I am worried about many more other things: I talk to citizens who do not have water supply, electricity, heating, their transport does not work so they cannot get to work. Now the center of Belgrade is in focus because of the clock, and before because of the cobblestones. We are not aware of everything that is happening in the surrounding municipalities and how much the quality of life is declining every day,&#8221; adds Simi\u0107.<\/p>\n\n\n\n<p>Simi\u0107 also stated that he believes such situations will show citizens why it is time for elections in Belgrade.<\/p>\n\n\n\n<p>&#8220;They always carry out works mostly during the day when it is the most crowded, and when they do something badly, specifically when they need to fix it quickly, it is done by workers in the third shift. Then the third shift can work at night, it is not a problem to give night daily wages which are more expensive, just so something does not show how they originally did something badly. The complete situation in Belgrade is very bad, but not to sound like I am only criticizing, I truly believe that this will provide a signal to Belgraders that it is indeed time for elections in Belgrade and that we have a mayor who does not know how to lead this city,&#8221; he said.<\/p>\n\n\n\n<h4 class=\"wp-block-heading\"><mark style=\"background-color:#FFFFFF;color:#d21414\" class=\"has-inline-color\">MORE TOPICS:<\/mark><\/h4>\n\n\n\n<p><strong><a href=\"https:\/\/serbiantimes.info\/en\/great-error-of-the-kuwaiti-air-defense-mistakenly-shot-down-three-american-fighter-jets-pilots-managed-to-catapult-video\/\" target=\"_blank\" rel=\"noopener\" title=\"\">GREAT ERROR OF THE KUWAITI AIR DEFENSE: Mistakenly shot down three American fighter jets, pilots managed to catapult! (VIDEO)<\/a><\/strong><\/p>\n\n\n\n<p><span style=\"text-decoration: underline;\"><strong><a href=\"https:\/\/serbiantimes.info\/en\/new-incident-in-novi-sad-parts-of-the-canopy-of-the-serbian-national-theatre-collapsed\/\" target=\"_blank\" rel=\"noopener\" title=\"\">NEW INCIDENT IN NOVI SAD: Parts of the canopy of the Serbian National Theatre collapsed!<\/a><\/strong><\/span><\/p>\n\n\n\n<p><strong><a href=\"https:\/\/serbiantimes.info\/en\/great-tragedy-in-iran-in-an-israeli-american-strike-20-volleyball-players-died-more-than-100-people-injured-video\/\" target=\"_blank\" rel=\"noopener\" title=\"\">GREAT TRAGEDY IN IRAN: In an Israeli-American strike 20 volleyball players died, more than 100 people injured! (VIDEO)<\/a><\/strong><\/p>\n\n\n\n<p><strong><a href=\"https:\/\/serbiantimes.info\/en\/aco-dukanovic-remains-behind-bars-milos-brother-ordered-30-days-of-detention-for-possession-of-weapons\/\" target=\"_blank\" rel=\"noopener\" title=\"\">ACO \u0110UKANOVI\u0106 REMAINS BEHIND BARS: Milo\u2019s brother ordered 30 days of detention for possession of weapons!<\/a><\/strong><\/p>\n\n\n\n<p><strong><a href=\"https:\/\/serbiantimes.info\/en\/all-options-are-on-the-table-israel-mobilized-nearly-100000-soldiers-possible-land-invasion-of-lebanon-video\/\" target=\"_blank\" rel=\"noopener\" title=\"\">ALL OPTIONS ARE ON THE TABLE\u201d: Israel mobilized nearly 100,000 soldiers, possible land invasion of Lebanon! (VIDEO)<\/a><\/strong><\/p>\n\n\n\n<p><strong><strong>Source<\/strong><\/strong>: <a href=\"https:\/\/www.danas.rs\/vesti\/drustvo\/beogradski-sat-na-trgu-republike-ponovo-ne-radi-video\/\" target=\"_blank\" rel=\"noopener\" title=\"\">Danas<\/a>; <strong>Photo<\/strong>: ATA Images<\/p>\n","protected":false},"excerpt":{"rendered":"<p>Shortly after it was installed, the &#8220;Belgrade Clock&#8221; in the roundabout at Republic Square, which had been pompously announced for months, broke down. Today, there are no hands on it, as confirmed by our reporter, because it has been returned to the seller for servicing. Stefan Simi\u0107 from the Free Citizens Movement says that this [&hellip;]<\/p>\n","protected":false},"author":2169,"featured_media":203069,"comment_status":"open","ping_status":"open","sticky":false,"template":"","format":"standard","meta":{"newspack_featured_image_position":"","newspack_post_subtitle":"","newspack_article_summary_title":"Overview:","newspack_article_summary":"","newspack_hide_updated_date":false,"newspack_show_updated_date":false,"footnotes":""},"categories":[7],"tags":[253,11561,113,2861,15],"class_list":["post-203068","post","type-post","status-publish","format-standard","has-post-thumbnail","hentry","category-serbia","tag-beograd","tag-beogradski-sat","tag-srbija","tag-trg-republike","tag-video","entry"],"aioseo_notices":[],"distributor_meta":false,"distributor_terms":false,"distributor_media":false,"distributor_original_site_name":"Serbiantimes.info EN","distributor_original_site_url":"https:\/\/serbiantimes.info\/en","push-errors":false,"_links":{"self":[{"href":"https:\/\/serbiantimes.info\/en\/wp-json\/wp\/v2\/posts\/203068","targetHints":{"allow":["GET"]}}],"collection":[{"href":"https:\/\/serbiantimes.info\/en\/wp-json\/wp\/v2\/posts"}],"about":[{"href":"https:\/\/serbiantimes.info\/en\/wp-json\/wp\/v2\/types\/post"}],"author":[{"embeddable":true,"href":"https:\/\/serbiantimes.info\/en\/wp-json\/wp\/v2\/users\/2169"}],"replies":[{"embeddable":true,"href":"https:\/\/serbiantimes.info\/en\/wp-json\/wp\/v2\/comments?post=203068"}],"version-history":[{"count":2,"href":"https:\/\/serbiantimes.info\/en\/wp-json\/wp\/v2\/posts\/203068\/revisions"}],"predecessor-version":[{"id":203109,"href":"https:\/\/serbiantimes.info\/en\/wp-json\/wp\/v2\/posts\/203068\/revisions\/203109"}],"wp:featuredmedia":[{"embeddable":true,"href":"https:\/\/serbiantimes.info\/en\/wp-json\/wp\/v2\/media\/203069"}],"wp:attachment":[{"href":"https:\/\/serbiantimes.info\/en\/wp-json\/wp\/v2\/media?parent=203068"}],"wp:term":[{"taxonomy":"category","embeddable":true,"href":"https:\/\/serbiantimes.info\/en\/wp-json\/wp\/v2\/categories?post=203068"},{"taxonomy":"post_tag","embeddable":true,"href":"https:\/\/serbiantimes.info\/en\/wp-json\/wp\/v2\/tags?post=203068"}],"curies":[{"name":"wp","href":"https:\/\/api.w.org\/{rel}","templated":true}]}}