{"id":203047,"date":"2026-03-01T21:00:49","date_gmt":"2026-03-01T19:00:49","guid":{"rendered":"https:\/\/serbiantimes.info\/en\/?p=203047"},"modified":"2026-03-01T21:00:50","modified_gmt":"2026-03-01T19:00:50","slug":"trump-announces-end-of-war-with-iran-i-agreed-to-negotiations-they-should-have-done-it-earlier","status":"publish","type":"post","link":"https:\/\/serbiantimes.info\/en\/trump-announces-end-of-war-with-iran-i-agreed-to-negotiations-they-should-have-done-it-earlier\/","title":{"rendered":"TRUMP ANNOUNCES END OF WAR WITH IRAN: \u201cI agreed to negotiations. They should have done it earlier\u201d"},"content":{"rendered":"\n<p>U.S. President Donald Trump said in an interview with &#8220;The Atlantic&#8221; that the war in the Middle East could be coming to an end, given that Iran, according to him, has agreed to new negotiations.<\/p>\n\n\n\n<p>On Saturday, February 28, Iran\u2019s Supreme Leader Ali Khamenei was killed, after which American media reported that many Iranian military commanders were surrendering.<\/p>\n\n\n\n<p>&#8220;They want to talk, and I agreed to talk, so I will talk to them. They should have done that earlier.<\/p>\n\n\n\n<figure class=\"wp-block-embed is-type-wp-embed is-provider-serbiantimes-info wp-block-embed-serbiantimes-info\"><div class=\"wp-block-embed__wrapper\">\n<blockquote class=\"wp-embedded-content\" data-secret=\"NT8kvvWH0d\"><a href=\"https:\/\/serbiantimes.info\/kolumna-kovacevic-covek-koga-je-istorija-pogresno-naucila\/\">KOLUMNA, KOVA\u010cEVI\u0106: \u010covek koga je istorija pogre\u0161no nau\u010dila<\/a><\/blockquote><iframe loading=\"lazy\" class=\"wp-embedded-content\" sandbox=\"allow-scripts\" security=\"restricted\" style=\"position: absolute; visibility: hidden;\" title=\"&#132;KOLUMNA, KOVA\u010cEVI\u0106: \u010covek koga je istorija pogre\u0161no nau\u010dila&#147; &#8212; Serbiantimes.info\" src=\"https:\/\/serbiantimes.info\/kolumna-kovacevic-covek-koga-je-istorija-pogresno-naucila\/embed\/#?secret=NCnfbHEHf4#?secret=NT8kvvWH0d\" data-secret=\"NT8kvvWH0d\" width=\"500\" height=\"282\" frameborder=\"0\" marginwidth=\"0\" marginheight=\"0\" scrolling=\"no\"><\/iframe>\n<\/div><\/figure>\n\n\n\n<p>They should have given what was very practical and easy to do earlier. They waited too long,&#8221; Trump said, but did not reveal when the peace negotiations would begin.<\/p>\n\n\n\n<p>As a reminder, Israel and the United States attacked Iran early on Saturday, February 28, in a military operation called \u201cEpic Rage.\u201d In the attacks, Iran\u2019s Supreme Leader Ali Khamenei and President of Iran Mahmoud Ahmadinejad were killed.<\/p>\n\n\n\n<h3 class=\"wp-block-heading\"><mark style=\"background-color:#FFFFFF;color:#d21414\" class=\"has-inline-color\">MORE ABOUT THE WAR:<\/mark><\/h3>\n\n\n\n<p><a href=\"https:\/\/serbiantimes.info\/en\/iranian-media-40-schoolgirls-killed-allegedly-a-girls-school-bombed-in-the-south-of-the-country-high-number-of-casualties-revenge-announced\/\" target=\"_blank\" rel=\"noopener\" title=\"\"><strong>IRANIAN MEDIA: 40 SCHOOLGIRLS KILLED! Allegedly a girls\u2019 school bombed in the south of the country, high number of casualties! Revenge announced!<\/strong><\/a><\/p>\n\n\n\n<p><a href=\"https:\/\/serbiantimes.info\/en\/serbian-embassy-issues-statement-number-of-serbian-citizens-currently-in-iran-and-their-locations-revealed\/\" target=\"_blank\" rel=\"noopener\" title=\"\"><strong>SERBIAN EMBASSY ISSUES STATEMENT: Number of Serbian Citizens Currently in Iran and Their Locations Revealed!<\/strong><\/a><\/p>\n\n\n\n<p><strong><a href=\"https:\/\/serbiantimes.info\/en\/tehran-shakes-america-with-israels-support-launches-bombing-of-iran-trump-speaks-out\/\" target=\"_blank\" rel=\"noopener\" title=\"\">TEHRAN SHAKES: America with Israel\u2019s support launches bombing of Iran, Trump speaks out!<\/a><\/strong><\/p>\n\n\n\n<p><strong>Source<\/strong>: Media<strong><a href=\"https:\/\/serbiantimes.info\/rat-u-iranu-uzivo-iranci-vise-puta-pogodili-americki-nosac-abraham-linkoln-gori-dubai-eksplozije-u-blizini-burdz-kalife-video\/\" title=\"\"><br><\/a><\/strong><\/p>\n","protected":false},"excerpt":{"rendered":"<p>U.S. President Donald Trump said in an interview with &#8220;The Atlantic&#8221; that the war in the Middle East could be coming to an end, given that Iran, according to him, has agreed to new negotiations. On Saturday, February 28, Iran\u2019s Supreme Leader Ali Khamenei was killed, after which American media reported that many Iranian military [&hellip;]<\/p>\n","protected":false},"author":8,"featured_media":198183,"comment_status":"open","ping_status":"open","sticky":false,"template":"","format":"standard","meta":{"newspack_featured_image_position":"","newspack_post_subtitle":"","newspack_article_summary_title":"Overview:","newspack_article_summary":"","newspack_hide_updated_date":false,"newspack_show_updated_date":false,"footnotes":""},"categories":[4],"tags":[24,129,4767,11439],"class_list":["post-203047","post","type-post","status-publish","format-standard","has-post-thumbnail","hentry","category-breaking","tag-donald-tramp","tag-izrael","tag-pregovori","tag-rat-u-iranu","entry"],"aioseo_notices":[],"distributor_meta":false,"distributor_terms":false,"distributor_media":false,"distributor_original_site_name":"Serbiantimes.info EN","distributor_original_site_url":"https:\/\/serbiantimes.info\/en","push-errors":false,"_links":{"self":[{"href":"https:\/\/serbiantimes.info\/en\/wp-json\/wp\/v2\/posts\/203047","targetHints":{"allow":["GET"]}}],"collection":[{"href":"https:\/\/serbiantimes.info\/en\/wp-json\/wp\/v2\/posts"}],"about":[{"href":"https:\/\/serbiantimes.info\/en\/wp-json\/wp\/v2\/types\/post"}],"author":[{"embeddable":true,"href":"https:\/\/serbiantimes.info\/en\/wp-json\/wp\/v2\/users\/8"}],"replies":[{"embeddable":true,"href":"https:\/\/serbiantimes.info\/en\/wp-json\/wp\/v2\/comments?post=203047"}],"version-history":[{"count":2,"href":"https:\/\/serbiantimes.info\/en\/wp-json\/wp\/v2\/posts\/203047\/revisions"}],"predecessor-version":[{"id":203057,"href":"https:\/\/serbiantimes.info\/en\/wp-json\/wp\/v2\/posts\/203047\/revisions\/203057"}],"wp:featuredmedia":[{"embeddable":true,"href":"https:\/\/serbiantimes.info\/en\/wp-json\/wp\/v2\/media\/198183"}],"wp:attachment":[{"href":"https:\/\/serbiantimes.info\/en\/wp-json\/wp\/v2\/media?parent=203047"}],"wp:term":[{"taxonomy":"category","embeddable":true,"href":"https:\/\/serbiantimes.info\/en\/wp-json\/wp\/v2\/categories?post=203047"},{"taxonomy":"post_tag","embeddable":true,"href":"https:\/\/serbiantimes.info\/en\/wp-json\/wp\/v2\/tags?post=203047"}],"curies":[{"name":"wp","href":"https:\/\/api.w.org\/{rel}","templated":true}]}}