{"id":203045,"date":"2026-03-01T20:59:43","date_gmt":"2026-03-01T18:59:43","guid":{"rendered":"https:\/\/serbiantimes.info\/en\/?p=203045"},"modified":"2026-03-01T20:59:45","modified_gmt":"2026-03-01T18:59:45","slug":"gadjali-vojnu-bazu-ostetili-ambasadu-srbije-u-vazdusnim-napadima-na-teheran-stradala-i-zgrada-ambasade-nema-povredjenih","status":"publish","type":"post","link":"https:\/\/serbiantimes.info\/en\/gadjali-vojnu-bazu-ostetili-ambasadu-srbije-u-vazdusnim-napadima-na-teheran-stradala-i-zgrada-ambasade-nema-povredjenih\/","title":{"rendered":"THEY TARGETED A MILITARY BASE, DAMAGED THE SERBIAN EMBASSY: Embassy building hit in airstrikes on Tehran, no injuries reported"},"content":{"rendered":"\n<p>The building of the Serbian Embassy in Tehran was damaged during morning airstrikes on Iran. There were no injuries.<\/p>\n\n\n\n<p>During the morning airstrikes on Iran, the building of the Serbian Embassy in Tehran was damaged.<\/p>\n\n\n\n<p>As RTS has learned, there were no injuries.<\/p>\n\n\n\n<p>Allegedly, a military base located near the Serbian Embassy was targeted.<\/p>\n\n\n\n<p>The information was also confirmed by Serbian President Aleksandar Vu\u010di\u0107 for Prva TV, adding that the embassy staff began withdrawing to Baku today.<\/p>\n\n\n\n<figure class=\"wp-block-embed is-type-wp-embed is-provider-serbiantimes-info wp-block-embed-serbiantimes-info\"><div class=\"wp-block-embed__wrapper\">\n<blockquote class=\"wp-embedded-content\" data-secret=\"EBsmBIDwWZ\"><a href=\"https:\/\/serbiantimes.info\/kolumna-kovacevic-covek-koga-je-istorija-pogresno-naucila\/\">KOLUMNA, KOVA\u010cEVI\u0106: \u010covek koga je istorija pogre\u0161no nau\u010dila<\/a><\/blockquote><iframe loading=\"lazy\" class=\"wp-embedded-content\" sandbox=\"allow-scripts\" security=\"restricted\" style=\"position: absolute; visibility: hidden;\" title=\"&#132;KOLUMNA, KOVA\u010cEVI\u0106: \u010covek koga je istorija pogre\u0161no nau\u010dila&#147; &#8212; Serbiantimes.info\" src=\"https:\/\/serbiantimes.info\/kolumna-kovacevic-covek-koga-je-istorija-pogresno-naucila\/embed\/#?secret=NCnfbHEHf4#?secret=EBsmBIDwWZ\" data-secret=\"EBsmBIDwWZ\" width=\"500\" height=\"282\" frameborder=\"0\" marginwidth=\"0\" marginheight=\"0\" scrolling=\"no\"><\/iframe>\n<\/div><\/figure>\n\n\n\n<p>He also stated that planes intended to return Serbian citizens interested in coming back will depart for Dubai and Abu Dhabi as soon as it is safe.<\/p>\n\n\n\n<p>Vu\u010di\u0107 said that the embassy was not the target, but rather a base in the surrounding area, and that shrapnel damaged the embassy.<\/p>\n\n\n\n<p>The Embassy staff in Tehran will withdraw toward Baku, and efforts are also being made to assist a married couple with a baby in Tehran to evacuate, Vu\u010di\u0107 added.<\/p>\n\n\n\n<figure class=\"wp-block-embed is-type-wp-embed is-provider-serbiantimes-info wp-block-embed-serbiantimes-info\"><div class=\"wp-block-embed__wrapper\">\n<blockquote class=\"wp-embedded-content\" data-secret=\"DpkrNHByEK\"><a href=\"https:\/\/serbiantimes.info\/iranci-potvrdili-ajatolah-je-mrtav-evo-kako-su-amerikanci-i-izraelci-izveli-atentat-na-ali-hamneia-foto\/\">IRANCI POTVRDILI: Ajatolah je mrtav! Evo kako su Amerikanci i Izraelci izveli atentat na Ali Hamneia (FOTO)<\/a><\/blockquote><iframe loading=\"lazy\" class=\"wp-embedded-content\" sandbox=\"allow-scripts\" security=\"restricted\" style=\"position: absolute; visibility: hidden;\" title=\"&#132;IRANCI POTVRDILI: Ajatolah je mrtav! Evo kako su Amerikanci i Izraelci izveli atentat na Ali Hamneia (FOTO)&#147; &#8212; Serbiantimes.info\" src=\"https:\/\/serbiantimes.info\/iranci-potvrdili-ajatolah-je-mrtav-evo-kako-su-amerikanci-i-izraelci-izveli-atentat-na-ali-hamneia-foto\/embed\/#?secret=9Oet2NQtDH#?secret=DpkrNHByEK\" data-secret=\"DpkrNHByEK\" width=\"500\" height=\"282\" frameborder=\"0\" marginwidth=\"0\" marginheight=\"0\" scrolling=\"no\"><\/iframe>\n<\/div><\/figure>\n\n\n\n<p>He said that the situation in the Gulf countries is being monitored, that the airspace is closed, and that Belgrade will send evacuation planes as soon as possible.<\/p>\n\n\n\n<p>The moment the airspace reopens and it is safe, planes for Dubai and Abu Dhabi will take off and return all citizens who are interested in coming back, the President of Serbia said.<\/p>\n\n\n\n<h3 class=\"wp-block-heading\"><mark style=\"background-color:#FFFFFF;color:#d21414\" class=\"has-inline-color\">MORE ABOUT THE WAR:<\/mark><\/h3>\n\n\n\n<p><a href=\"https:\/\/serbiantimes.info\/en\/iranian-media-40-schoolgirls-killed-allegedly-a-girls-school-bombed-in-the-south-of-the-country-high-number-of-casualties-revenge-announced\/\" target=\"_blank\" rel=\"noopener\" title=\"\"><strong>IRANIAN MEDIA: 40 SCHOOLGIRLS KILLED! Allegedly a girls\u2019 school bombed in the south of the country, high number of casualties! Revenge announced!<\/strong><\/a><\/p>\n\n\n\n<p><a href=\"https:\/\/serbiantimes.info\/en\/serbian-embassy-issues-statement-number-of-serbian-citizens-currently-in-iran-and-their-locations-revealed\/\" target=\"_blank\" rel=\"noopener\" title=\"\"><strong>SERBIAN EMBASSY ISSUES STATEMENT: Number of Serbian Citizens Currently in Iran and Their Locations Revealed!<\/strong><\/a><\/p>\n\n\n\n<p><strong><a href=\"https:\/\/serbiantimes.info\/en\/tehran-shakes-america-with-israels-support-launches-bombing-of-iran-trump-speaks-out\/\" target=\"_blank\" rel=\"noopener\" title=\"\">TEHRAN SHAKES: America with Israel\u2019s support launches bombing of Iran, Trump speaks out!<\/a><\/strong><\/p>\n\n\n\n<p><strong>Source<\/strong>: N1 <strong>Foto:<\/strong> <em>Majid Asgaripour\/WANA (West Asia News Agency)<\/em><\/p>\n","protected":false},"excerpt":{"rendered":"<p>The building of the Serbian Embassy in Tehran was damaged during morning airstrikes on Iran. There were no injuries. During the morning airstrikes on Iran, the building of the Serbian Embassy in Tehran was damaged. As RTS has learned, there were no injuries. Allegedly, a military base located near the Serbian Embassy was targeted. The [&hellip;]<\/p>\n","protected":false},"author":8,"featured_media":203046,"comment_status":"open","ping_status":"open","sticky":false,"template":"","format":"standard","meta":{"newspack_featured_image_position":"","newspack_post_subtitle":"","newspack_article_summary_title":"Overview:","newspack_article_summary":"","newspack_hide_updated_date":false,"newspack_show_updated_date":false,"footnotes":""},"categories":[4],"tags":[289,71,1084,129,11560,1737],"class_list":["post-203045","post","type-post","status-publish","format-standard","has-post-thumbnail","hentry","category-breaking","tag-ambasada-srbije","tag-amerika","tag-benjamin-netanjahu","tag-izrael","tag-ostecena-ambasada-srbije","tag-teheran","entry"],"aioseo_notices":[],"distributor_meta":false,"distributor_terms":false,"distributor_media":false,"distributor_original_site_name":"Serbiantimes.info EN","distributor_original_site_url":"https:\/\/serbiantimes.info\/en","push-errors":false,"_links":{"self":[{"href":"https:\/\/serbiantimes.info\/en\/wp-json\/wp\/v2\/posts\/203045","targetHints":{"allow":["GET"]}}],"collection":[{"href":"https:\/\/serbiantimes.info\/en\/wp-json\/wp\/v2\/posts"}],"about":[{"href":"https:\/\/serbiantimes.info\/en\/wp-json\/wp\/v2\/types\/post"}],"author":[{"embeddable":true,"href":"https:\/\/serbiantimes.info\/en\/wp-json\/wp\/v2\/users\/8"}],"replies":[{"embeddable":true,"href":"https:\/\/serbiantimes.info\/en\/wp-json\/wp\/v2\/comments?post=203045"}],"version-history":[{"count":2,"href":"https:\/\/serbiantimes.info\/en\/wp-json\/wp\/v2\/posts\/203045\/revisions"}],"predecessor-version":[{"id":203054,"href":"https:\/\/serbiantimes.info\/en\/wp-json\/wp\/v2\/posts\/203045\/revisions\/203054"}],"wp:featuredmedia":[{"embeddable":true,"href":"https:\/\/serbiantimes.info\/en\/wp-json\/wp\/v2\/media\/203046"}],"wp:attachment":[{"href":"https:\/\/serbiantimes.info\/en\/wp-json\/wp\/v2\/media?parent=203045"}],"wp:term":[{"taxonomy":"category","embeddable":true,"href":"https:\/\/serbiantimes.info\/en\/wp-json\/wp\/v2\/categories?post=203045"},{"taxonomy":"post_tag","embeddable":true,"href":"https:\/\/serbiantimes.info\/en\/wp-json\/wp\/v2\/tags?post=203045"}],"curies":[{"name":"wp","href":"https:\/\/api.w.org\/{rel}","templated":true}]}}