{"id":203042,"date":"2026-03-01T20:57:29","date_gmt":"2026-03-01T18:57:29","guid":{"rendered":"https:\/\/serbiantimes.info\/en\/?p=203042"},"modified":"2026-03-01T20:57:30","modified_gmt":"2026-03-01T18:57:30","slug":"all-norms-of-human-morality-violated-vladimir-putin-speaks-out-on-the-killing-of-ayatollah-ali-khamenei","status":"publish","type":"post","link":"https:\/\/serbiantimes.info\/en\/all-norms-of-human-morality-violated-vladimir-putin-speaks-out-on-the-killing-of-ayatollah-ali-khamenei\/","title":{"rendered":"\u201cALL NORMS OF HUMAN MORALITY VIOLATED\u201d: Vladimir Putin Speaks Out on the Killing of Ayatollah Ali Khamenei!"},"content":{"rendered":"\n<p>In his first official comment following the American-Israeli attacks on Iran and the subsequent retaliatory strikes, Russian President Vladimir Putin described the targeted killing of Iran\u2019s supreme leader as a \u201ccynical murder,\u201d Russia\u2019s state news agency TASS reports.<\/p>\n\n\n\n<p>The Russian leader characterized the death of Ayatollah Ali Khamenei as a killing that violated \u201call norms of human morality and international law,\u201d according to TASS, as reported by CNN.<\/p>\n\n\n\n<p>Putin said that Khamenei will be remembered in Russia as an \u201coutstanding statesman.\u201d<\/p>\n\n\n\n<figure class=\"wp-block-embed is-type-wp-embed is-provider-serbiantimes-info wp-block-embed-serbiantimes-info\"><div class=\"wp-block-embed__wrapper\">\n<blockquote class=\"wp-embedded-content\" data-secret=\"xSjEDg8lE9\"><a href=\"https:\/\/serbiantimes.info\/vucic-imamo-bracni-par-zarobljen-u-teheranu-osoblje-ambasade-se-evakuise-u-baku\/\">VU\u010cI\u0106: Imamo bra\u010dni par zarobljen u Teheranu, osoblje ambasade se evakui\u0161e u Baku!<\/a><\/blockquote><iframe loading=\"lazy\" class=\"wp-embedded-content\" sandbox=\"allow-scripts\" security=\"restricted\" style=\"position: absolute; visibility: hidden;\" title=\"&#132;VU\u010cI\u0106: Imamo bra\u010dni par zarobljen u Teheranu, osoblje ambasade se evakui\u0161e u Baku!&#147; &#8212; Serbiantimes.info\" src=\"https:\/\/serbiantimes.info\/vucic-imamo-bracni-par-zarobljen-u-teheranu-osoblje-ambasade-se-evakuise-u-baku\/embed\/#?secret=7LJ8iiJfWg#?secret=xSjEDg8lE9\" data-secret=\"xSjEDg8lE9\" width=\"500\" height=\"282\" frameborder=\"0\" marginwidth=\"0\" marginheight=\"0\" scrolling=\"no\"><\/iframe>\n<\/div><\/figure>\n\n\n\n<p>Moscow and Tehran have long been key allies, with Iran providing Russia military support, including drones and ballistic missiles, and assisting Moscow in building a drone production factory amid its war in Ukraine.<\/p>\n\n\n\n<p>Putin\u2019s comment comes after the Russian Ministry of Foreign Affairs yesterday condemned the American and Israeli attacks on Iran, calling them a \u201creckless move\u201d and an \u201cunprovoked act of armed aggression.\u201d<\/p>\n\n\n\n<h4 class=\"wp-block-heading\"><mark style=\"background-color:#FFFFFF;color:#d21414\" class=\"has-inline-color\">MORE ABOUT THE WAR:<\/mark><\/h4>\n\n\n\n<p><a href=\"https:\/\/serbiantimes.info\/en\/iranian-media-40-schoolgirls-killed-allegedly-a-girls-school-bombed-in-the-south-of-the-country-high-number-of-casualties-revenge-announced\/\" target=\"_blank\" rel=\"noopener\" title=\"\"><strong>IRANIAN MEDIA: 40 SCHOOLGIRLS KILLED! Allegedly a girls\u2019 school bombed in the south of the country, high number of casualties! Revenge announced!<\/strong><\/a><\/p>\n\n\n\n<p><a href=\"https:\/\/serbiantimes.info\/en\/serbian-embassy-issues-statement-number-of-serbian-citizens-currently-in-iran-and-their-locations-revealed\/\" target=\"_blank\" rel=\"noopener\" title=\"\"><strong>SERBIAN EMBASSY ISSUES STATEMENT: Number of Serbian Citizens Currently in Iran and Their Locations Revealed!<\/strong><\/a><\/p>\n\n\n\n<p><strong><a href=\"https:\/\/serbiantimes.info\/en\/tehran-shakes-america-with-israels-support-launches-bombing-of-iran-trump-speaks-out\/\" target=\"_blank\" rel=\"noopener\" title=\"\">TEHRAN SHAKES: America with Israel\u2019s support launches bombing of Iran, Trump speaks out!<\/a><\/strong><\/p>\n\n\n\n<p><strong>Source<\/strong>:<strong> <\/strong>N1, <strong>Foto:<\/strong> AP<\/p>\n","protected":false},"excerpt":{"rendered":"<p>In his first official comment following the American-Israeli attacks on Iran and the subsequent retaliatory strikes, Russian President Vladimir Putin described the targeted killing of Iran\u2019s supreme leader as a \u201ccynical murder,\u201d Russia\u2019s state news agency TASS reports. The Russian leader characterized the death of Ayatollah Ali Khamenei as a killing that violated \u201call norms [&hellip;]<\/p>\n","protected":false},"author":2169,"featured_media":180530,"comment_status":"open","ping_status":"open","sticky":false,"template":"","format":"standard","meta":{"newspack_featured_image_position":"","newspack_post_subtitle":"","newspack_article_summary_title":"Overview:","newspack_article_summary":"","newspack_hide_updated_date":false,"newspack_show_updated_date":false,"footnotes":""},"categories":[4],"tags":[7802,344,738,115,1448],"class_list":["post-203042","post","type-post","status-publish","format-standard","has-post-thumbnail","hentry","category-breaking","tag-ajatolah","tag-ali-hamnei","tag-rusija","tag-ubistvo","tag-vladimir-putin","entry"],"aioseo_notices":[],"distributor_meta":false,"distributor_terms":false,"distributor_media":false,"distributor_original_site_name":"Serbiantimes.info EN","distributor_original_site_url":"https:\/\/serbiantimes.info\/en","push-errors":false,"_links":{"self":[{"href":"https:\/\/serbiantimes.info\/en\/wp-json\/wp\/v2\/posts\/203042","targetHints":{"allow":["GET"]}}],"collection":[{"href":"https:\/\/serbiantimes.info\/en\/wp-json\/wp\/v2\/posts"}],"about":[{"href":"https:\/\/serbiantimes.info\/en\/wp-json\/wp\/v2\/types\/post"}],"author":[{"embeddable":true,"href":"https:\/\/serbiantimes.info\/en\/wp-json\/wp\/v2\/users\/2169"}],"replies":[{"embeddable":true,"href":"https:\/\/serbiantimes.info\/en\/wp-json\/wp\/v2\/comments?post=203042"}],"version-history":[{"count":1,"href":"https:\/\/serbiantimes.info\/en\/wp-json\/wp\/v2\/posts\/203042\/revisions"}],"predecessor-version":[{"id":203050,"href":"https:\/\/serbiantimes.info\/en\/wp-json\/wp\/v2\/posts\/203042\/revisions\/203050"}],"wp:featuredmedia":[{"embeddable":true,"href":"https:\/\/serbiantimes.info\/en\/wp-json\/wp\/v2\/media\/180530"}],"wp:attachment":[{"href":"https:\/\/serbiantimes.info\/en\/wp-json\/wp\/v2\/media?parent=203042"}],"wp:term":[{"taxonomy":"category","embeddable":true,"href":"https:\/\/serbiantimes.info\/en\/wp-json\/wp\/v2\/categories?post=203042"},{"taxonomy":"post_tag","embeddable":true,"href":"https:\/\/serbiantimes.info\/en\/wp-json\/wp\/v2\/tags?post=203042"}],"curies":[{"name":"wp","href":"https:\/\/api.w.org\/{rel}","templated":true}]}}