{"id":203006,"date":"2026-03-01T14:41:25","date_gmt":"2026-03-01T12:41:25","guid":{"rendered":"https:\/\/serbiantimes.info\/en\/?p=203006"},"modified":"2026-03-01T14:41:26","modified_gmt":"2026-03-01T12:41:26","slug":"iranians-confirmed-the-ayatollah-is-dead-here-is-how-the-americans-and-israelis-carried-out-the-assassination-of-ali-khamenei-photo","status":"publish","type":"post","link":"https:\/\/serbiantimes.info\/en\/iranians-confirmed-the-ayatollah-is-dead-here-is-how-the-americans-and-israelis-carried-out-the-assassination-of-ali-khamenei-photo\/","title":{"rendered":"IRANIANS CONFIRMED: The Ayatollah Is Dead! Here Is How the Americans and Israelis Carried Out the Assassination of Ali Khamenei (PHOTO)"},"content":{"rendered":"\n<p>Iran\u2019s Supreme Leader, Ayatollah Ali Khamenei (86), was killed on Saturday in an Israeli-American attack on Tehran, the Iranian regime confirmed, several hours after it was announced by U.S. President Donald Trump and Israeli authorities.<\/p>\n\n\n\n<p>An unofficial version of his killing has also appeared in the media&#8230;<\/p>\n\n\n\n<p>Namely, according to information from American sources, Israel and the U.S. timed the attack on Iran to coincide with a summit meeting between Ayatollah Ali Khamenei and his aides, two American sources familiar with the implementation of the operation state.<\/p>\n\n\n\n<p>The killing of the man who ruled Iran for nearly 40 years, and who was also recognized as the religious leader of all Shiite Muslims on the planet, was confirmed overnight on Iranian state television.<\/p>\n\n\n\n<p>Israel announced that, in addition to the ayatollah, former Secretary of the Supreme National Security Council Ali Shamkhani and the commander of the Islamic Revolutionary Guard Corps Mohammad Pakpour were killed.<\/p>\n\n\n\n<figure class=\"wp-block-embed is-type-wp-embed is-provider-serbiantimes-info wp-block-embed-serbiantimes-info\"><div class=\"wp-block-embed__wrapper\">\n<blockquote class=\"wp-embedded-content\" data-secret=\"N7R0kH5ANg\"><a href=\"https:\/\/serbiantimes.info\/kolumna-kovacevic-covek-koga-je-istorija-pogresno-naucila\/\">KOLUMNA, KOVA\u010cEVI\u0106: \u010covek koga je istorija pogre\u0161no nau\u010dila<\/a><\/blockquote><iframe loading=\"lazy\" class=\"wp-embedded-content\" sandbox=\"allow-scripts\" security=\"restricted\" style=\"position: absolute; visibility: hidden;\" title=\"&#132;KOLUMNA, KOVA\u010cEVI\u0106: \u010covek koga je istorija pogre\u0161no nau\u010dila&#147; &#8212; Serbiantimes.info\" src=\"https:\/\/serbiantimes.info\/kolumna-kovacevic-covek-koga-je-istorija-pogresno-naucila\/embed\/#?secret=uI9pSOMpUt#?secret=N7R0kH5ANg\" data-secret=\"N7R0kH5ANg\" width=\"500\" height=\"282\" frameborder=\"0\" marginwidth=\"0\" marginheight=\"0\" scrolling=\"no\"><\/iframe>\n<\/div><\/figure>\n\n\n\n<p>Two Iranian sources told Reuters that Khamenei, shortly before the start of the attack on Saturday, convened a meeting at a secure location attended by Shamkhani and the current Secretary of the Supreme National Security Council Ali Larijani.<\/p>\n\n\n\n<p>Trump: He Could Do Nothing Against Our Intelligence<\/p>\n\n\n\n<figure class=\"wp-block-embed is-type-wp-embed is-provider-serbiantimes-info wp-block-embed-serbiantimes-info\"><div class=\"wp-block-embed__wrapper\">\n<blockquote class=\"wp-embedded-content\" data-secret=\"qwxk2xeB6E\"><a href=\"https:\/\/serbiantimes.info\/sloboda-vam-je-pred-vratima-tramp-se-direktno-obratio-irancima-poslao-im-mocnu-poruku\/\">&#8222;SLOBODA VAM JE PRED VRATIMA&#8220;: Tramp se direktno obratio Irancima, poslao im mo\u0107nu poruku!<\/a><\/blockquote><iframe loading=\"lazy\" class=\"wp-embedded-content\" sandbox=\"allow-scripts\" security=\"restricted\" style=\"position: absolute; visibility: hidden;\" title=\"&#132;&#8222;SLOBODA VAM JE PRED VRATIMA&#8220;: Tramp se direktno obratio Irancima, poslao im mo\u0107nu poruku!&#147; &#8212; Serbiantimes.info\" src=\"https:\/\/serbiantimes.info\/sloboda-vam-je-pred-vratima-tramp-se-direktno-obratio-irancima-poslao-im-mocnu-poruku\/embed\/#?secret=0Aci24THAL#?secret=qwxk2xeB6E\" data-secret=\"qwxk2xeB6E\" width=\"500\" height=\"282\" frameborder=\"0\" marginwidth=\"0\" marginheight=\"0\" scrolling=\"no\"><\/iframe>\n<\/div><\/figure>\n\n\n\n<p>The Iranian Supreme Leader was killed after intelligence services discovered his movements, U.S. President Donald Trump wrote on his Truth Social platform.<\/p>\n\n\n\n<p>\u201cHe could do nothing against our intelligence and highly sophisticated tracking systems. We worked closely with Israel, neither he nor the other leaders who were killed with him could do anything,\u201d Trump said.<\/p>\n\n\n\n<p>Iranian Revolutionary Guard: We Will Avenge Khamenei\u2019s Death!<\/p>\n\n\n\n<p>The Iranian Revolutionary Guard (IRGC) has vowed to avenge the death of Supreme Leader Ayatollah Ali Khamenei. \u201cThe killers of the nation\u2019s imam will not escape severe, decisive and terrifying punishment,\u201d the Guard said in a statement on Sunday, carried by the Lebanese pro-Iranian militia Hezbollah.<\/p>\n\n\n\n<h3 class=\"wp-block-heading\"><mark style=\"background-color:#FFFFFF;color:#d21414\" class=\"has-inline-color\">MORE ABOUT THE WAR:<\/mark><\/h3>\n\n\n\n<p><a href=\"https:\/\/serbiantimes.info\/en\/iranian-media-40-schoolgirls-killed-allegedly-a-girls-school-bombed-in-the-south-of-the-country-high-number-of-casualties-revenge-announced\/\" target=\"_blank\" rel=\"noopener\" title=\"\"><strong>IRANIAN MEDIA: 40 SCHOOLGIRLS KILLED! Allegedly a girls\u2019 school bombed in the south of the country, high number of casualties! Revenge announced!<\/strong><\/a><\/p>\n\n\n\n<p><a href=\"https:\/\/serbiantimes.info\/en\/serbian-embassy-issues-statement-number-of-serbian-citizens-currently-in-iran-and-their-locations-revealed\/\" target=\"_blank\" rel=\"noopener\" title=\"\"><strong>SERBIAN EMBASSY ISSUES STATEMENT: Number of Serbian Citizens Currently in Iran and Their Locations Revealed!<\/strong><\/a><\/p>\n\n\n\n<p><strong><a href=\"https:\/\/serbiantimes.info\/en\/tehran-shakes-america-with-israels-support-launches-bombing-of-iran-trump-speaks-out\/\" target=\"_blank\" rel=\"noopener\" title=\"\">TEHRAN SHAKES: America with Israel\u2019s support launches bombing of Iran, Trump speaks out!<\/a><\/strong><\/p>\n\n\n\n<p><strong>Source<\/strong>: Serbian Times <strong>Foto: <\/strong>Printscreen X<\/p>\n","protected":false},"excerpt":{"rendered":"<p>Iran\u2019s Supreme Leader, Ayatollah Ali Khamenei (86), was killed on Saturday in an Israeli-American attack on Tehran, the Iranian regime confirmed, several hours after it was announced by U.S. President Donald Trump and Israeli authorities. An unofficial version of his killing has also appeared in the media&#8230; Namely, according to information from American sources, Israel [&hellip;]<\/p>\n","protected":false},"author":8,"featured_media":203007,"comment_status":"open","ping_status":"open","sticky":false,"template":"","format":"standard","meta":{"newspack_featured_image_position":"","newspack_post_subtitle":"","newspack_article_summary_title":"Overview:","newspack_article_summary":"","newspack_hide_updated_date":false,"newspack_show_updated_date":false,"footnotes":""},"categories":[4],"tags":[344,71,75,129,11439,11556],"class_list":["post-203006","post","type-post","status-publish","format-standard","has-post-thumbnail","hentry","category-breaking","tag-ali-hamnei","tag-amerika","tag-iran","tag-izrael","tag-rat-u-iranu","tag-ubijen-iranski-ajatolah","entry"],"aioseo_notices":[],"distributor_meta":false,"distributor_terms":false,"distributor_media":false,"distributor_original_site_name":"Serbiantimes.info EN","distributor_original_site_url":"https:\/\/serbiantimes.info\/en","push-errors":false,"_links":{"self":[{"href":"https:\/\/serbiantimes.info\/en\/wp-json\/wp\/v2\/posts\/203006","targetHints":{"allow":["GET"]}}],"collection":[{"href":"https:\/\/serbiantimes.info\/en\/wp-json\/wp\/v2\/posts"}],"about":[{"href":"https:\/\/serbiantimes.info\/en\/wp-json\/wp\/v2\/types\/post"}],"author":[{"embeddable":true,"href":"https:\/\/serbiantimes.info\/en\/wp-json\/wp\/v2\/users\/8"}],"replies":[{"embeddable":true,"href":"https:\/\/serbiantimes.info\/en\/wp-json\/wp\/v2\/comments?post=203006"}],"version-history":[{"count":2,"href":"https:\/\/serbiantimes.info\/en\/wp-json\/wp\/v2\/posts\/203006\/revisions"}],"predecessor-version":[{"id":203035,"href":"https:\/\/serbiantimes.info\/en\/wp-json\/wp\/v2\/posts\/203006\/revisions\/203035"}],"wp:featuredmedia":[{"embeddable":true,"href":"https:\/\/serbiantimes.info\/en\/wp-json\/wp\/v2\/media\/203007"}],"wp:attachment":[{"href":"https:\/\/serbiantimes.info\/en\/wp-json\/wp\/v2\/media?parent=203006"}],"wp:term":[{"taxonomy":"category","embeddable":true,"href":"https:\/\/serbiantimes.info\/en\/wp-json\/wp\/v2\/categories?post=203006"},{"taxonomy":"post_tag","embeddable":true,"href":"https:\/\/serbiantimes.info\/en\/wp-json\/wp\/v2\/tags?post=203006"}],"curies":[{"name":"wp","href":"https:\/\/api.w.org\/{rel}","templated":true}]}}