{"id":201488,"date":"2026-02-15T12:15:33","date_gmt":"2026-02-15T10:15:33","guid":{"rendered":"https:\/\/serbiantimes.info\/en\/?p=201488"},"modified":"2026-02-15T12:15:34","modified_gmt":"2026-02-15T10:15:34","slug":"threats-to-dairy-farmers-police-and-bia-warned-farmers-to-remove-tractors-and-unblock-the-ibarska-magistrala","status":"publish","type":"post","link":"https:\/\/serbiantimes.info\/en\/threats-to-dairy-farmers-police-and-bia-warned-farmers-to-remove-tractors-and-unblock-the-ibarska-magistrala\/","title":{"rendered":"THREATS TO DAIRY FARMERS: Police and BIA warned farmers to remove tractors and unblock the Ibarska magistrala!"},"content":{"rendered":"\n<p>A member of the Association of Milk Producers of \u0160umadija and Pomoravlje, Predrag Veljkovi\u0107, told the Beta agency this evening that members of the police from \u010ca\u010dak and Kraljevo, as well as the Security-Information Agency (BIA), are threatening participants in the blockade of the Ibarska magistrala in the village of Mr\u010dajevci near \u010ca\u010dak and are demanding that they remove tractors from the highway.<\/p>\n\n\n\n<p>He added that they were threatened that, if they fail to do so, they will receive misdemeanor fines.<\/p>\n\n\n\n<p>Veljkovi\u0107 added that in addition to the farmers who own the tractors used to block the Ibarska magistrala, the police and the BIA are also summoning farmers who are at the blockade without tractors.<\/p>\n\n\n\n<p>\u201cInstead of resolving our demands they are sending the police and the BIA. They are once again using tried and tested measures of intimidation and repression, but we are not afraid and we are continuing the blockade,\u201d Veljkovi\u0107 told Beta News Agency.<\/p>\n\n\n\n<figure class=\"wp-block-embed is-type-wp-embed is-provider-serbiantimes-info wp-block-embed-serbiantimes-info\"><div class=\"wp-block-embed__wrapper\">\n<blockquote class=\"wp-embedded-content\" data-secret=\"WmquFXxlg5\"><a href=\"https:\/\/serbiantimes.info\/jokic-pred-ol-star-mec-svidja-mi-se-sto-je-srpska-zastava-na-dresu-drago-mi-je-sto-predstavljam-svoju-zemlju-i-porodicu-video\/\">JOKI\u0106 PRED OL-STAR ME\u010c: Svi\u0111a mi se \u0161to je srpska zastava na dresu, drago mi je \u0161to predstavljam svoju zemlju i porodicu (VIDEO)<\/a><\/blockquote><iframe loading=\"lazy\" class=\"wp-embedded-content\" sandbox=\"allow-scripts\" security=\"restricted\" style=\"position: absolute; visibility: hidden;\" title=\"&#132;JOKI\u0106 PRED OL-STAR ME\u010c: Svi\u0111a mi se \u0161to je srpska zastava na dresu, drago mi je \u0161to predstavljam svoju zemlju i porodicu (VIDEO)&#147; &#8212; Serbiantimes.info\" src=\"https:\/\/serbiantimes.info\/jokic-pred-ol-star-mec-svidja-mi-se-sto-je-srpska-zastava-na-dresu-drago-mi-je-sto-predstavljam-svoju-zemlju-i-porodicu-video\/embed\/#?secret=JV8pe640Vk#?secret=WmquFXxlg5\" data-secret=\"WmquFXxlg5\" width=\"500\" height=\"282\" frameborder=\"0\" marginwidth=\"0\" marginheight=\"0\" scrolling=\"no\"><\/iframe>\n<\/div><\/figure>\n\n\n\n<p>He said that vegetable growers from the vicinity of Ivanjica and Draga\u010devo also supported them this evening by visiting them at the blockade.<\/p>\n\n\n\n<p>\u201cThey tell us that they have never had such a quantity of unsold potatoes as this year and that it is measured in railcars. They are also announcing a protest due to the situation in vegetable production,\u201d Veljkovi\u0107 said.<\/p>\n\n\n\n<p>Today, the farmers blocking the Ibarska magistrala were also supported by Bishop Justin of \u017di\u010da, who, while passing through Mr\u010dajevci, got out of his car, spoke with them and blessed them.<\/p>\n\n\n\n<p>The blockade of the Ibarska magistrala in Mr\u010dajevci near \u010ca\u010dak, organized by the \u010ca\u010dak agricultural association \u201c\u0160ajka\u010da\u201d and the Kraljevo Association of Milk Producers of \u0160umadija and Pomoravlje, began on Wednesday at 1 p.m. and has been ongoing continuously since then, without incidents.<\/p>\n\n\n\n<p>Dairy farmers and agricultural producers are demanding that the state introduce levies \u2013 protective duties and quotas on the import of milk and meat \u2013 and thus protect domestic production.<\/p>\n\n\n\n<p>They are also demanding the introduction of anti-dumping measures for products that threaten domestic agricultural production, the return of milk and meat prices to the level before the reduction, as well as a guaranteed purchase of milk for every producer.<\/p>\n\n\n\n<h3 class=\"wp-block-heading\"><mark style=\"background-color:#FFFFFF;color:#d21414\" class=\"has-inline-color\">MORE TOPICS:<\/mark><\/h3>\n\n\n\n<p><strong><a href=\"https:\/\/serbiantimes.info\/en\/pedophile-arrested-in-new-belgrade-he-touched-himself-on-his-private-parts-in-front-of-children-then-beat-a-boy-with-a-pole\/\" target=\"_blank\" rel=\"noopener\" title=\"\">PEDOPHILE ARRESTED IN NEW BELGRADE: He touched himself on his private parts in front of children, then beat a boy with a pole!<\/a><\/strong><\/p>\n\n\n\n<p><strong><a href=\"https:\/\/serbiantimes.info\/en\/only-seven-days-left-nis-submitted-a-new-request-for-a-special-license-from-the-us-department-of-the-treasury\/\" target=\"_blank\" rel=\"noopener\" title=\"\">ONLY SEVEN DAYS LEFT: NIS submitted a new request for a special license from the US Department of the Treasury!<\/a><\/strong><\/p>\n\n\n\n<p><strong><a href=\"https:\/\/serbiantimes.info\/en\/horror-in-ivanjica-dangerous-poison-scattered-on-the-streets-several-dogs-died-human-health-also-endangered\/\" target=\"_blank\" rel=\"noopener\" title=\"\">HORROR IN IVANJICA: Dangerous poison scattered on the streets, several dogs died, human health also endangered!<\/a><\/strong><\/p>\n\n\n\n<p><strong><a href=\"https:\/\/serbiantimes.info\/en\/miomir-in-the-quarter-finals-kecmanovic-achieved-an-important-victory-in-dallas-over-the-24th-ranked-tennis-player-in-the-world\/\" target=\"_blank\" rel=\"noopener\" title=\"\">MIOMIR IN THE QUARTER-FINALS: Kecmanovi\u0107 achieved an important victory in Dallas over the 24th-ranked tennis player in the world!<\/a><\/strong><\/p>\n\n\n\n<p><strong><a href=\"https:\/\/serbiantimes.info\/en\/the-greatest-serbian-diplomat-heres-why-jovan-ristic-is-known-as-the-thomas-jefferson-of-serbia-2\/\" target=\"_blank\" rel=\"noopener\" title=\"\">THE GREATEST SERBIAN DIPLOMAT: Here\u2019s Why Jovan Risti\u0107 Is Known as the Thomas Jefferson of Serbia!<\/a><\/strong><\/p>\n\n\n\n<p><strong><a href=\"https:\/\/serbiantimes.info\/en\/the-birth-of-the-nemanjic-dynasty-the-story-of-stefan-the-first-crowned-and-the-creation-of-the-first-serbian-kingdom\/\" target=\"_blank\" rel=\"noopener\" title=\"\">THE BIRTH OF THE NEMANJI\u0106 DYNASTY: The story of Stefan the First-Crowned and the creation of the first Serbian kingdom!<\/a><\/strong><\/p>\n\n\n\n<p><strong><strong><strong>Source<\/strong><\/strong><\/strong>: Nedeljnik, <strong>Foto:<\/strong> Youtube\/Ozzon pres<\/p>\n","protected":false},"excerpt":{"rendered":"<p>A member of the Association of Milk Producers of \u0160umadija and Pomoravlje, Predrag Veljkovi\u0107, told the Beta agency this evening that members of the police from \u010ca\u010dak and Kraljevo, as well as the Security-Information Agency (BIA), are threatening participants in the blockade of the Ibarska magistrala in the village of Mr\u010dajevci near \u010ca\u010dak and are [&hellip;]<\/p>\n","protected":false},"author":2169,"featured_media":201489,"comment_status":"open","ping_status":"open","sticky":false,"template":"","format":"standard","meta":{"newspack_featured_image_position":"","newspack_post_subtitle":"","newspack_article_summary_title":"Overview:","newspack_article_summary":"","newspack_hide_updated_date":false,"newspack_show_updated_date":false,"footnotes":""},"categories":[7],"tags":[3596,2744,11254,166,1495],"class_list":["post-201488","post","type-post","status-publish","format-standard","has-post-thumbnail","hentry","category-serbia","tag-bia","tag-blokada","tag-mlekari","tag-poljoprivreda","tag-pretnje","entry"],"aioseo_notices":[],"distributor_meta":false,"distributor_terms":false,"distributor_media":false,"distributor_original_site_name":"Serbiantimes.info EN","distributor_original_site_url":"https:\/\/serbiantimes.info\/en","push-errors":false,"_links":{"self":[{"href":"https:\/\/serbiantimes.info\/en\/wp-json\/wp\/v2\/posts\/201488","targetHints":{"allow":["GET"]}}],"collection":[{"href":"https:\/\/serbiantimes.info\/en\/wp-json\/wp\/v2\/posts"}],"about":[{"href":"https:\/\/serbiantimes.info\/en\/wp-json\/wp\/v2\/types\/post"}],"author":[{"embeddable":true,"href":"https:\/\/serbiantimes.info\/en\/wp-json\/wp\/v2\/users\/2169"}],"replies":[{"embeddable":true,"href":"https:\/\/serbiantimes.info\/en\/wp-json\/wp\/v2\/comments?post=201488"}],"version-history":[{"count":2,"href":"https:\/\/serbiantimes.info\/en\/wp-json\/wp\/v2\/posts\/201488\/revisions"}],"predecessor-version":[{"id":201511,"href":"https:\/\/serbiantimes.info\/en\/wp-json\/wp\/v2\/posts\/201488\/revisions\/201511"}],"wp:featuredmedia":[{"embeddable":true,"href":"https:\/\/serbiantimes.info\/en\/wp-json\/wp\/v2\/media\/201489"}],"wp:attachment":[{"href":"https:\/\/serbiantimes.info\/en\/wp-json\/wp\/v2\/media?parent=201488"}],"wp:term":[{"taxonomy":"category","embeddable":true,"href":"https:\/\/serbiantimes.info\/en\/wp-json\/wp\/v2\/categories?post=201488"},{"taxonomy":"post_tag","embeddable":true,"href":"https:\/\/serbiantimes.info\/en\/wp-json\/wp\/v2\/tags?post=201488"}],"curies":[{"name":"wp","href":"https:\/\/api.w.org\/{rel}","templated":true}]}}