{"id":201155,"date":"2026-02-11T17:13:05","date_gmt":"2026-02-11T15:13:05","guid":{"rendered":"https:\/\/serbiantimes.info\/en\/?p=201155"},"modified":"2026-02-11T17:13:07","modified_gmt":"2026-02-11T15:13:07","slug":"woman-at-the-head-of-the-serbian-public-service-manja-grcic-elected-as-director-of-rts","status":"publish","type":"post","link":"https:\/\/serbiantimes.info\/en\/woman-at-the-head-of-the-serbian-public-service-manja-grcic-elected-as-director-of-rts\/","title":{"rendered":"WOMAN AT THE HEAD OF THE SERBIAN PUBLIC SERVICE: Manja Gr\u010di\u0107 elected as director of RTS!"},"content":{"rendered":"\n<p class=\"wp-block-paragraph\"><strong><em>Manja Gr\u010di\u0107 was elected as the director of Radio Television of Serbia at today&#8217;s session of the RTS Board of Directors, Danas learns.<\/em><\/strong><\/p>\n\n\n\n<p class=\"wp-block-paragraph\">Gr\u010di\u0107, as media reports state, submitted a certificate at today&#8217;s session of the Board of Directors stating that her diploma contains 240 ECTS credits.<\/p>\n\n\n\n<p class=\"wp-block-paragraph\">The RTS Board of Directors held a session because Dragan Bujo\u0161evi\u0107, whose mandate as general director expired on February 3, did not sign an employment contract, so the public service has no acting director, nor anyone else who can sign official decisions.<\/p>\n\n\n\n<p class=\"wp-block-paragraph\">According to the Law on Public Media Services, in the event of the termination of the general director&#8217;s mandate, the Board of Directors, without delay, appoints an acting general director from among the employees.<\/p>\n\n\n\n<p class=\"wp-block-paragraph\">Previously, on February 2, the RTS Board of Directors appointed Bujo\u0161evi\u0107 as acting director for another six months, but, as mentioned, he did not sign the contract.<\/p>\n\n\n\n<p class=\"wp-block-paragraph\">Six candidates met the requirements for the competition for the appointment of the general director of RTS: Dejan Stankovi\u0107, Sla\u0111ana Ivan\u010devi\u0107, Milo\u0161 Tanaskovi\u0107, Manja Gr\u010di\u0107, Stanislav Veljkovi\u0107, and Dragoljub Stanki\u0107.<\/p>\n\n\n\n<p class=\"wp-block-paragraph\">As a reminder, on December 15 of last year, at the 35th regular session, the Board of Directors of Radio Television of Serbia decided to re-announce a public competition for the appointment of the general director of RTS; however, none of the candidates who met the conditions of the competition received the necessary two-thirds majority of votes.<\/p>\n\n\n\n<p class=\"wp-block-paragraph\">For this reason, the Board of Directors decided to re-announce the public competition for the appointment of the general director of RTS.<\/p>\n\n\n\n<p class=\"wp-block-paragraph\">Then, on January 26 of this year, at a session of the Board of Directors of the Public Media Institution Radio Television of Serbia, another application for the competition for the appointment of the general director of RTS was opened.<\/p>\n\n\n\n<p class=\"wp-block-paragraph\">On that occasion, applications were sent via the Post of Serbia until January 16, and arrived at RTS on January 23. The application was sent by Dragoljub Stanki\u0107, and the Board of Directors determined that he meets the requirements of the competition.<\/p>\n\n\n\n<p class=\"wp-block-paragraph\">At that session, 10 applications were opened, five of which were taken into consideration.<\/p>\n\n\n\n<p class=\"wp-block-paragraph\">The candidates are, as mentioned: Dejan Stankovi\u0107, Sla\u0111ana Ivan\u010devi\u0107, Milo\u0161 Tanaskovi\u0107, Manja Gr\u010di\u0107, and Stanislav Veljkovi\u0107.<\/p>\n\n\n\n<p class=\"wp-block-paragraph\">However, at the session held about ten days ago, on February 2, the RTS Board of Directors did not elect a general director, so a new competition was announced for this position.<\/p>\n\n\n\n<p class=\"wp-block-paragraph\">At that time, Dragan Bujo\u0161evi\u0107 was elected acting director, and Stanislav Veljkovi\u0107 in the meantime withdrew his candidacy, while the candidacy of Manja Gr\u010di\u0107 was challenged due to suspicion that the diploma from the University of Leeds, which she submitted for the competition, does not have the required 240 ECTS points.<\/p>\n\n\n\n<h4 class=\"wp-block-heading\"><mark style=\"background-color:#FFFFFF;color:#d21414\" class=\"has-inline-color\">MORE TOPICS:<\/mark><\/h4>\n\n\n\n<p class=\"wp-block-paragraph\"><strong><a href=\"https:\/\/serbiantimes.info\/en\/tragedy-near-loznica-dragan-and-marko-were-preparing-a-holiday-home-for-the-summer-suffocated-in-their-sleep-due-to-a-generator\/\" target=\"_blank\" rel=\"noopener\" title=\"\">TRAGEDY NEAR LOZNICA: Dragan and Marko were preparing a holiday home for the summer, suffocated in their sleep due to a generator!<\/a><\/strong><\/p>\n\n\n\n<p class=\"wp-block-paragraph\"><strong><a href=\"https:\/\/serbiantimes.info\/en\/due-to-the-death-of-little-ema-director-of-the-general-hospital-in-cacak-resigned-after-citizen-protests\/\" target=\"_blank\" rel=\"noopener\" title=\"\">DUE TO THE DEATH OF LITTLE EMA: Director of the General Hospital in \u010ca\u010dak resigned after citizen protests!<\/a><\/strong><\/p>\n\n\n\n<p class=\"wp-block-paragraph\"><strong><a href=\"https:\/\/serbiantimes.info\/en\/milos-entered-musical-history-producer-from-belgrade-won-two-grammy-awards\/\" target=\"_blank\" rel=\"noopener\" title=\"\">MILO\u0160 ENTERED MUSICAL HISTORY: Producer from Belgrade won two Grammy awards!<\/a><\/strong><\/p>\n\n\n\n<p class=\"wp-block-paragraph\"><strong><a href=\"https:\/\/serbiantimes.info\/en\/hellish-night-in-tirana-protesters-tried-to-set-fire-to-edi-ramas-cabinet-violent-clashes-with-police-video\/\" target=\"_blank\" rel=\"noopener\" title=\"\">HELLISH NIGHT IN TIRANA: Protesters tried to set fire to Edi Rama\u2019s cabinet, violent clashes with police! (VIDEO)<\/a><\/strong><\/p>\n\n\n\n<p class=\"wp-block-paragraph\"><strong><a href=\"https:\/\/serbiantimes.info\/en\/serb-arrested-in-italy-he-robbed-more-than-20-atms-across-the-country-with-explosives\/\" target=\"_blank\" rel=\"noopener\" title=\"\">SERB ARRESTED IN ITALY: He robbed more than 20 ATMs across the country with explosives!<\/a><\/strong><\/p>\n\n\n\n<p class=\"wp-block-paragraph\"><strong>Source<\/strong>: Danas; <strong>Photo<\/strong>: ATA Images<\/p>\n","protected":false},"excerpt":{"rendered":"<p>Manja Gr\u010di\u0107 was elected as the director of Radio Television of Serbia at today&#8217;s session of the RTS Board of Directors, Danas learns. Gr\u010di\u0107, as media reports state, submitted a certificate at today&#8217;s session of the Board of Directors stating that her diploma contains 240 ECTS credits. The RTS Board of Directors held a session [&hellip;]<\/p>\n","protected":false},"author":2169,"featured_media":201156,"comment_status":"open","ping_status":"open","sticky":false,"template":"","format":"standard","meta":{"newspack_featured_image_position":"","newspack_post_subtitle":"","newspack_article_summary_title":"Overview:","newspack_article_summary":"","newspack_hide_updated_date":false,"newspack_show_updated_date":false,"footnotes":""},"categories":[7],"tags":[11260,4421,11261,10866,113],"class_list":["post-201155","post","type-post","status-publish","format-standard","has-post-thumbnail","hentry","category-serbia","tag-direktorka-rts","tag-javni-servis","tag-manja-grcic","tag-radio-televizija-srbije-2","tag-srbija","entry"],"aioseo_notices":[],"aioseo_head":"\n\t\t<!-- All in One SEO 5.0.1.1 - aioseo.com -->\n\t<meta name=\"description\" content=\"Manja Gr\u010di\u0107 was elected as the director of Radio Television of Serbia at today&#039;s session of the RTS Board of Directors, Danas learns. Gr\u010di\u0107, as media reports state, submitted a certificate at today&#039;s session of the Board of Directors stating that her diploma contains 240 ECTS credits. The RTS Board of Directors held a session\" \/>\n\t<meta name=\"robots\" content=\"max-image-preview:large\" \/>\n\t<meta name=\"author\" content=\"Serbian Times\"\/>\n\t<link rel=\"canonical\" href=\"https:\/\/serbiantimes.info\/en\/woman-at-the-head-of-the-serbian-public-service-manja-grcic-elected-as-director-of-rts\/\" \/>\n\t<meta name=\"generator\" content=\"All in One SEO (AIOSEO) 5.0.1.1\" \/>\n\t\t<meta property=\"og:locale\" content=\"en_US\" \/>\n\t\t<meta property=\"og:site_name\" content=\"Serbiantimes.info EN |\" \/>\n\t\t<meta property=\"og:type\" content=\"article\" \/>\n\t\t<meta property=\"og:title\" content=\"WOMAN AT THE HEAD OF THE SERBIAN PUBLIC SERVICE: Manja Gr\u010di\u0107 elected as director of RTS! | Serbiantimes.info EN\" \/>\n\t\t<meta property=\"og:description\" content=\"Manja Gr\u010di\u0107 was elected as the director of Radio Television of Serbia at today&#039;s session of the RTS Board of Directors, Danas learns. Gr\u010di\u0107, as media reports state, submitted a certificate at today&#039;s session of the Board of Directors stating that her diploma contains 240 ECTS credits. The RTS Board of Directors held a session\" \/>\n\t\t<meta property=\"og:url\" content=\"https:\/\/serbiantimes.info\/en\/woman-at-the-head-of-the-serbian-public-service-manja-grcic-elected-as-director-of-rts\/\" \/>\n\t\t<meta property=\"og:image\" content=\"https:\/\/serbiantimes.info\/en\/wp-content\/uploads\/sites\/2\/2026\/02\/ST-Montaze-2026-02-11T160527.806.jpg\" \/>\n\t\t<meta property=\"og:image:secure_url\" content=\"https:\/\/serbiantimes.info\/en\/wp-content\/uploads\/sites\/2\/2026\/02\/ST-Montaze-2026-02-11T160527.806.jpg\" \/>\n\t\t<meta property=\"og:image:width\" content=\"1200\" \/>\n\t\t<meta property=\"og:image:height\" content=\"750\" \/>\n\t\t<meta property=\"article:published_time\" content=\"2026-02-11T15:13:05+00:00\" \/>\n\t\t<meta property=\"article:modified_time\" content=\"2026-02-11T15:13:07+00:00\" \/>\n\t\t<meta name=\"twitter:card\" content=\"summary_large_image\" \/>\n\t\t<meta name=\"twitter:title\" content=\"WOMAN AT THE HEAD OF THE SERBIAN PUBLIC SERVICE: Manja Gr\u010di\u0107 elected as director of RTS! | Serbiantimes.info EN\" \/>\n\t\t<meta name=\"twitter:description\" content=\"Manja Gr\u010di\u0107 was elected as the director of Radio Television of Serbia at today&#039;s session of the RTS Board of Directors, Danas learns. Gr\u010di\u0107, as media reports state, submitted a certificate at today&#039;s session of the Board of Directors stating that her diploma contains 240 ECTS credits. The RTS Board of Directors held a session\" \/>\n\t\t<meta name=\"twitter:image\" content=\"https:\/\/serbiantimes.info\/en\/wp-content\/uploads\/sites\/2\/2026\/02\/ST-Montaze-2026-02-11T160527.806.jpg\" \/>\n\t\t<script type=\"application\/ld+json\" class=\"aioseo-schema\">\n\t\t\t{\"@context\":\"https:\\\/\\\/schema.org\",\"@graph\":[{\"@type\":\"BlogPosting\",\"@id\":\"https:\\\/\\\/serbiantimes.info\\\/en\\\/woman-at-the-head-of-the-serbian-public-service-manja-grcic-elected-as-director-of-rts\\\/#blogposting\",\"name\":\"WOMAN AT THE HEAD OF THE SERBIAN PUBLIC SERVICE: Manja Gr\\u010di\\u0107 elected as director of RTS! | Serbiantimes.info EN\",\"headline\":\"WOMAN AT THE HEAD OF THE SERBIAN PUBLIC SERVICE: Manja Gr\\u010di\\u0107 elected as director of RTS!\",\"author\":{\"@id\":\"https:\\\/\\\/serbiantimes.info\\\/en\\\/author\\\/serbiantimes-portal\\\/#author\"},\"publisher\":{\"@id\":\"https:\\\/\\\/serbiantimes.info\\\/en\\\/#organization\"},\"image\":{\"@type\":\"ImageObject\",\"url\":\"https:\\\/\\\/serbiantimes.info\\\/en\\\/wp-content\\\/uploads\\\/sites\\\/2\\\/2026\\\/02\\\/ST-Montaze-2026-02-11T160527.806.jpg\",\"width\":1200,\"height\":750},\"datePublished\":\"2026-02-11T17:13:05+02:00\",\"dateModified\":\"2026-02-11T17:13:07+02:00\",\"inLanguage\":\"en-US\",\"mainEntityOfPage\":{\"@id\":\"https:\\\/\\\/serbiantimes.info\\\/en\\\/woman-at-the-head-of-the-serbian-public-service-manja-grcic-elected-as-director-of-rts\\\/#webpage\"},\"isPartOf\":{\"@id\":\"https:\\\/\\\/serbiantimes.info\\\/en\\\/woman-at-the-head-of-the-serbian-public-service-manja-grcic-elected-as-director-of-rts\\\/#webpage\"},\"articleSection\":\"SERBIA, direktorka rts, Javni Servis, manja gr\\u010di\\u0107, radio-televizija srbije, Srbija\"},{\"@type\":\"BreadcrumbList\",\"@id\":\"https:\\\/\\\/serbiantimes.info\\\/en\\\/woman-at-the-head-of-the-serbian-public-service-manja-grcic-elected-as-director-of-rts\\\/#breadcrumblist\",\"itemListElement\":[{\"@type\":\"ListItem\",\"@id\":\"https:\\\/\\\/serbiantimes.info\\\/en#listItem\",\"position\":1,\"name\":\"Home\",\"item\":\"https:\\\/\\\/serbiantimes.info\\\/en\",\"nextItem\":{\"@type\":\"ListItem\",\"@id\":\"https:\\\/\\\/serbiantimes.info\\\/en\\\/category\\\/serbia\\\/#listItem\",\"name\":\"SERBIA\"}},{\"@type\":\"ListItem\",\"@id\":\"https:\\\/\\\/serbiantimes.info\\\/en\\\/category\\\/serbia\\\/#listItem\",\"position\":2,\"name\":\"SERBIA\",\"item\":\"https:\\\/\\\/serbiantimes.info\\\/en\\\/category\\\/serbia\\\/\",\"nextItem\":{\"@type\":\"ListItem\",\"@id\":\"https:\\\/\\\/serbiantimes.info\\\/en\\\/woman-at-the-head-of-the-serbian-public-service-manja-grcic-elected-as-director-of-rts\\\/#listItem\",\"name\":\"WOMAN AT THE HEAD OF THE SERBIAN PUBLIC SERVICE: Manja Gr\\u010di\\u0107 elected as director of RTS!\"},\"previousItem\":{\"@type\":\"ListItem\",\"@id\":\"https:\\\/\\\/serbiantimes.info\\\/en#listItem\",\"name\":\"Home\"}},{\"@type\":\"ListItem\",\"@id\":\"https:\\\/\\\/serbiantimes.info\\\/en\\\/woman-at-the-head-of-the-serbian-public-service-manja-grcic-elected-as-director-of-rts\\\/#listItem\",\"position\":3,\"name\":\"WOMAN AT THE HEAD OF THE SERBIAN PUBLIC SERVICE: Manja Gr\\u010di\\u0107 elected as director of RTS!\",\"previousItem\":{\"@type\":\"ListItem\",\"@id\":\"https:\\\/\\\/serbiantimes.info\\\/en\\\/category\\\/serbia\\\/#listItem\",\"name\":\"SERBIA\"}}]},{\"@type\":\"Organization\",\"@id\":\"https:\\\/\\\/serbiantimes.info\\\/en\\\/#organization\",\"name\":\"Serbiantimes.info EN\",\"url\":\"https:\\\/\\\/serbiantimes.info\\\/en\\\/\",\"logo\":{\"@type\":\"ImageObject\",\"url\":\"https:\\\/\\\/serbiantimes.info\\\/en\\\/wp-content\\\/uploads\\\/sites\\\/2\\\/2024\\\/10\\\/cropped-cropped-Serbian-Times-Header-Logo-1.png\",\"@id\":\"https:\\\/\\\/serbiantimes.info\\\/en\\\/woman-at-the-head-of-the-serbian-public-service-manja-grcic-elected-as-director-of-rts\\\/#organizationLogo\",\"width\":480,\"height\":100},\"image\":{\"@id\":\"https:\\\/\\\/serbiantimes.info\\\/en\\\/woman-at-the-head-of-the-serbian-public-service-manja-grcic-elected-as-director-of-rts\\\/#organizationLogo\"}},{\"@type\":\"Person\",\"@id\":\"https:\\\/\\\/serbiantimes.info\\\/en\\\/author\\\/serbiantimes-portal\\\/#author\",\"url\":\"https:\\\/\\\/serbiantimes.info\\\/en\\\/author\\\/serbiantimes-portal\\\/\",\"name\":\"Serbian Times\",\"image\":{\"@type\":\"ImageObject\",\"@id\":\"https:\\\/\\\/serbiantimes.info\\\/en\\\/woman-at-the-head-of-the-serbian-public-service-manja-grcic-elected-as-director-of-rts\\\/#authorImage\",\"url\":\"https:\\\/\\\/secure.gravatar.com\\\/avatar\\\/ea76e009769270b4193e2bc7e032c096b4ae135483ec03b396fd0f520bc3dcfd?s=96&d=mm&r=g\",\"width\":96,\"height\":96,\"caption\":\"Serbian Times\"}},{\"@type\":\"WebPage\",\"@id\":\"https:\\\/\\\/serbiantimes.info\\\/en\\\/woman-at-the-head-of-the-serbian-public-service-manja-grcic-elected-as-director-of-rts\\\/#webpage\",\"url\":\"https:\\\/\\\/serbiantimes.info\\\/en\\\/woman-at-the-head-of-the-serbian-public-service-manja-grcic-elected-as-director-of-rts\\\/\",\"name\":\"WOMAN AT THE HEAD OF THE SERBIAN PUBLIC SERVICE: Manja Gr\\u010di\\u0107 elected as director of RTS! | Serbiantimes.info EN\",\"description\":\"Manja Gr\\u010di\\u0107 was elected as the director of Radio Television of Serbia at today's session of the RTS Board of Directors, Danas learns. Gr\\u010di\\u0107, as media reports state, submitted a certificate at today's session of the Board of Directors stating that her diploma contains 240 ECTS credits. The RTS Board of Directors held a session\",\"inLanguage\":\"en-US\",\"isPartOf\":{\"@id\":\"https:\\\/\\\/serbiantimes.info\\\/en\\\/#website\"},\"breadcrumb\":{\"@id\":\"https:\\\/\\\/serbiantimes.info\\\/en\\\/woman-at-the-head-of-the-serbian-public-service-manja-grcic-elected-as-director-of-rts\\\/#breadcrumblist\"},\"author\":{\"@id\":\"https:\\\/\\\/serbiantimes.info\\\/en\\\/author\\\/serbiantimes-portal\\\/#author\"},\"creator\":{\"@id\":\"https:\\\/\\\/serbiantimes.info\\\/en\\\/author\\\/serbiantimes-portal\\\/#author\"},\"image\":{\"@type\":\"ImageObject\",\"url\":\"https:\\\/\\\/serbiantimes.info\\\/en\\\/wp-content\\\/uploads\\\/sites\\\/2\\\/2026\\\/02\\\/ST-Montaze-2026-02-11T160527.806.jpg\",\"@id\":\"https:\\\/\\\/serbiantimes.info\\\/en\\\/woman-at-the-head-of-the-serbian-public-service-manja-grcic-elected-as-director-of-rts\\\/#mainImage\",\"width\":1200,\"height\":750},\"primaryImageOfPage\":{\"@id\":\"https:\\\/\\\/serbiantimes.info\\\/en\\\/woman-at-the-head-of-the-serbian-public-service-manja-grcic-elected-as-director-of-rts\\\/#mainImage\"},\"datePublished\":\"2026-02-11T17:13:05+02:00\",\"dateModified\":\"2026-02-11T17:13:07+02:00\"},{\"@type\":\"WebSite\",\"@id\":\"https:\\\/\\\/serbiantimes.info\\\/en\\\/#website\",\"url\":\"https:\\\/\\\/serbiantimes.info\\\/en\\\/\",\"name\":\"Serbiantimes.info EN\",\"inLanguage\":\"en-US\",\"publisher\":{\"@id\":\"https:\\\/\\\/serbiantimes.info\\\/en\\\/#organization\"}}]}\n\t\t<\/script>\n\t\t<!-- All in One SEO -->\n\n","aioseo_head_json":{"title":"WOMAN AT THE HEAD OF THE SERBIAN PUBLIC SERVICE: Manja Gr\u010di\u0107 elected as director of RTS! | Serbiantimes.info EN","description":"Manja Gr\u010di\u0107 was elected as the director of Radio Television of Serbia at today's session of the RTS Board of Directors, Danas learns. Gr\u010di\u0107, as media reports state, submitted a certificate at today's session of the Board of Directors stating that her diploma contains 240 ECTS credits. The RTS Board of Directors held a session","canonical_url":"https:\/\/serbiantimes.info\/en\/woman-at-the-head-of-the-serbian-public-service-manja-grcic-elected-as-director-of-rts\/","robots":"max-image-preview:large","keywords":"","webmasterTools":{"miscellaneous":""},"schema":{"@context":"https:\/\/schema.org","@graph":[{"@type":"BlogPosting","@id":"https:\/\/serbiantimes.info\/en\/woman-at-the-head-of-the-serbian-public-service-manja-grcic-elected-as-director-of-rts\/#blogposting","name":"WOMAN AT THE HEAD OF THE SERBIAN PUBLIC SERVICE: Manja Gr\u010di\u0107 elected as director of RTS! | Serbiantimes.info EN","headline":"WOMAN AT THE HEAD OF THE SERBIAN PUBLIC SERVICE: Manja Gr\u010di\u0107 elected as director of RTS!","author":{"@id":"https:\/\/serbiantimes.info\/en\/author\/serbiantimes-portal\/#author"},"publisher":{"@id":"https:\/\/serbiantimes.info\/en\/#organization"},"image":{"@type":"ImageObject","url":"https:\/\/serbiantimes.info\/en\/wp-content\/uploads\/sites\/2\/2026\/02\/ST-Montaze-2026-02-11T160527.806.jpg","width":1200,"height":750},"datePublished":"2026-02-11T17:13:05+02:00","dateModified":"2026-02-11T17:13:07+02:00","inLanguage":"en-US","mainEntityOfPage":{"@id":"https:\/\/serbiantimes.info\/en\/woman-at-the-head-of-the-serbian-public-service-manja-grcic-elected-as-director-of-rts\/#webpage"},"isPartOf":{"@id":"https:\/\/serbiantimes.info\/en\/woman-at-the-head-of-the-serbian-public-service-manja-grcic-elected-as-director-of-rts\/#webpage"},"articleSection":"SERBIA, direktorka rts, Javni Servis, manja gr\u010di\u0107, radio-televizija srbije, Srbija"},{"@type":"BreadcrumbList","@id":"https:\/\/serbiantimes.info\/en\/woman-at-the-head-of-the-serbian-public-service-manja-grcic-elected-as-director-of-rts\/#breadcrumblist","itemListElement":[{"@type":"ListItem","@id":"https:\/\/serbiantimes.info\/en#listItem","position":1,"name":"Home","item":"https:\/\/serbiantimes.info\/en","nextItem":{"@type":"ListItem","@id":"https:\/\/serbiantimes.info\/en\/category\/serbia\/#listItem","name":"SERBIA"}},{"@type":"ListItem","@id":"https:\/\/serbiantimes.info\/en\/category\/serbia\/#listItem","position":2,"name":"SERBIA","item":"https:\/\/serbiantimes.info\/en\/category\/serbia\/","nextItem":{"@type":"ListItem","@id":"https:\/\/serbiantimes.info\/en\/woman-at-the-head-of-the-serbian-public-service-manja-grcic-elected-as-director-of-rts\/#listItem","name":"WOMAN AT THE HEAD OF THE SERBIAN PUBLIC SERVICE: Manja Gr\u010di\u0107 elected as director of RTS!"},"previousItem":{"@type":"ListItem","@id":"https:\/\/serbiantimes.info\/en#listItem","name":"Home"}},{"@type":"ListItem","@id":"https:\/\/serbiantimes.info\/en\/woman-at-the-head-of-the-serbian-public-service-manja-grcic-elected-as-director-of-rts\/#listItem","position":3,"name":"WOMAN AT THE HEAD OF THE SERBIAN PUBLIC SERVICE: Manja Gr\u010di\u0107 elected as director of RTS!","previousItem":{"@type":"ListItem","@id":"https:\/\/serbiantimes.info\/en\/category\/serbia\/#listItem","name":"SERBIA"}}]},{"@type":"Organization","@id":"https:\/\/serbiantimes.info\/en\/#organization","name":"Serbiantimes.info EN","url":"https:\/\/serbiantimes.info\/en\/","logo":{"@type":"ImageObject","url":"https:\/\/serbiantimes.info\/en\/wp-content\/uploads\/sites\/2\/2024\/10\/cropped-cropped-Serbian-Times-Header-Logo-1.png","@id":"https:\/\/serbiantimes.info\/en\/woman-at-the-head-of-the-serbian-public-service-manja-grcic-elected-as-director-of-rts\/#organizationLogo","width":480,"height":100},"image":{"@id":"https:\/\/serbiantimes.info\/en\/woman-at-the-head-of-the-serbian-public-service-manja-grcic-elected-as-director-of-rts\/#organizationLogo"}},{"@type":"Person","@id":"https:\/\/serbiantimes.info\/en\/author\/serbiantimes-portal\/#author","url":"https:\/\/serbiantimes.info\/en\/author\/serbiantimes-portal\/","name":"Serbian Times","image":{"@type":"ImageObject","@id":"https:\/\/serbiantimes.info\/en\/woman-at-the-head-of-the-serbian-public-service-manja-grcic-elected-as-director-of-rts\/#authorImage","url":"https:\/\/secure.gravatar.com\/avatar\/ea76e009769270b4193e2bc7e032c096b4ae135483ec03b396fd0f520bc3dcfd?s=96&d=mm&r=g","width":96,"height":96,"caption":"Serbian Times"}},{"@type":"WebPage","@id":"https:\/\/serbiantimes.info\/en\/woman-at-the-head-of-the-serbian-public-service-manja-grcic-elected-as-director-of-rts\/#webpage","url":"https:\/\/serbiantimes.info\/en\/woman-at-the-head-of-the-serbian-public-service-manja-grcic-elected-as-director-of-rts\/","name":"WOMAN AT THE HEAD OF THE SERBIAN PUBLIC SERVICE: Manja Gr\u010di\u0107 elected as director of RTS! | Serbiantimes.info EN","description":"Manja Gr\u010di\u0107 was elected as the director of Radio Television of Serbia at today's session of the RTS Board of Directors, Danas learns. Gr\u010di\u0107, as media reports state, submitted a certificate at today's session of the Board of Directors stating that her diploma contains 240 ECTS credits. The RTS Board of Directors held a session","inLanguage":"en-US","isPartOf":{"@id":"https:\/\/serbiantimes.info\/en\/#website"},"breadcrumb":{"@id":"https:\/\/serbiantimes.info\/en\/woman-at-the-head-of-the-serbian-public-service-manja-grcic-elected-as-director-of-rts\/#breadcrumblist"},"author":{"@id":"https:\/\/serbiantimes.info\/en\/author\/serbiantimes-portal\/#author"},"creator":{"@id":"https:\/\/serbiantimes.info\/en\/author\/serbiantimes-portal\/#author"},"image":{"@type":"ImageObject","url":"https:\/\/serbiantimes.info\/en\/wp-content\/uploads\/sites\/2\/2026\/02\/ST-Montaze-2026-02-11T160527.806.jpg","@id":"https:\/\/serbiantimes.info\/en\/woman-at-the-head-of-the-serbian-public-service-manja-grcic-elected-as-director-of-rts\/#mainImage","width":1200,"height":750},"primaryImageOfPage":{"@id":"https:\/\/serbiantimes.info\/en\/woman-at-the-head-of-the-serbian-public-service-manja-grcic-elected-as-director-of-rts\/#mainImage"},"datePublished":"2026-02-11T17:13:05+02:00","dateModified":"2026-02-11T17:13:07+02:00"},{"@type":"WebSite","@id":"https:\/\/serbiantimes.info\/en\/#website","url":"https:\/\/serbiantimes.info\/en\/","name":"Serbiantimes.info EN","inLanguage":"en-US","publisher":{"@id":"https:\/\/serbiantimes.info\/en\/#organization"}}]},"og:locale":"en_US","og:site_name":"Serbiantimes.info EN |","og:type":"article","og:title":"WOMAN AT THE HEAD OF THE SERBIAN PUBLIC SERVICE: Manja Gr\u010di\u0107 elected as director of RTS! | Serbiantimes.info EN","og:description":"Manja Gr\u010di\u0107 was elected as the director of Radio Television of Serbia at today's session of the RTS Board of Directors, Danas learns. Gr\u010di\u0107, as media reports state, submitted a certificate at today's session of the Board of Directors stating that her diploma contains 240 ECTS credits. The RTS Board of Directors held a session","og:url":"https:\/\/serbiantimes.info\/en\/woman-at-the-head-of-the-serbian-public-service-manja-grcic-elected-as-director-of-rts\/","og:image":"https:\/\/serbiantimes.info\/en\/wp-content\/uploads\/sites\/2\/2026\/02\/ST-Montaze-2026-02-11T160527.806.jpg","og:image:secure_url":"https:\/\/serbiantimes.info\/en\/wp-content\/uploads\/sites\/2\/2026\/02\/ST-Montaze-2026-02-11T160527.806.jpg","og:image:width":1200,"og:image:height":750,"article:published_time":"2026-02-11T15:13:05+00:00","article:modified_time":"2026-02-11T15:13:07+00:00","twitter:card":"summary_large_image","twitter:title":"WOMAN AT THE HEAD OF THE SERBIAN PUBLIC SERVICE: Manja Gr\u010di\u0107 elected as director of RTS! | Serbiantimes.info EN","twitter:description":"Manja Gr\u010di\u0107 was elected as the director of Radio Television of Serbia at today's session of the RTS Board of Directors, Danas learns. Gr\u010di\u0107, as media reports state, submitted a certificate at today's session of the Board of Directors stating that her diploma contains 240 ECTS credits. The RTS Board of Directors held a session","twitter:image":"https:\/\/serbiantimes.info\/en\/wp-content\/uploads\/sites\/2\/2026\/02\/ST-Montaze-2026-02-11T160527.806.jpg"},"aioseo_meta_data":{"post_id":"201155","title":null,"description":null,"keywords":null,"keyphrases":{"focus":{"keyphrase":"","score":0,"analysis":{"keyphraseInTitle":{"score":0,"maxScore":9,"error":1}}},"additional":[]},"primary_term":null,"canonical_url":null,"og_title":null,"og_description":null,"og_object_type":"default","og_image_type":"default","og_image_url":null,"og_image_width":null,"og_image_height":null,"og_image_custom_url":null,"og_image_custom_fields":null,"og_video":"","og_custom_url":null,"og_article_section":null,"og_article_tags":null,"twitter_use_og":false,"twitter_card":"default","twitter_image_type":"default","twitter_image_url":null,"twitter_image_custom_url":null,"twitter_image_custom_fields":null,"twitter_title":null,"twitter_description":null,"schema":{"blockGraphs":[],"customGraphs":[],"default":{"data":{"Article":[],"Course":[],"Dataset":[],"FAQPage":[],"Movie":[],"Person":[],"Product":[],"ProductReview":[],"Car":[],"Recipe":[],"Service":[],"SoftwareApplication":[],"WebPage":[]},"graphName":"BlogPosting","isEnabled":true},"graphs":[]},"schema_type":"default","schema_type_options":null,"pillar_content":false,"robots_default":true,"robots_noindex":false,"robots_noarchive":false,"robots_nosnippet":false,"robots_nofollow":false,"robots_noimageindex":false,"robots_noodp":false,"robots_notranslate":false,"robots_max_snippet":"-1","robots_max_videopreview":"-1","robots_max_imagepreview":"large","priority":null,"frequency":"default","local_seo":null,"breadcrumb_settings":null,"limit_modified_date":false,"ai":{"faqs":[],"keyPoints":[],"titles":[],"descriptions":[],"socialPosts":{"email":[],"linkedin":[],"twitter":[],"facebook":[],"instagram":[]}},"created":"2026-02-11 15:13:07","updated":"2026-02-11 15:17:43","focus_keyword":null,"additional_keywords":null,"truseo_locale":null,"seo_analyzer_scan_date":null},"aioseo_breadcrumb":"<div class=\"aioseo-breadcrumbs\"><span class=\"aioseo-breadcrumb\">\n\t\t\t<a href=\"https:\/\/serbiantimes.info\/en\" title=\"Home\">Home<\/a>\n\t\t<\/span><span class=\"aioseo-breadcrumb-separator\">&raquo;<\/span><span class=\"aioseo-breadcrumb\">\n\t\t\t<a href=\"https:\/\/serbiantimes.info\/en\/category\/serbia\/\" title=\"SERBIA\">SERBIA<\/a>\n\t\t<\/span><span class=\"aioseo-breadcrumb-separator\">&raquo;<\/span><span class=\"aioseo-breadcrumb\">\n\t\t\tWOMAN AT THE HEAD OF THE SERBIAN PUBLIC SERVICE: Manja Gr\u010di\u0107 elected as director of RTS!\n\t\t<\/span><\/div>","aioseo_breadcrumb_json":[{"label":"Home","link":"https:\/\/serbiantimes.info\/en"},{"label":"SERBIA","link":"https:\/\/serbiantimes.info\/en\/category\/serbia\/"},{"label":"WOMAN AT THE HEAD OF THE SERBIAN PUBLIC SERVICE: Manja Gr\u010di\u0107 elected as director of RTS!","link":"https:\/\/serbiantimes.info\/en\/woman-at-the-head-of-the-serbian-public-service-manja-grcic-elected-as-director-of-rts\/"}],"distributor_meta":false,"distributor_terms":false,"distributor_media":false,"distributor_original_site_name":"Serbiantimes.info EN","distributor_original_site_url":"https:\/\/serbiantimes.info\/en","push-errors":false,"_links":{"self":[{"href":"https:\/\/serbiantimes.info\/en\/wp-json\/wp\/v2\/posts\/201155","targetHints":{"allow":["GET"]}}],"collection":[{"href":"https:\/\/serbiantimes.info\/en\/wp-json\/wp\/v2\/posts"}],"about":[{"href":"https:\/\/serbiantimes.info\/en\/wp-json\/wp\/v2\/types\/post"}],"author":[{"embeddable":true,"href":"https:\/\/serbiantimes.info\/en\/wp-json\/wp\/v2\/users\/2169"}],"replies":[{"embeddable":true,"href":"https:\/\/serbiantimes.info\/en\/wp-json\/wp\/v2\/comments?post=201155"}],"version-history":[{"count":1,"href":"https:\/\/serbiantimes.info\/en\/wp-json\/wp\/v2\/posts\/201155\/revisions"}],"predecessor-version":[{"id":201158,"href":"https:\/\/serbiantimes.info\/en\/wp-json\/wp\/v2\/posts\/201155\/revisions\/201158"}],"wp:featuredmedia":[{"embeddable":true,"href":"https:\/\/serbiantimes.info\/en\/wp-json\/wp\/v2\/media\/201156"}],"wp:attachment":[{"href":"https:\/\/serbiantimes.info\/en\/wp-json\/wp\/v2\/media?parent=201155"}],"wp:term":[{"taxonomy":"category","embeddable":true,"href":"https:\/\/serbiantimes.info\/en\/wp-json\/wp\/v2\/categories?post=201155"},{"taxonomy":"post_tag","embeddable":true,"href":"https:\/\/serbiantimes.info\/en\/wp-json\/wp\/v2\/tags?post=201155"}],"curies":[{"name":"wp","href":"https:\/\/api.w.org\/{rel}","templated":true}]}}