{"id":200801,"date":"2026-02-08T12:51:39","date_gmt":"2026-02-08T10:51:39","guid":{"rendered":"https:\/\/serbiantimes.info\/en\/?p=200801"},"modified":"2026-02-08T12:51:40","modified_gmt":"2026-02-08T10:51:40","slug":"the-minister-said-we-should-enter-the-procedure-here-is-what-the-defendants-in-the-general-staff-affair-say-about-minister-selakovics-role","status":"publish","type":"post","link":"https:\/\/serbiantimes.info\/en\/the-minister-said-we-should-enter-the-procedure-here-is-what-the-defendants-in-the-general-staff-affair-say-about-minister-selakovics-role\/","title":{"rendered":"\u201cTHE MINISTER SAID WE SHOULD ENTER THE PROCEDURE\u201d: Here is what the defendants in the General Staff affair say about Minister Selakovi\u0107\u2019s role!"},"content":{"rendered":"\n<p>Minister of Culture Nikola Selakovi\u0107 arrived at the trial in the building of the Special Court on Ustani\u010dka Street accompanied by the defendant Slavica Jela\u010da, a secretary at the Ministry of Culture, and Goran Vasi\u0107, acting director of the Republic Institute for the Protection of Cultural Monuments. As a reminder, both Jela\u010da and Vasi\u0107 identified Minister Selakovi\u0107 as the person on whose orders they acted during the procedure of removing cultural heritage protection from the \u201cGeneral\u0161tab\u201d building complex.<\/p>\n\n\n\n<p>Selakovi\u0107 is accused that, in the period from the second half of May until the end of November 2024, together with Slavica Jela\u010da, Goran Vasi\u0107, and Aleksandar Ivanovi\u0107, acting director of the Institute for the Protection of Cultural Monuments of the City of Belgrade, exceeded the limits of his official authority and knowingly participated in a procedure that, according to the prosecution, caused serious damage to Serbia\u2019s cultural heritage.<\/p>\n\n\n\n<p>Although they were legally obliged to protect cultural assets, the defendants, according to the indictment proposal, undertook actions aimed at revoking the protected status of the General Staff buildings, knowing that the legal conditions for such a decision had not been met.<\/p>\n\n\n\n<p>In that process, as Goran Vasi\u0107 previously stated during questioning at the prosecutor\u2019s office, he acted on the orders of Minister of Culture Selakovi\u0107. He pleaded guilty before the prosecution, saying that he did not dispute that he himself drafted the act \u201cInitiative: proposal for adopting a decision on the termination of cultural property status,\u201d that he did not know it should be publicly announced, and that he believed he had the right to do so. He personally handed the initiative, by hand, to Slavica Jela\u010da, who initialed the copy he kept for himself in the upper right corner of the document and, as he stated, he mistakenly took it to his apartment, where the police found it.<\/p>\n\n\n\n<p>On the other hand, Jela\u010da, according to the indictment proposal, upon the order of Minister Selakovi\u0107, took over further actions, even though she was not competent for these cases. Without authorization and professional basis, she drafted proposals for government decisions and included in the explanations information that did not correspond to the factual situation, stating that the competent institutes had submitted reasoned proposals, although that was not the case.<\/p>\n\n\n\n<p>In the period from July 10 to July 17, 2024, Jela\u010da prepared correspondence from the Ministry of Culture to other state institutions, and all of those documents were signed by Minister Nikola Selakovi\u0107 using a facsimile.<\/p>\n\n\n\n<figure class=\"wp-block-embed is-type-wp-embed is-provider-serbiantimes-info wp-block-embed-serbiantimes-info\"><div class=\"wp-block-embed__wrapper\">\n<blockquote class=\"wp-embedded-content\" data-secret=\"PRdPZqopJt\"><a href=\"https:\/\/serbiantimes.info\/duguju-vise-od-400-miliona-evra-ovo-je-spisak-najzaduzenijih-gradova-i-opstina-u-srbiji\/\">DUGUJU VI\u0160E OD 400 MILIONA EVRA: Ovo je spisak najzadu\u017eenijih gradova i op\u0161tina u Srbiji!<\/a><\/blockquote><iframe loading=\"lazy\" class=\"wp-embedded-content\" sandbox=\"allow-scripts\" security=\"restricted\" style=\"position: absolute; visibility: hidden;\" title=\"&#132;DUGUJU VI\u0160E OD 400 MILIONA EVRA: Ovo je spisak najzadu\u017eenijih gradova i op\u0161tina u Srbiji!&#147; &#8212; Serbiantimes.info\" src=\"https:\/\/serbiantimes.info\/duguju-vise-od-400-miliona-evra-ovo-je-spisak-najzaduzenijih-gradova-i-opstina-u-srbiji\/embed\/#?secret=8gRMuNkv3k#?secret=PRdPZqopJt\" data-secret=\"PRdPZqopJt\" width=\"500\" height=\"282\" frameborder=\"0\" marginwidth=\"0\" marginheight=\"0\" scrolling=\"no\"><\/iframe>\n<\/div><\/figure>\n\n\n\n<p>The proposals were then, on July 17, forwarded to the Government of the Republic of Serbia for decision-making.<\/p>\n\n\n\n<p>Before the Prosecutor\u2019s Office for Organized Crime, Jela\u010da stated that upon receiving the documents she introduced the case into procedure through the Secretariat of the Ministry of Culture, and not through the competent Sector for the Protection of Cultural Heritage and Digitization.<\/p>\n\n\n\n<p>She explained that the case was assigned to her by a superior because, as she said, it concerned a procedure conducted under the Rules of Procedure of the Government, claiming that no one pointed out to her that the acts were unlawful. In her defense, Jela\u010da stated that she acted exclusively formally, without delving into the content and legality of the initiatives which, after processing, were forwarded to ministries and the Government.<\/p>\n\n\n\n<p>She also stated that the minister told her to initiate the procedure before the Government, and that her task was to turn the initiatives into proposals for decisions of the Ministry of Culture to remove protection from the General Staff and forward them to the Government of Serbia.<\/p>\n\n\n\n<p>As a reminder, the Prosecutor\u2019s Office for Organized Crime filed an indictment proposal, not an indictment, against Selakovi\u0107, Jela\u010da, Ivanovi\u0107, and Vasi\u0107, which should lead to a swift and efficient conclusion of the court proceedings.<\/p>\n\n\n\n<h4 class=\"wp-block-heading\"><mark style=\"background-color:#FFFFFF;color:#d21414\" class=\"has-inline-color\">MORE TOPICS:<\/mark><\/h4>\n\n\n\n<p><strong><a href=\"https:\/\/serbiantimes.info\/en\/deadline-for-the-legalization-of-buildings-extended-applications-open-until-february-8-despite-announcements-from-the-ministry\/\" target=\"_blank\" rel=\"noopener\" title=\"\">DEADLINE FOR THE LEGALIZATION OF BUILDINGS EXTENDED: Applications open until February 8, despite announcements from the ministry!<\/a><\/strong><\/p>\n\n\n\n<p><strong><a href=\"https:\/\/serbiantimes.info\/en\/pact-against-serbia-croatia-albania-and-so-called-kosovo-held-a-meeting-on-defense-cooperation\/\" target=\"_blank\" rel=\"noopener\" title=\"\">PACT AGAINST SERBIA? Croatia, Albania and so-called Kosovo held a meeting on \u201cdefense cooperation\u201d!<\/a><\/strong><\/p>\n\n\n\n<p><strong><a href=\"https:\/\/serbiantimes.info\/en\/nikola-vucevic-leaves-chicago-bulls-sold-the-montenegrin-ace-here-is-where-he-will-continue-his-career\/\" target=\"_blank\" rel=\"noopener\" title=\"\">NIKOLA VUCEVIC LEAVES CHICAGO: Bulls sold the Montenegrin ace, here is where he will continue his career!<\/a><\/strong><\/p>\n\n\n\n<p><strong><a href=\"https:\/\/serbiantimes.info\/en\/citizens-and-students-protesting-in-front-of-the-court-the-trial-of-minister-selakovic-for-the-general-staff-case-has-begun-photo-video\/\" target=\"_blank\" rel=\"noopener\" title=\"\">CITIZENS AND STUDENTS PROTESTING IN FRONT OF THE COURT: The trial of Minister Selakovic for the \u201cGeneral Staff\u201d case has begun! (PHOTO, VIDEO)<\/a><\/strong><\/p>\n\n\n\n<p><a href=\"https:\/\/serbiantimes.info\/en\/denver-defeat-in-the-derby-defense-limp-talent-of-jokic-and-murray-insufficient-against-the-leader-detroit-video\/\" target=\"_blank\" rel=\"noopener\" title=\"\"><strong>DENVER DEFEAT IN THE DERBY: Defense limp, talent of Jokic and Murray insufficient against the leader Detroit! (VIDEO)<\/strong><\/a><\/p>\n\n\n\n<p><strong><a href=\"https:\/\/serbiantimes.info\/en\/we-celebrate-saint-timothy-one-of-christs-little-apostles-it-is-believed-that-today-you-should-do-one-thing\/\" target=\"_blank\" rel=\"noopener\" title=\"\">WE CELEBRATE SAINT TIMOTHY: One of Christ\u2019s \u201clittle apostles\u201d, it is believed that today you should do one thing!<\/a><\/strong><\/p>\n\n\n\n<p><strong><strong>Source<\/strong><\/strong>: Nova,\u00a0<strong>Foto:\u00a0<\/strong>Ata images<\/p>\n","protected":false},"excerpt":{"rendered":"<p>Minister of Culture Nikola Selakovi\u0107 arrived at the trial in the building of the Special Court on Ustani\u010dka Street accompanied by the defendant Slavica Jela\u010da, a secretary at the Ministry of Culture, and Goran Vasi\u0107, acting director of the Republic Institute for the Protection of Cultural Monuments. As a reminder, both Jela\u010da and Vasi\u0107 identified [&hellip;]<\/p>\n","protected":false},"author":2169,"featured_media":100000209719,"comment_status":"open","ping_status":"open","sticky":false,"template":"","format":"standard","meta":{"newspack_featured_image_position":"","newspack_post_subtitle":"","newspack_article_summary_title":"Overview:","newspack_article_summary":"","newspack_hide_updated_date":false,"newspack_show_updated_date":false,"footnotes":""},"categories":[7],"tags":[4414,4354,5766,11197,11198],"class_list":["post-200801","post","type-post","status-publish","format-standard","has-post-thumbnail","hentry","category-serbia","tag-generalstab","tag-krivicno-delo","tag-kulturno-dobro","tag-ministar-selakovic","tag-slavica-jelaca","entry"],"aioseo_notices":[],"distributor_meta":false,"distributor_terms":false,"distributor_media":false,"distributor_original_site_name":"Serbiantimes.info EN","distributor_original_site_url":"https:\/\/serbiantimes.info\/en","push-errors":false,"_links":{"self":[{"href":"https:\/\/serbiantimes.info\/en\/wp-json\/wp\/v2\/posts\/200801","targetHints":{"allow":["GET"]}}],"collection":[{"href":"https:\/\/serbiantimes.info\/en\/wp-json\/wp\/v2\/posts"}],"about":[{"href":"https:\/\/serbiantimes.info\/en\/wp-json\/wp\/v2\/types\/post"}],"author":[{"embeddable":true,"href":"https:\/\/serbiantimes.info\/en\/wp-json\/wp\/v2\/users\/2169"}],"replies":[{"embeddable":true,"href":"https:\/\/serbiantimes.info\/en\/wp-json\/wp\/v2\/comments?post=200801"}],"version-history":[{"count":2,"href":"https:\/\/serbiantimes.info\/en\/wp-json\/wp\/v2\/posts\/200801\/revisions"}],"predecessor-version":[{"id":200809,"href":"https:\/\/serbiantimes.info\/en\/wp-json\/wp\/v2\/posts\/200801\/revisions\/200809"}],"wp:featuredmedia":[{"embeddable":true,"href":"https:\/\/serbiantimes.info\/en\/wp-json\/"}],"wp:attachment":[{"href":"https:\/\/serbiantimes.info\/en\/wp-json\/wp\/v2\/media?parent=200801"}],"wp:term":[{"taxonomy":"category","embeddable":true,"href":"https:\/\/serbiantimes.info\/en\/wp-json\/wp\/v2\/categories?post=200801"},{"taxonomy":"post_tag","embeddable":true,"href":"https:\/\/serbiantimes.info\/en\/wp-json\/wp\/v2\/tags?post=200801"}],"curies":[{"name":"wp","href":"https:\/\/api.w.org\/{rel}","templated":true}]}}