{"id":200741,"date":"2026-02-07T20:12:47","date_gmt":"2026-02-07T18:12:47","guid":{"rendered":"https:\/\/serbiantimes.info\/en\/?p=200741"},"modified":"2026-02-07T20:12:48","modified_gmt":"2026-02-07T18:12:48","slug":"people-see-that-we-are-not-ustase-students-visited-the-village-of-darosava-near-arandelovac-and-sent-a-powerful-message-that-everyone-should-hear","status":"publish","type":"post","link":"https:\/\/serbiantimes.info\/en\/people-see-that-we-are-not-ustase-students-visited-the-village-of-darosava-near-arandelovac-and-sent-a-powerful-message-that-everyone-should-hear\/","title":{"rendered":"\u201cPEOPLE SEE THAT WE ARE NOT USTA\u0160E\u201d: Students visited the village of Darosava near Aran\u0111elovac and sent a powerful message that everyone should hear!"},"content":{"rendered":"\n<p>Students are organizing a \u201cdoor-to-door\u201d campaign again this weekend in several places across Serbia. As part of the working unit \u201cA Student in Every Village,\u201d a group of students today is also visiting the village of Darosava, in the municipality of Aran\u0111elovac, where local elections are being held this year.<\/p>\n\n\n\n<p>In the center of Darosava, as reported by an N1 reporter, the students set up a stand where they are handing out flyers, and later in the day they will also organize a \u201cdoor-to-door\u201d action.<\/p>\n\n\n\n<p>Luka Savi\u0107 from this village, a student at the University of Belgrade\u2019s Faculty of Electrical Engineering, recalls that the idea for \u201cA Student in Every Village\u201d originated precisely at that higher-education institution.<\/p>\n\n\n\n<p>\u201cThe initiative \u2018A Student in Every Village\u2019 itself originated at my home faculty, the Faculty of Electrical Engineering, several months ago. It will turn out that this action is one of the most successful student actions since we began the blockades,\u201d Luka emphasizes.<\/p>\n\n\n\n<figure class=\"wp-block-embed is-type-wp-embed is-provider-serbiantimes-info wp-block-embed-serbiantimes-info\"><div class=\"wp-block-embed__wrapper\">\n<blockquote class=\"wp-embedded-content\" data-secret=\"rJpTEWtHpi\"><a href=\"https:\/\/serbiantimes.info\/sve-veci-pritisak-na-vucica-jos-jedan-visoki-zvanicnik-eu-trazi-povlacenje-izmena-pravosudnih-zakona\/\">SVE VE\u0106I PRITISAK NA VU\u010cI\u0106A: Jo\u0161 jedan visoki zvani\u010dnik EU tra\u017ei povla\u010denje izmena pravosudnih zakona!<\/a><\/blockquote><iframe loading=\"lazy\" class=\"wp-embedded-content\" sandbox=\"allow-scripts\" security=\"restricted\" style=\"position: absolute; visibility: hidden;\" title=\"&#132;SVE VE\u0106I PRITISAK NA VU\u010cI\u0106A: Jo\u0161 jedan visoki zvani\u010dnik EU tra\u017ei povla\u010denje izmena pravosudnih zakona!&#147; &#8212; Serbiantimes.info\" src=\"https:\/\/serbiantimes.info\/sve-veci-pritisak-na-vucica-jos-jedan-visoki-zvanicnik-eu-trazi-povlacenje-izmena-pravosudnih-zakona\/embed\/#?secret=s6pF71mCvC#?secret=rJpTEWtHpi\" data-secret=\"rJpTEWtHpi\" width=\"500\" height=\"282\" frameborder=\"0\" marginwidth=\"0\" marginheight=\"0\" scrolling=\"no\"><\/iframe>\n<\/div><\/figure>\n\n\n\n<p>He points out that Darosava is one of the largest villages in this region, but that the students will try to visit almost all residents and talk with them.<\/p>\n\n\n\n<p>\u201cTo hear about the problems they have at the local level, as well as their opinions\u2014what they think about our organizing (\u2026) That kind of media silence, or rather brainwashing by the media, is crucial precisely in these small places, where there aren\u2019t many free media outlets or other key sources of information,\u201d Luka believes.<\/p>\n\n\n\n<p>He says that experience so far has shown that people are, above all, confused when they see students at their door who have come to talk to them.<\/p>\n\n\n\n<p>\u201cThey are simply surprised that we came right to their house, they ask some basic questions, who we are. They see that we most certainly are not Usta\u0161e, that we are not someone who wants to destroy this country. Somehow everyone expects that someone is doing something for personal gain. We are actually doing this for gain, but the only gain is not for us to get something personally, but to get a country in which we will be able to live tomorrow with our families,\u201d Luka says.<\/p>\n\n\n\n<p>Local elections in the municipality of Aran\u0111elovac have not yet been called, and according to legal deadlines, they should be held in the first half of this year.<\/p>\n\n\n\n<h4 class=\"wp-block-heading\"><mark style=\"background-color:#FFFFFF;color:#d21414\" class=\"has-inline-color\">MORE TOPICS:<\/mark><\/h4>\n\n\n\n<p><strong><a href=\"https:\/\/serbiantimes.info\/en\/deadline-for-the-legalization-of-buildings-extended-applications-open-until-february-8-despite-announcements-from-the-ministry\/\" target=\"_blank\" rel=\"noopener\" title=\"\">DEADLINE FOR THE LEGALIZATION OF BUILDINGS EXTENDED: Applications open until February 8, despite announcements from the ministry!<\/a><\/strong><\/p>\n\n\n\n<p><strong><a href=\"https:\/\/serbiantimes.info\/en\/pact-against-serbia-croatia-albania-and-so-called-kosovo-held-a-meeting-on-defense-cooperation\/\" target=\"_blank\" rel=\"noopener\" title=\"\">PACT AGAINST SERBIA? Croatia, Albania and so-called Kosovo held a meeting on \u201cdefense cooperation\u201d!<\/a><\/strong><\/p>\n\n\n\n<p><strong><a href=\"https:\/\/serbiantimes.info\/en\/nikola-vucevic-leaves-chicago-bulls-sold-the-montenegrin-ace-here-is-where-he-will-continue-his-career\/\" target=\"_blank\" rel=\"noopener\" title=\"\">NIKOLA VUCEVIC LEAVES CHICAGO: Bulls sold the Montenegrin ace, here is where he will continue his career!<\/a><\/strong><\/p>\n\n\n\n<p><strong><a href=\"https:\/\/serbiantimes.info\/en\/citizens-and-students-protesting-in-front-of-the-court-the-trial-of-minister-selakovic-for-the-general-staff-case-has-begun-photo-video\/\" target=\"_blank\" rel=\"noopener\" title=\"\">CITIZENS AND STUDENTS PROTESTING IN FRONT OF THE COURT: The trial of Minister Selakovic for the \u201cGeneral Staff\u201d case has begun! (PHOTO, VIDEO)<\/a><\/strong><\/p>\n\n\n\n<p><a href=\"https:\/\/serbiantimes.info\/en\/denver-defeat-in-the-derby-defense-limp-talent-of-jokic-and-murray-insufficient-against-the-leader-detroit-video\/\" target=\"_blank\" rel=\"noopener\" title=\"\"><strong>DENVER DEFEAT IN THE DERBY: Defense limp, talent of Jokic and Murray insufficient against the leader Detroit! (VIDEO)<\/strong><\/a><\/p>\n\n\n\n<p><strong><a href=\"https:\/\/serbiantimes.info\/en\/we-celebrate-saint-timothy-one-of-christs-little-apostles-it-is-believed-that-today-you-should-do-one-thing\/\" target=\"_blank\" rel=\"noopener\" title=\"\">WE CELEBRATE SAINT TIMOTHY: One of Christ\u2019s \u201clittle apostles\u201d, it is believed that today you should do one thing!<\/a><\/strong><\/p>\n\n\n\n<p><strong><strong>Source<\/strong><\/strong>: N1,&nbsp;<strong>Foto<\/strong>: N1<\/p>\n","protected":false},"excerpt":{"rendered":"<p>Students are organizing a \u201cdoor-to-door\u201d campaign again this weekend in several places across Serbia. As part of the working unit \u201cA Student in Every Village,\u201d a group of students today is also visiting the village of Darosava, in the municipality of Aran\u0111elovac, where local elections are being held this year. In the center of Darosava, [&hellip;]<\/p>\n","protected":false},"author":2169,"featured_media":100000209678,"comment_status":"open","ping_status":"open","sticky":false,"template":"","format":"standard","meta":{"newspack_featured_image_position":"","newspack_post_subtitle":"","newspack_article_summary_title":"Overview:","newspack_article_summary":"","newspack_hide_updated_date":false,"newspack_show_updated_date":false,"footnotes":""},"categories":[7],"tags":[11181,11182,113,2490],"class_list":["post-200741","post","type-post","status-publish","format-standard","has-post-thumbnail","hentry","category-serbia","tag-darosava","tag-od-vrata-do-vrata","tag-srbija","tag-studenti","entry"],"aioseo_notices":[],"distributor_meta":false,"distributor_terms":false,"distributor_media":false,"distributor_original_site_name":"Serbiantimes.info EN","distributor_original_site_url":"https:\/\/serbiantimes.info\/en","push-errors":false,"_links":{"self":[{"href":"https:\/\/serbiantimes.info\/en\/wp-json\/wp\/v2\/posts\/200741","targetHints":{"allow":["GET"]}}],"collection":[{"href":"https:\/\/serbiantimes.info\/en\/wp-json\/wp\/v2\/posts"}],"about":[{"href":"https:\/\/serbiantimes.info\/en\/wp-json\/wp\/v2\/types\/post"}],"author":[{"embeddable":true,"href":"https:\/\/serbiantimes.info\/en\/wp-json\/wp\/v2\/users\/2169"}],"replies":[{"embeddable":true,"href":"https:\/\/serbiantimes.info\/en\/wp-json\/wp\/v2\/comments?post=200741"}],"version-history":[{"count":2,"href":"https:\/\/serbiantimes.info\/en\/wp-json\/wp\/v2\/posts\/200741\/revisions"}],"predecessor-version":[{"id":200759,"href":"https:\/\/serbiantimes.info\/en\/wp-json\/wp\/v2\/posts\/200741\/revisions\/200759"}],"wp:featuredmedia":[{"embeddable":true,"href":"https:\/\/serbiantimes.info\/en\/wp-json\/"}],"wp:attachment":[{"href":"https:\/\/serbiantimes.info\/en\/wp-json\/wp\/v2\/media?parent=200741"}],"wp:term":[{"taxonomy":"category","embeddable":true,"href":"https:\/\/serbiantimes.info\/en\/wp-json\/wp\/v2\/categories?post=200741"},{"taxonomy":"post_tag","embeddable":true,"href":"https:\/\/serbiantimes.info\/en\/wp-json\/wp\/v2\/tags?post=200741"}],"curies":[{"name":"wp","href":"https:\/\/api.w.org\/{rel}","templated":true}]}}