{"id":200737,"date":"2026-02-07T20:10:33","date_gmt":"2026-02-07T18:10:33","guid":{"rendered":"https:\/\/serbiantimes.info\/en\/?p=200737"},"modified":"2026-02-07T20:10:34","modified_gmt":"2026-02-07T18:10:34","slug":"iran-threatens-america-the-regime-in-tehran-says-it-will-bomb-u-s-military-bases-if-trump-orders-an-attack","status":"publish","type":"post","link":"https:\/\/serbiantimes.info\/en\/iran-threatens-america-the-regime-in-tehran-says-it-will-bomb-u-s-military-bases-if-trump-orders-an-attack\/","title":{"rendered":"IRAN THREATENS AMERICA: The regime in Tehran says it will bomb U.S. military bases if Trump orders an attack!"},"content":{"rendered":"\n<p>Iran will attack U.S. bases in the Middle East if it is attacked by American forces deployed in the region, Iranian Foreign Minister Abbas Araghchi said today.<\/p>\n\n\n\n<p>He emphasized that this should not be interpreted as an attack on the host countries of those bases.<\/p>\n\n\n\n<p>Araghchi was speaking to Qatari television Al Jazeera, a day after Tehran and Washington pledged to continue indirect negotiations on Iran\u2019s nuclear issue, following what both sides described as positive talks held in Oman.<\/p>\n\n\n\n<p>Although Araghchi did not specify a date for the next round of talks, U.S. President Donald Trump said they could be held as early as the beginning of next week.<\/p>\n\n\n\n<p>\u201cBoth we and Washington believe the talks should take place soon,\u201d Araghchi said, Reuters reported on its website.<\/p>\n\n\n\n<p>Trump has threatened an attack on Iran after strengthening the U.S. military presence in the region, demanding that Tehran abandon uranium enrichment out of concern it could produce nuclear weapons, as well as halt the development of ballistic missiles and support for armed groups across the region. Iran has long denied any intention to militarize its nuclear program.<\/p>\n\n\n\n<figure class=\"wp-block-embed is-type-wp-embed is-provider-serbiantimes-info wp-block-embed-serbiantimes-info\"><div class=\"wp-block-embed__wrapper\">\n<blockquote class=\"wp-embedded-content\" data-secret=\"H2kf7uivMZ\"><a href=\"https:\/\/serbiantimes.info\/rekao-sam-ne-klintonu-orban-porucio-da-nece-slati-vojnike-u-ukrajinu-kao-sto-nije-hteo-da-ucestvuje-u-nato-agresiji-na-jugoslaviju\/\">ORBAN: Nisam dozvolio da ma\u0111arski vojnici u\u010destvuju u NATO agresiji na Jugoslaviju, pa ne\u0107e ni u Ukrajinu!<\/a><\/blockquote><iframe loading=\"lazy\" class=\"wp-embedded-content\" sandbox=\"allow-scripts\" security=\"restricted\" style=\"position: absolute; visibility: hidden;\" title=\"&#132;ORBAN: Nisam dozvolio da ma\u0111arski vojnici u\u010destvuju u NATO agresiji na Jugoslaviju, pa ne\u0107e ni u Ukrajinu!&#147; &#8212; Serbiantimes.info\" src=\"https:\/\/serbiantimes.info\/rekao-sam-ne-klintonu-orban-porucio-da-nece-slati-vojnike-u-ukrajinu-kao-sto-nije-hteo-da-ucestvuje-u-nato-agresiji-na-jugoslaviju\/embed\/#?secret=9xCsShlZcN#?secret=H2kf7uivMZ\" data-secret=\"H2kf7uivMZ\" width=\"500\" height=\"282\" frameborder=\"0\" marginwidth=\"0\" marginheight=\"0\" scrolling=\"no\"><\/iframe>\n<\/div><\/figure>\n\n\n\n<p>Although both sides signal readiness to revive diplomacy over Iran\u2019s long-running nuclear dispute with the West, Araghchi rejected the possibility of expanding the talks to other issues.<\/p>\n\n\n\n<p>\u201cAny dialogue requires restraint from threats and pressure. Tehran is talking exclusively about the nuclear issue. We are not discussing other topics with the U.S.,\u201d he said.<\/p>\n\n\n\n<p>Last June, the United States bombed Iranian nuclear facilities, joining an Israeli attack on the country that lasted 12 days.<\/p>\n\n\n\n<p>Tehran subsequently announced that it had suspended uranium enrichment.<\/p>\n\n\n\n<p>Iran\u2019s response at the time included a missile attack on a U.S. base in Qatar, a country that maintains good relations with both Tehran and Washington.<\/p>\n\n\n\n<p>In the event of a new U.S. attack, the consequences could be similar, Araghchi said.<\/p>\n\n\n\n<p>\u201cWe would not be able to attack U.S. territory, but we would target their bases in the region. We will not attack neighboring countries, but the American bases located in them. That is a big difference,\u201d he added.<\/p>\n\n\n\n<p>Iran says it wants its right to enrich uranium to be recognized and that including the missile program in the negotiations would leave the country vulnerable to potential Israeli attacks.<\/p>\n\n\n\n<h4 class=\"wp-block-heading\"><mark style=\"background-color:#FFFFFF;color:#d21414\" class=\"has-inline-color\">MORE TOPICS:<\/mark><\/h4>\n\n\n\n<p><strong><a href=\"https:\/\/serbiantimes.info\/en\/deadline-for-the-legalization-of-buildings-extended-applications-open-until-february-8-despite-announcements-from-the-ministry\/\" target=\"_blank\" rel=\"noopener\" title=\"\">DEADLINE FOR THE LEGALIZATION OF BUILDINGS EXTENDED: Applications open until February 8, despite announcements from the ministry!<\/a><\/strong><\/p>\n\n\n\n<p><strong><a href=\"https:\/\/serbiantimes.info\/en\/pact-against-serbia-croatia-albania-and-so-called-kosovo-held-a-meeting-on-defense-cooperation\/\" target=\"_blank\" rel=\"noopener\" title=\"\">PACT AGAINST SERBIA? Croatia, Albania and so-called Kosovo held a meeting on \u201cdefense cooperation\u201d!<\/a><\/strong><\/p>\n\n\n\n<p><strong><a href=\"https:\/\/serbiantimes.info\/en\/nikola-vucevic-leaves-chicago-bulls-sold-the-montenegrin-ace-here-is-where-he-will-continue-his-career\/\" target=\"_blank\" rel=\"noopener\" title=\"\">NIKOLA VUCEVIC LEAVES CHICAGO: Bulls sold the Montenegrin ace, here is where he will continue his career!<\/a><\/strong><\/p>\n\n\n\n<p><strong><a href=\"https:\/\/serbiantimes.info\/en\/citizens-and-students-protesting-in-front-of-the-court-the-trial-of-minister-selakovic-for-the-general-staff-case-has-begun-photo-video\/\" target=\"_blank\" rel=\"noopener\" title=\"\">CITIZENS AND STUDENTS PROTESTING IN FRONT OF THE COURT: The trial of Minister Selakovic for the \u201cGeneral Staff\u201d case has begun! (PHOTO, VIDEO)<\/a><\/strong><\/p>\n\n\n\n<p><a href=\"https:\/\/serbiantimes.info\/en\/denver-defeat-in-the-derby-defense-limp-talent-of-jokic-and-murray-insufficient-against-the-leader-detroit-video\/\" target=\"_blank\" rel=\"noopener\" title=\"\"><strong>DENVER DEFEAT IN THE DERBY: Defense limp, talent of Jokic and Murray insufficient against the leader Detroit! (VIDEO)<\/strong><\/a><\/p>\n\n\n\n<p><strong><a href=\"https:\/\/serbiantimes.info\/en\/we-celebrate-saint-timothy-one-of-christs-little-apostles-it-is-believed-that-today-you-should-do-one-thing\/\" target=\"_blank\" rel=\"noopener\" title=\"\">WE CELEBRATE SAINT TIMOTHY: One of Christ\u2019s \u201clittle apostles\u201d, it is believed that today you should do one thing!<\/a><\/strong><\/p>\n\n\n\n<p><strong><strong>Source<\/strong><\/strong>: N1,<strong>\u00a0Foto:\u00a0<\/strong><em>Majid Asgaripour\/WANA (West Asia News Agency) via REUTERS<\/em><\/p>\n","protected":false},"excerpt":{"rendered":"<p>Iran will attack U.S. bases in the Middle East if it is attacked by American forces deployed in the region, Iranian Foreign Minister Abbas Araghchi said today. He emphasized that this should not be interpreted as an attack on the host countries of those bases. Araghchi was speaking to Qatari television Al Jazeera, a day [&hellip;]<\/p>\n","protected":false},"author":29075,"featured_media":200738,"comment_status":"open","ping_status":"open","sticky":false,"template":"","format":"standard","meta":{"newspack_featured_image_position":"","newspack_post_subtitle":"","newspack_article_summary_title":"Overview:","newspack_article_summary":"","newspack_hide_updated_date":false,"newspack_show_updated_date":false,"footnotes":""},"categories":[4],"tags":[11180,71,128,24,75,348,23],"class_list":["post-200737","post","type-post","status-publish","format-standard","has-post-thumbnail","hentry","category-breaking","tag-abas-aragci","tag-amerika","tag-bombardovanje","tag-donald-tramp","tag-iran","tag-napad","tag-sad","entry"],"aioseo_notices":[],"distributor_meta":false,"distributor_terms":false,"distributor_media":false,"distributor_original_site_name":"Serbiantimes.info EN","distributor_original_site_url":"https:\/\/serbiantimes.info\/en","push-errors":false,"_links":{"self":[{"href":"https:\/\/serbiantimes.info\/en\/wp-json\/wp\/v2\/posts\/200737","targetHints":{"allow":["GET"]}}],"collection":[{"href":"https:\/\/serbiantimes.info\/en\/wp-json\/wp\/v2\/posts"}],"about":[{"href":"https:\/\/serbiantimes.info\/en\/wp-json\/wp\/v2\/types\/post"}],"author":[{"embeddable":true,"href":"https:\/\/serbiantimes.info\/en\/wp-json\/wp\/v2\/users\/29075"}],"replies":[{"embeddable":true,"href":"https:\/\/serbiantimes.info\/en\/wp-json\/wp\/v2\/comments?post=200737"}],"version-history":[{"count":2,"href":"https:\/\/serbiantimes.info\/en\/wp-json\/wp\/v2\/posts\/200737\/revisions"}],"predecessor-version":[{"id":200756,"href":"https:\/\/serbiantimes.info\/en\/wp-json\/wp\/v2\/posts\/200737\/revisions\/200756"}],"wp:featuredmedia":[{"embeddable":true,"href":"https:\/\/serbiantimes.info\/en\/wp-json\/wp\/v2\/media\/200738"}],"wp:attachment":[{"href":"https:\/\/serbiantimes.info\/en\/wp-json\/wp\/v2\/media?parent=200737"}],"wp:term":[{"taxonomy":"category","embeddable":true,"href":"https:\/\/serbiantimes.info\/en\/wp-json\/wp\/v2\/categories?post=200737"},{"taxonomy":"post_tag","embeddable":true,"href":"https:\/\/serbiantimes.info\/en\/wp-json\/wp\/v2\/tags?post=200737"}],"curies":[{"name":"wp","href":"https:\/\/api.w.org\/{rel}","templated":true}]}}