{"id":200688,"date":"2026-02-07T14:00:32","date_gmt":"2026-02-07T12:00:32","guid":{"rendered":"https:\/\/serbiantimes.info\/en\/?p=200688"},"modified":"2026-02-07T14:00:34","modified_gmt":"2026-02-07T12:00:34","slug":"denver-just-cant-catch-a-break-one-of-the-best-players-injured-out-for-more-than-a-month","status":"publish","type":"post","link":"https:\/\/serbiantimes.info\/en\/denver-just-cant-catch-a-break-one-of-the-best-players-injured-out-for-more-than-a-month\/","title":{"rendered":"DENVER JUST CAN\u2019T CATCH A BREAK: One of the best players injured, out for more than a month!"},"content":{"rendered":"\n<p>The Colorado team confirmed that Payton Watson suffered a hamstring strain.<\/p>\n\n\n\n<p>More troubles for the Denver Nuggets! The Colorado team has been unlucky with injuries this season, as the club confirmed that Payton Watson will miss at least four weeks due to a hamstring strain.<\/p>\n\n\n\n<p>\u201cWatson suffered a hamstring strain and will undergo a follow-up evaluation in four weeks,\u201d the Nuggets stated.<\/p>\n\n\n\n<figure class=\"wp-block-embed is-type-wp-embed is-provider-serbiantimes-info wp-block-embed-serbiantimes-info\"><div class=\"wp-block-embed__wrapper\">\n<blockquote class=\"wp-embedded-content\" data-secret=\"cXTklPpJrI\"><a href=\"https:\/\/serbiantimes.info\/vuciceve-marze-pred-sudom-u-americi-trgovinski-lanac-pokrenuo-tuzbu-protiv-srbije\/\">VU\u010cI\u0106EVE MAR\u017dE PRED SUDOM U AMERICI: Trgovinski lanac pokrenuo tu\u017ebu protiv Srbije!<\/a><\/blockquote><iframe loading=\"lazy\" class=\"wp-embedded-content\" sandbox=\"allow-scripts\" security=\"restricted\" style=\"position: absolute; visibility: hidden;\" title=\"&#132;VU\u010cI\u0106EVE MAR\u017dE PRED SUDOM U AMERICI: Trgovinski lanac pokrenuo tu\u017ebu protiv Srbije!&#147; &#8212; Serbiantimes.info\" src=\"https:\/\/serbiantimes.info\/vuciceve-marze-pred-sudom-u-americi-trgovinski-lanac-pokrenuo-tuzbu-protiv-srbije\/embed\/#?secret=S9UtSYnTm2#?secret=cXTklPpJrI\" data-secret=\"cXTklPpJrI\" width=\"500\" height=\"282\" frameborder=\"0\" marginwidth=\"0\" marginheight=\"0\" scrolling=\"no\"><\/iframe>\n<\/div><\/figure>\n\n\n\n<p>This means another four weeks of hardship for Nikola Joki\u0107 and his teammates, as the Nuggets will again be incomplete.<\/p>\n\n\n\n<p>The problems started with injuries to Aaron Gordon and Christian Braun, then Nikola Joki\u0107 and Jonas Valan\u010di\u016bnas were sidelined, and now Watson is also out\u2014creating a significant impact on the team\u2019s performance.<\/p>\n\n\n\n<p>During Joki\u0107\u2019s absence, Watson averaged 21.4 points, 5.3 rebounds, and 2.9 assists per game, making it clear that Denver will face a major challenge.<\/p>\n\n\n\n<h4 class=\"wp-block-heading\"><mark style=\"background-color:#FFFFFF;color:#d21414\" class=\"has-inline-color\">MORE TOPICS:<\/mark><\/h4>\n\n\n\n<p><strong><a href=\"https:\/\/serbiantimes.info\/en\/deadline-for-the-legalization-of-buildings-extended-applications-open-until-february-8-despite-announcements-from-the-ministry\/\" target=\"_blank\" rel=\"noopener\" title=\"\">DEADLINE FOR THE LEGALIZATION OF BUILDINGS EXTENDED: Applications open until February 8, despite announcements from the ministry!<\/a><\/strong><\/p>\n\n\n\n<p><strong><a href=\"https:\/\/serbiantimes.info\/en\/pact-against-serbia-croatia-albania-and-so-called-kosovo-held-a-meeting-on-defense-cooperation\/\" target=\"_blank\" rel=\"noopener\" title=\"\">PACT AGAINST SERBIA? Croatia, Albania and so-called Kosovo held a meeting on \u201cdefense cooperation\u201d!<\/a><\/strong><\/p>\n\n\n\n<p><strong><a href=\"https:\/\/serbiantimes.info\/en\/nikola-vucevic-leaves-chicago-bulls-sold-the-montenegrin-ace-here-is-where-he-will-continue-his-career\/\" target=\"_blank\" rel=\"noopener\" title=\"\">NIKOLA VUCEVIC LEAVES CHICAGO: Bulls sold the Montenegrin ace, here is where he will continue his career!<\/a><\/strong><\/p>\n\n\n\n<p><strong><a href=\"https:\/\/serbiantimes.info\/en\/citizens-and-students-protesting-in-front-of-the-court-the-trial-of-minister-selakovic-for-the-general-staff-case-has-begun-photo-video\/\" target=\"_blank\" rel=\"noopener\" title=\"\">CITIZENS AND STUDENTS PROTESTING IN FRONT OF THE COURT: The trial of Minister Selakovic for the \u201cGeneral Staff\u201d case has begun! (PHOTO, VIDEO)<\/a><\/strong><\/p>\n\n\n\n<p><a href=\"https:\/\/serbiantimes.info\/en\/denver-defeat-in-the-derby-defense-limp-talent-of-jokic-and-murray-insufficient-against-the-leader-detroit-video\/\" target=\"_blank\" rel=\"noopener\" title=\"\"><strong>DENVER DEFEAT IN THE DERBY: Defense limp, talent of Jokic and Murray insufficient against the leader Detroit! (VIDEO)<\/strong><\/a><\/p>\n\n\n\n<p><strong><a href=\"https:\/\/serbiantimes.info\/en\/we-celebrate-saint-timothy-one-of-christs-little-apostles-it-is-believed-that-today-you-should-do-one-thing\/\" target=\"_blank\" rel=\"noopener\" title=\"\">WE CELEBRATE SAINT TIMOTHY: One of Christ\u2019s \u201clittle apostles\u201d, it is believed that today you should do one thing!<\/a><\/strong><\/p>\n\n\n\n<p><strong><strong>Source<\/strong><\/strong>: Kurir\u00a0<strong>Foto:<\/strong>\u00a0Instagram\/paytonwatson<\/p>\n","protected":false},"excerpt":{"rendered":"<p>The Colorado team confirmed that Payton Watson suffered a hamstring strain. More troubles for the Denver Nuggets! The Colorado team has been unlucky with injuries this season, as the club confirmed that Payton Watson will miss at least four weeks due to a hamstring strain. \u201cWatson suffered a hamstring strain and will undergo a follow-up [&hellip;]<\/p>\n","protected":false},"author":2169,"featured_media":200689,"comment_status":"open","ping_status":"open","sticky":false,"template":"","format":"standard","meta":{"newspack_featured_image_position":"","newspack_post_subtitle":"","newspack_article_summary_title":"Overview:","newspack_article_summary":"","newspack_hide_updated_date":false,"newspack_show_updated_date":false,"footnotes":""},"categories":[10],"tags":[2097,249,190,250,188],"class_list":["post-200688","post","type-post","status-publish","format-standard","has-post-thumbnail","hentry","category-sport","tag-denver-nagetsi","tag-kosarka-2","tag-nba","tag-nikola-jokic","tag-povreda","entry"],"aioseo_notices":[],"distributor_meta":false,"distributor_terms":false,"distributor_media":false,"distributor_original_site_name":"Serbiantimes.info EN","distributor_original_site_url":"https:\/\/serbiantimes.info\/en","push-errors":false,"_links":{"self":[{"href":"https:\/\/serbiantimes.info\/en\/wp-json\/wp\/v2\/posts\/200688","targetHints":{"allow":["GET"]}}],"collection":[{"href":"https:\/\/serbiantimes.info\/en\/wp-json\/wp\/v2\/posts"}],"about":[{"href":"https:\/\/serbiantimes.info\/en\/wp-json\/wp\/v2\/types\/post"}],"author":[{"embeddable":true,"href":"https:\/\/serbiantimes.info\/en\/wp-json\/wp\/v2\/users\/2169"}],"replies":[{"embeddable":true,"href":"https:\/\/serbiantimes.info\/en\/wp-json\/wp\/v2\/comments?post=200688"}],"version-history":[{"count":3,"href":"https:\/\/serbiantimes.info\/en\/wp-json\/wp\/v2\/posts\/200688\/revisions"}],"predecessor-version":[{"id":200725,"href":"https:\/\/serbiantimes.info\/en\/wp-json\/wp\/v2\/posts\/200688\/revisions\/200725"}],"wp:featuredmedia":[{"embeddable":true,"href":"https:\/\/serbiantimes.info\/en\/wp-json\/wp\/v2\/media\/200689"}],"wp:attachment":[{"href":"https:\/\/serbiantimes.info\/en\/wp-json\/wp\/v2\/media?parent=200688"}],"wp:term":[{"taxonomy":"category","embeddable":true,"href":"https:\/\/serbiantimes.info\/en\/wp-json\/wp\/v2\/categories?post=200688"},{"taxonomy":"post_tag","embeddable":true,"href":"https:\/\/serbiantimes.info\/en\/wp-json\/wp\/v2\/tags?post=200688"}],"curies":[{"name":"wp","href":"https:\/\/api.w.org\/{rel}","templated":true}]}}