{"id":200417,"date":"2026-02-05T14:37:50","date_gmt":"2026-02-05T12:37:50","guid":{"rendered":"https:\/\/serbiantimes.info\/en\/?p=200417"},"modified":"2026-02-05T14:37:52","modified_gmt":"2026-02-05T12:37:52","slug":"nba-champions-acquire-serbian-center-utah-trades-balsa-koprivica-to-oklahoma-city","status":"publish","type":"post","link":"https:\/\/serbiantimes.info\/en\/nba-champions-acquire-serbian-center-utah-trades-balsa-koprivica-to-oklahoma-city\/","title":{"rendered":"NBA CHAMPIONS ACQUIRE SERBIAN CENTER: Utah Trades Bal\u0161a Koprivica to Oklahoma City!"},"content":{"rendered":"\n<p class=\"wp-block-paragraph\">Bal\u0161a Koprivica was traded overnight from the Utah Jazz to the Oklahoma City Thunder.<\/p>\n\n\n\n<p class=\"wp-block-paragraph\">The NBA champions acquired the rights to the Serbian center, though it is not yet known how much the Jazz earned in the deal.<\/p>\n\n\n\n<blockquote class=\"twitter-tweet\"><p lang=\"en\" dir=\"ltr\">The 15th deal of NBA Trade Season: Oklahoma City has acquired the draft rights to center Bal\u0161a Koprivica from Utah in exchange for cash considerations. <a href=\"https:\/\/t.co\/w9BUSJQc08\">https:\/\/t.co\/w9BUSJQc08<\/a><\/p>&mdash; Marc Stein (@TheSteinLine) <a href=\"https:\/\/twitter.com\/TheSteinLine\/status\/2019231494921748584?ref_src=twsrc%5Etfw\">February 5, 2026<\/a><\/blockquote> <script async src=\"https:\/\/platform.twitter.com\/widgets.js\" charset=\"utf-8\"><\/script>\n\n\n\n<p class=\"wp-block-paragraph\">If Koprivica decides to join the NBA in the future, he will wear an Oklahoma City jersey.<\/p>\n\n\n\n<p class=\"wp-block-paragraph\">Koprivica was originally selected in the 2021 NBA Draft by Charlotte as the 57th pick, after making a strong impression at Florida State University, where he played for two years. However, instead of joining the NBA immediately, he signed with Partizan and stayed there until last summer.<\/p>\n\n\n\n<h4 class=\"wp-block-heading\"><mark style=\"background-color:#FFFFFF;color:#d21414\" class=\"has-inline-color\">READ MORE:<\/mark><\/h4>\n\n\n\n<figure class=\"wp-block-embed is-type-wp-embed is-provider-serbiantimes-info wp-block-embed-serbiantimes-info\"><div class=\"wp-block-embed__wrapper\">\n<blockquote class=\"wp-embedded-content\" data-secret=\"1SRYkXLo1h\"><a href=\"https:\/\/serbiantimes.info\/kolumna-kovacevic-sta-vezuje-srbe-i-majkla-dzeksona-i-kako-to-da-najveceg-pedofila-nema-u-epstajn-fajlovima\/\">KOLUMNA, KOVA\u010cEVI\u0106: \u0160ta vezuje Srbe i Majkla D\u017eeksona i kako to da &#8222;najve\u0107eg pedofila&#8220; nema u Ep\u0161tajn fajlovima?<\/a><\/blockquote><iframe loading=\"lazy\" class=\"wp-embedded-content\" sandbox=\"allow-scripts\" security=\"restricted\" style=\"position: absolute; visibility: hidden;\" title=\"&#132;KOLUMNA, KOVA\u010cEVI\u0106: \u0160ta vezuje Srbe i Majkla D\u017eeksona i kako to da &#8222;najve\u0107eg pedofila&#8220; nema u Ep\u0161tajn fajlovima?&#147; &#8212; Serbiantimes.info\" src=\"https:\/\/serbiantimes.info\/kolumna-kovacevic-sta-vezuje-srbe-i-majkla-dzeksona-i-kako-to-da-najveceg-pedofila-nema-u-epstajn-fajlovima\/embed\/#?secret=ZexmuqWYx8#?secret=1SRYkXLo1h\" data-secret=\"1SRYkXLo1h\" width=\"500\" height=\"282\" frameborder=\"0\" marginwidth=\"0\" marginheight=\"0\" scrolling=\"no\"><\/iframe>\n<\/div><\/figure>\n\n\n\n<p class=\"wp-block-paragraph\">This season, he has been a member of Bah\u00e7e\u015fehir, coached by Marko Bara\u0107.<br><br><\/p>\n\n\n\n<h4 class=\"wp-block-heading\"><mark style=\"background-color:#FFFFFF;color:#d21414\" class=\"has-inline-color\">MORE TOPICS:<\/mark><\/h4>\n\n\n\n<p class=\"wp-block-paragraph\"><strong><a href=\"https:\/\/serbiantimes.info\/en\/deadline-for-the-legalization-of-buildings-extended-applications-open-until-february-8-despite-announcements-from-the-ministry\/\" target=\"_blank\" rel=\"noopener\" title=\"\">DEADLINE FOR THE LEGALIZATION OF BUILDINGS EXTENDED: Applications open until February 8, despite announcements from the ministry!<\/a><\/strong><\/p>\n\n\n\n<p class=\"wp-block-paragraph\"><strong><a href=\"https:\/\/serbiantimes.info\/en\/pact-against-serbia-croatia-albania-and-so-called-kosovo-held-a-meeting-on-defense-cooperation\/\" target=\"_blank\" rel=\"noopener\" title=\"\">PACT AGAINST SERBIA? Croatia, Albania and so-called Kosovo held a meeting on \u201cdefense cooperation\u201d!<\/a><\/strong><\/p>\n\n\n\n<p class=\"wp-block-paragraph\"><strong><a href=\"https:\/\/serbiantimes.info\/en\/nikola-vucevic-leaves-chicago-bulls-sold-the-montenegrin-ace-here-is-where-he-will-continue-his-career\/\" target=\"_blank\" rel=\"noopener\" title=\"\">NIKOLA VUCEVIC LEAVES CHICAGO: Bulls sold the Montenegrin ace, here is where he will continue his career!<\/a><\/strong><\/p>\n\n\n\n<p class=\"wp-block-paragraph\"><strong><a href=\"https:\/\/serbiantimes.info\/en\/citizens-and-students-protesting-in-front-of-the-court-the-trial-of-minister-selakovic-for-the-general-staff-case-has-begun-photo-video\/\" target=\"_blank\" rel=\"noopener\" title=\"\">CITIZENS AND STUDENTS PROTESTING IN FRONT OF THE COURT: The trial of Minister Selakovic for the \u201cGeneral Staff\u201d case has begun! (PHOTO, VIDEO)<\/a><\/strong><\/p>\n\n\n\n<p class=\"wp-block-paragraph\"><a href=\"https:\/\/serbiantimes.info\/en\/denver-defeat-in-the-derby-defense-limp-talent-of-jokic-and-murray-insufficient-against-the-leader-detroit-video\/\" target=\"_blank\" rel=\"noopener\" title=\"\"><strong>DENVER DEFEAT IN THE DERBY: Defense limp, talent of Jokic and Murray insufficient against the leader Detroit! (VIDEO)<\/strong><\/a><\/p>\n\n\n\n<p class=\"wp-block-paragraph\"><strong><a href=\"https:\/\/serbiantimes.info\/en\/we-celebrate-saint-timothy-one-of-christs-little-apostles-it-is-believed-that-today-you-should-do-one-thing\/\" target=\"_blank\" rel=\"noopener\" title=\"\">WE CELEBRATE SAINT TIMOTHY: One of Christ\u2019s \u201clittle apostles\u201d, it is believed that today you should do one thing!<\/a><\/strong><\/p>\n\n\n\n<p class=\"wp-block-paragraph\"><strong><strong>Source<\/strong><\/strong>: <a href=\"https:\/\/www.b92.net\/sport\/kosarka\/nba\/205041\/balsa-koprivica-u-oklahomi\/vest\" target=\"_blank\" rel=\"noopener\" title=\"\">B92<\/a>; <strong>Foto<\/strong>: ATA Images<\/p>\n","protected":false},"excerpt":{"rendered":"<p>Bal\u0161a Koprivica was traded overnight from the Utah Jazz to the Oklahoma City Thunder. The NBA champions acquired the rights to the Serbian center, though it is not yet known how much the Jazz earned in the deal. The 15th deal of NBA Trade Season: Oklahoma City has acquired the draft rights to center Bal\u0161a [&hellip;]<\/p>\n","protected":false},"author":2169,"featured_media":200418,"comment_status":"open","ping_status":"open","sticky":false,"template":"","format":"standard","meta":{"newspack_featured_image_position":"","newspack_post_subtitle":"","newspack_article_summary_title":"Overview:","newspack_article_summary":"","newspack_hide_updated_date":false,"newspack_show_updated_date":false,"footnotes":""},"categories":[10],"tags":[71,11101,6476,23,91,113],"class_list":["post-200417","post","type-post","status-publish","format-standard","has-post-thumbnail","hentry","category-sport","tag-amerika","tag-balsa-koprivica","tag-oklahoma-siti-tander","tag-sad","tag-sport","tag-srbija","entry"],"aioseo_notices":[],"aioseo_head":"\n\t\t<!-- All in One SEO 5.0.1.1 - aioseo.com -->\n\t<meta name=\"description\" content=\"Bal\u0161a Koprivica was traded overnight from the Utah Jazz to the Oklahoma City Thunder. The NBA champions acquired the rights to the Serbian center, though it is not yet known how much the Jazz earned in the deal. The 15th deal of NBA Trade Season: Oklahoma City has acquired the draft rights to center Bal\u0161a\" \/>\n\t<meta name=\"robots\" content=\"max-image-preview:large\" \/>\n\t<meta name=\"author\" content=\"Serbian Times\"\/>\n\t<link rel=\"canonical\" href=\"https:\/\/serbiantimes.info\/en\/nba-champions-acquire-serbian-center-utah-trades-balsa-koprivica-to-oklahoma-city\/\" \/>\n\t<meta name=\"generator\" content=\"All in One SEO (AIOSEO) 5.0.1.1\" \/>\n\t\t<meta property=\"og:locale\" content=\"en_US\" \/>\n\t\t<meta property=\"og:site_name\" content=\"Serbiantimes.info EN |\" \/>\n\t\t<meta property=\"og:type\" content=\"article\" \/>\n\t\t<meta property=\"og:title\" content=\"NBA CHAMPIONS ACQUIRE SERBIAN CENTER: Utah Trades Bal\u0161a Koprivica to Oklahoma City! | Serbiantimes.info EN\" \/>\n\t\t<meta property=\"og:description\" content=\"Bal\u0161a Koprivica was traded overnight from the Utah Jazz to the Oklahoma City Thunder. The NBA champions acquired the rights to the Serbian center, though it is not yet known how much the Jazz earned in the deal. The 15th deal of NBA Trade Season: Oklahoma City has acquired the draft rights to center Bal\u0161a\" \/>\n\t\t<meta property=\"og:url\" content=\"https:\/\/serbiantimes.info\/en\/nba-champions-acquire-serbian-center-utah-trades-balsa-koprivica-to-oklahoma-city\/\" \/>\n\t\t<meta property=\"og:image\" content=\"https:\/\/serbiantimes.info\/en\/wp-content\/uploads\/sites\/2\/2026\/02\/ST-Montaze-2026-02-05T114615.886.jpg\" \/>\n\t\t<meta property=\"og:image:secure_url\" content=\"https:\/\/serbiantimes.info\/en\/wp-content\/uploads\/sites\/2\/2026\/02\/ST-Montaze-2026-02-05T114615.886.jpg\" \/>\n\t\t<meta property=\"og:image:width\" content=\"1200\" \/>\n\t\t<meta property=\"og:image:height\" content=\"750\" \/>\n\t\t<meta property=\"article:published_time\" content=\"2026-02-05T12:37:50+00:00\" \/>\n\t\t<meta property=\"article:modified_time\" content=\"2026-02-05T12:37:52+00:00\" \/>\n\t\t<meta name=\"twitter:card\" content=\"summary_large_image\" \/>\n\t\t<meta name=\"twitter:title\" content=\"NBA CHAMPIONS ACQUIRE SERBIAN CENTER: Utah Trades Bal\u0161a Koprivica to Oklahoma City! | Serbiantimes.info EN\" \/>\n\t\t<meta name=\"twitter:description\" content=\"Bal\u0161a Koprivica was traded overnight from the Utah Jazz to the Oklahoma City Thunder. The NBA champions acquired the rights to the Serbian center, though it is not yet known how much the Jazz earned in the deal. The 15th deal of NBA Trade Season: Oklahoma City has acquired the draft rights to center Bal\u0161a\" \/>\n\t\t<meta name=\"twitter:image\" content=\"https:\/\/serbiantimes.info\/en\/wp-content\/uploads\/sites\/2\/2026\/02\/ST-Montaze-2026-02-05T114615.886.jpg\" \/>\n\t\t<script type=\"application\/ld+json\" class=\"aioseo-schema\">\n\t\t\t{\"@context\":\"https:\\\/\\\/schema.org\",\"@graph\":[{\"@type\":\"BlogPosting\",\"@id\":\"https:\\\/\\\/serbiantimes.info\\\/en\\\/nba-champions-acquire-serbian-center-utah-trades-balsa-koprivica-to-oklahoma-city\\\/#blogposting\",\"name\":\"NBA CHAMPIONS ACQUIRE SERBIAN CENTER: Utah Trades Bal\\u0161a Koprivica to Oklahoma City! | Serbiantimes.info EN\",\"headline\":\"NBA CHAMPIONS ACQUIRE SERBIAN CENTER: Utah Trades Bal\\u0161a Koprivica to Oklahoma City!\",\"author\":{\"@id\":\"https:\\\/\\\/serbiantimes.info\\\/en\\\/author\\\/serbiantimes-portal\\\/#author\"},\"publisher\":{\"@id\":\"https:\\\/\\\/serbiantimes.info\\\/en\\\/#organization\"},\"image\":{\"@type\":\"ImageObject\",\"url\":\"https:\\\/\\\/serbiantimes.info\\\/en\\\/wp-content\\\/uploads\\\/sites\\\/2\\\/2026\\\/02\\\/ST-Montaze-2026-02-05T114615.886.jpg\",\"width\":1200,\"height\":750},\"datePublished\":\"2026-02-05T14:37:50+02:00\",\"dateModified\":\"2026-02-05T14:37:52+02:00\",\"inLanguage\":\"en-US\",\"mainEntityOfPage\":{\"@id\":\"https:\\\/\\\/serbiantimes.info\\\/en\\\/nba-champions-acquire-serbian-center-utah-trades-balsa-koprivica-to-oklahoma-city\\\/#webpage\"},\"isPartOf\":{\"@id\":\"https:\\\/\\\/serbiantimes.info\\\/en\\\/nba-champions-acquire-serbian-center-utah-trades-balsa-koprivica-to-oklahoma-city\\\/#webpage\"},\"articleSection\":\"SPORT, Amerika, Bal\\u0161a Koprivica, Oklahoma Siti Tander, SAD, sport, Srbija\"},{\"@type\":\"BreadcrumbList\",\"@id\":\"https:\\\/\\\/serbiantimes.info\\\/en\\\/nba-champions-acquire-serbian-center-utah-trades-balsa-koprivica-to-oklahoma-city\\\/#breadcrumblist\",\"itemListElement\":[{\"@type\":\"ListItem\",\"@id\":\"https:\\\/\\\/serbiantimes.info\\\/en#listItem\",\"position\":1,\"name\":\"Home\",\"item\":\"https:\\\/\\\/serbiantimes.info\\\/en\",\"nextItem\":{\"@type\":\"ListItem\",\"@id\":\"https:\\\/\\\/serbiantimes.info\\\/en\\\/category\\\/sport\\\/#listItem\",\"name\":\"SPORT\"}},{\"@type\":\"ListItem\",\"@id\":\"https:\\\/\\\/serbiantimes.info\\\/en\\\/category\\\/sport\\\/#listItem\",\"position\":2,\"name\":\"SPORT\",\"item\":\"https:\\\/\\\/serbiantimes.info\\\/en\\\/category\\\/sport\\\/\",\"nextItem\":{\"@type\":\"ListItem\",\"@id\":\"https:\\\/\\\/serbiantimes.info\\\/en\\\/nba-champions-acquire-serbian-center-utah-trades-balsa-koprivica-to-oklahoma-city\\\/#listItem\",\"name\":\"NBA CHAMPIONS ACQUIRE SERBIAN CENTER: Utah Trades Bal\\u0161a Koprivica to Oklahoma City!\"},\"previousItem\":{\"@type\":\"ListItem\",\"@id\":\"https:\\\/\\\/serbiantimes.info\\\/en#listItem\",\"name\":\"Home\"}},{\"@type\":\"ListItem\",\"@id\":\"https:\\\/\\\/serbiantimes.info\\\/en\\\/nba-champions-acquire-serbian-center-utah-trades-balsa-koprivica-to-oklahoma-city\\\/#listItem\",\"position\":3,\"name\":\"NBA CHAMPIONS ACQUIRE SERBIAN CENTER: Utah Trades Bal\\u0161a Koprivica to Oklahoma City!\",\"previousItem\":{\"@type\":\"ListItem\",\"@id\":\"https:\\\/\\\/serbiantimes.info\\\/en\\\/category\\\/sport\\\/#listItem\",\"name\":\"SPORT\"}}]},{\"@type\":\"Organization\",\"@id\":\"https:\\\/\\\/serbiantimes.info\\\/en\\\/#organization\",\"name\":\"Serbiantimes.info EN\",\"url\":\"https:\\\/\\\/serbiantimes.info\\\/en\\\/\",\"logo\":{\"@type\":\"ImageObject\",\"url\":\"https:\\\/\\\/serbiantimes.info\\\/en\\\/wp-content\\\/uploads\\\/sites\\\/2\\\/2024\\\/10\\\/cropped-cropped-Serbian-Times-Header-Logo-1.png\",\"@id\":\"https:\\\/\\\/serbiantimes.info\\\/en\\\/nba-champions-acquire-serbian-center-utah-trades-balsa-koprivica-to-oklahoma-city\\\/#organizationLogo\",\"width\":480,\"height\":100},\"image\":{\"@id\":\"https:\\\/\\\/serbiantimes.info\\\/en\\\/nba-champions-acquire-serbian-center-utah-trades-balsa-koprivica-to-oklahoma-city\\\/#organizationLogo\"}},{\"@type\":\"Person\",\"@id\":\"https:\\\/\\\/serbiantimes.info\\\/en\\\/author\\\/serbiantimes-portal\\\/#author\",\"url\":\"https:\\\/\\\/serbiantimes.info\\\/en\\\/author\\\/serbiantimes-portal\\\/\",\"name\":\"Serbian Times\",\"image\":{\"@type\":\"ImageObject\",\"@id\":\"https:\\\/\\\/serbiantimes.info\\\/en\\\/nba-champions-acquire-serbian-center-utah-trades-balsa-koprivica-to-oklahoma-city\\\/#authorImage\",\"url\":\"https:\\\/\\\/secure.gravatar.com\\\/avatar\\\/ea76e009769270b4193e2bc7e032c096b4ae135483ec03b396fd0f520bc3dcfd?s=96&d=mm&r=g\",\"width\":96,\"height\":96,\"caption\":\"Serbian Times\"}},{\"@type\":\"WebPage\",\"@id\":\"https:\\\/\\\/serbiantimes.info\\\/en\\\/nba-champions-acquire-serbian-center-utah-trades-balsa-koprivica-to-oklahoma-city\\\/#webpage\",\"url\":\"https:\\\/\\\/serbiantimes.info\\\/en\\\/nba-champions-acquire-serbian-center-utah-trades-balsa-koprivica-to-oklahoma-city\\\/\",\"name\":\"NBA CHAMPIONS ACQUIRE SERBIAN CENTER: Utah Trades Bal\\u0161a Koprivica to Oklahoma City! | Serbiantimes.info EN\",\"description\":\"Bal\\u0161a Koprivica was traded overnight from the Utah Jazz to the Oklahoma City Thunder. The NBA champions acquired the rights to the Serbian center, though it is not yet known how much the Jazz earned in the deal. The 15th deal of NBA Trade Season: Oklahoma City has acquired the draft rights to center Bal\\u0161a\",\"inLanguage\":\"en-US\",\"isPartOf\":{\"@id\":\"https:\\\/\\\/serbiantimes.info\\\/en\\\/#website\"},\"breadcrumb\":{\"@id\":\"https:\\\/\\\/serbiantimes.info\\\/en\\\/nba-champions-acquire-serbian-center-utah-trades-balsa-koprivica-to-oklahoma-city\\\/#breadcrumblist\"},\"author\":{\"@id\":\"https:\\\/\\\/serbiantimes.info\\\/en\\\/author\\\/serbiantimes-portal\\\/#author\"},\"creator\":{\"@id\":\"https:\\\/\\\/serbiantimes.info\\\/en\\\/author\\\/serbiantimes-portal\\\/#author\"},\"image\":{\"@type\":\"ImageObject\",\"url\":\"https:\\\/\\\/serbiantimes.info\\\/en\\\/wp-content\\\/uploads\\\/sites\\\/2\\\/2026\\\/02\\\/ST-Montaze-2026-02-05T114615.886.jpg\",\"@id\":\"https:\\\/\\\/serbiantimes.info\\\/en\\\/nba-champions-acquire-serbian-center-utah-trades-balsa-koprivica-to-oklahoma-city\\\/#mainImage\",\"width\":1200,\"height\":750},\"primaryImageOfPage\":{\"@id\":\"https:\\\/\\\/serbiantimes.info\\\/en\\\/nba-champions-acquire-serbian-center-utah-trades-balsa-koprivica-to-oklahoma-city\\\/#mainImage\"},\"datePublished\":\"2026-02-05T14:37:50+02:00\",\"dateModified\":\"2026-02-05T14:37:52+02:00\"},{\"@type\":\"WebSite\",\"@id\":\"https:\\\/\\\/serbiantimes.info\\\/en\\\/#website\",\"url\":\"https:\\\/\\\/serbiantimes.info\\\/en\\\/\",\"name\":\"Serbiantimes.info EN\",\"inLanguage\":\"en-US\",\"publisher\":{\"@id\":\"https:\\\/\\\/serbiantimes.info\\\/en\\\/#organization\"}}]}\n\t\t<\/script>\n\t\t<!-- All in One SEO -->\n\n","aioseo_head_json":{"title":"NBA CHAMPIONS ACQUIRE SERBIAN CENTER: Utah Trades Bal\u0161a Koprivica to Oklahoma City! | Serbiantimes.info EN","description":"Bal\u0161a Koprivica was traded overnight from the Utah Jazz to the Oklahoma City Thunder. The NBA champions acquired the rights to the Serbian center, though it is not yet known how much the Jazz earned in the deal. The 15th deal of NBA Trade Season: Oklahoma City has acquired the draft rights to center Bal\u0161a","canonical_url":"https:\/\/serbiantimes.info\/en\/nba-champions-acquire-serbian-center-utah-trades-balsa-koprivica-to-oklahoma-city\/","robots":"max-image-preview:large","keywords":"","webmasterTools":{"miscellaneous":""},"schema":{"@context":"https:\/\/schema.org","@graph":[{"@type":"BlogPosting","@id":"https:\/\/serbiantimes.info\/en\/nba-champions-acquire-serbian-center-utah-trades-balsa-koprivica-to-oklahoma-city\/#blogposting","name":"NBA CHAMPIONS ACQUIRE SERBIAN CENTER: Utah Trades Bal\u0161a Koprivica to Oklahoma City! | Serbiantimes.info EN","headline":"NBA CHAMPIONS ACQUIRE SERBIAN CENTER: Utah Trades Bal\u0161a Koprivica to Oklahoma City!","author":{"@id":"https:\/\/serbiantimes.info\/en\/author\/serbiantimes-portal\/#author"},"publisher":{"@id":"https:\/\/serbiantimes.info\/en\/#organization"},"image":{"@type":"ImageObject","url":"https:\/\/serbiantimes.info\/en\/wp-content\/uploads\/sites\/2\/2026\/02\/ST-Montaze-2026-02-05T114615.886.jpg","width":1200,"height":750},"datePublished":"2026-02-05T14:37:50+02:00","dateModified":"2026-02-05T14:37:52+02:00","inLanguage":"en-US","mainEntityOfPage":{"@id":"https:\/\/serbiantimes.info\/en\/nba-champions-acquire-serbian-center-utah-trades-balsa-koprivica-to-oklahoma-city\/#webpage"},"isPartOf":{"@id":"https:\/\/serbiantimes.info\/en\/nba-champions-acquire-serbian-center-utah-trades-balsa-koprivica-to-oklahoma-city\/#webpage"},"articleSection":"SPORT, Amerika, Bal\u0161a Koprivica, Oklahoma Siti Tander, SAD, sport, Srbija"},{"@type":"BreadcrumbList","@id":"https:\/\/serbiantimes.info\/en\/nba-champions-acquire-serbian-center-utah-trades-balsa-koprivica-to-oklahoma-city\/#breadcrumblist","itemListElement":[{"@type":"ListItem","@id":"https:\/\/serbiantimes.info\/en#listItem","position":1,"name":"Home","item":"https:\/\/serbiantimes.info\/en","nextItem":{"@type":"ListItem","@id":"https:\/\/serbiantimes.info\/en\/category\/sport\/#listItem","name":"SPORT"}},{"@type":"ListItem","@id":"https:\/\/serbiantimes.info\/en\/category\/sport\/#listItem","position":2,"name":"SPORT","item":"https:\/\/serbiantimes.info\/en\/category\/sport\/","nextItem":{"@type":"ListItem","@id":"https:\/\/serbiantimes.info\/en\/nba-champions-acquire-serbian-center-utah-trades-balsa-koprivica-to-oklahoma-city\/#listItem","name":"NBA CHAMPIONS ACQUIRE SERBIAN CENTER: Utah Trades Bal\u0161a Koprivica to Oklahoma City!"},"previousItem":{"@type":"ListItem","@id":"https:\/\/serbiantimes.info\/en#listItem","name":"Home"}},{"@type":"ListItem","@id":"https:\/\/serbiantimes.info\/en\/nba-champions-acquire-serbian-center-utah-trades-balsa-koprivica-to-oklahoma-city\/#listItem","position":3,"name":"NBA CHAMPIONS ACQUIRE SERBIAN CENTER: Utah Trades Bal\u0161a Koprivica to Oklahoma City!","previousItem":{"@type":"ListItem","@id":"https:\/\/serbiantimes.info\/en\/category\/sport\/#listItem","name":"SPORT"}}]},{"@type":"Organization","@id":"https:\/\/serbiantimes.info\/en\/#organization","name":"Serbiantimes.info EN","url":"https:\/\/serbiantimes.info\/en\/","logo":{"@type":"ImageObject","url":"https:\/\/serbiantimes.info\/en\/wp-content\/uploads\/sites\/2\/2024\/10\/cropped-cropped-Serbian-Times-Header-Logo-1.png","@id":"https:\/\/serbiantimes.info\/en\/nba-champions-acquire-serbian-center-utah-trades-balsa-koprivica-to-oklahoma-city\/#organizationLogo","width":480,"height":100},"image":{"@id":"https:\/\/serbiantimes.info\/en\/nba-champions-acquire-serbian-center-utah-trades-balsa-koprivica-to-oklahoma-city\/#organizationLogo"}},{"@type":"Person","@id":"https:\/\/serbiantimes.info\/en\/author\/serbiantimes-portal\/#author","url":"https:\/\/serbiantimes.info\/en\/author\/serbiantimes-portal\/","name":"Serbian Times","image":{"@type":"ImageObject","@id":"https:\/\/serbiantimes.info\/en\/nba-champions-acquire-serbian-center-utah-trades-balsa-koprivica-to-oklahoma-city\/#authorImage","url":"https:\/\/secure.gravatar.com\/avatar\/ea76e009769270b4193e2bc7e032c096b4ae135483ec03b396fd0f520bc3dcfd?s=96&d=mm&r=g","width":96,"height":96,"caption":"Serbian Times"}},{"@type":"WebPage","@id":"https:\/\/serbiantimes.info\/en\/nba-champions-acquire-serbian-center-utah-trades-balsa-koprivica-to-oklahoma-city\/#webpage","url":"https:\/\/serbiantimes.info\/en\/nba-champions-acquire-serbian-center-utah-trades-balsa-koprivica-to-oklahoma-city\/","name":"NBA CHAMPIONS ACQUIRE SERBIAN CENTER: Utah Trades Bal\u0161a Koprivica to Oklahoma City! | Serbiantimes.info EN","description":"Bal\u0161a Koprivica was traded overnight from the Utah Jazz to the Oklahoma City Thunder. The NBA champions acquired the rights to the Serbian center, though it is not yet known how much the Jazz earned in the deal. The 15th deal of NBA Trade Season: Oklahoma City has acquired the draft rights to center Bal\u0161a","inLanguage":"en-US","isPartOf":{"@id":"https:\/\/serbiantimes.info\/en\/#website"},"breadcrumb":{"@id":"https:\/\/serbiantimes.info\/en\/nba-champions-acquire-serbian-center-utah-trades-balsa-koprivica-to-oklahoma-city\/#breadcrumblist"},"author":{"@id":"https:\/\/serbiantimes.info\/en\/author\/serbiantimes-portal\/#author"},"creator":{"@id":"https:\/\/serbiantimes.info\/en\/author\/serbiantimes-portal\/#author"},"image":{"@type":"ImageObject","url":"https:\/\/serbiantimes.info\/en\/wp-content\/uploads\/sites\/2\/2026\/02\/ST-Montaze-2026-02-05T114615.886.jpg","@id":"https:\/\/serbiantimes.info\/en\/nba-champions-acquire-serbian-center-utah-trades-balsa-koprivica-to-oklahoma-city\/#mainImage","width":1200,"height":750},"primaryImageOfPage":{"@id":"https:\/\/serbiantimes.info\/en\/nba-champions-acquire-serbian-center-utah-trades-balsa-koprivica-to-oklahoma-city\/#mainImage"},"datePublished":"2026-02-05T14:37:50+02:00","dateModified":"2026-02-05T14:37:52+02:00"},{"@type":"WebSite","@id":"https:\/\/serbiantimes.info\/en\/#website","url":"https:\/\/serbiantimes.info\/en\/","name":"Serbiantimes.info EN","inLanguage":"en-US","publisher":{"@id":"https:\/\/serbiantimes.info\/en\/#organization"}}]},"og:locale":"en_US","og:site_name":"Serbiantimes.info EN |","og:type":"article","og:title":"NBA CHAMPIONS ACQUIRE SERBIAN CENTER: Utah Trades Bal\u0161a Koprivica to Oklahoma City! | Serbiantimes.info EN","og:description":"Bal\u0161a Koprivica was traded overnight from the Utah Jazz to the Oklahoma City Thunder. The NBA champions acquired the rights to the Serbian center, though it is not yet known how much the Jazz earned in the deal. The 15th deal of NBA Trade Season: Oklahoma City has acquired the draft rights to center Bal\u0161a","og:url":"https:\/\/serbiantimes.info\/en\/nba-champions-acquire-serbian-center-utah-trades-balsa-koprivica-to-oklahoma-city\/","og:image":"https:\/\/serbiantimes.info\/en\/wp-content\/uploads\/sites\/2\/2026\/02\/ST-Montaze-2026-02-05T114615.886.jpg","og:image:secure_url":"https:\/\/serbiantimes.info\/en\/wp-content\/uploads\/sites\/2\/2026\/02\/ST-Montaze-2026-02-05T114615.886.jpg","og:image:width":1200,"og:image:height":750,"article:published_time":"2026-02-05T12:37:50+00:00","article:modified_time":"2026-02-05T12:37:52+00:00","twitter:card":"summary_large_image","twitter:title":"NBA CHAMPIONS ACQUIRE SERBIAN CENTER: Utah Trades Bal\u0161a Koprivica to Oklahoma City! | Serbiantimes.info EN","twitter:description":"Bal\u0161a Koprivica was traded overnight from the Utah Jazz to the Oklahoma City Thunder. The NBA champions acquired the rights to the Serbian center, though it is not yet known how much the Jazz earned in the deal. The 15th deal of NBA Trade Season: Oklahoma City has acquired the draft rights to center Bal\u0161a","twitter:image":"https:\/\/serbiantimes.info\/en\/wp-content\/uploads\/sites\/2\/2026\/02\/ST-Montaze-2026-02-05T114615.886.jpg"},"aioseo_meta_data":{"post_id":"200417","title":null,"description":null,"keywords":null,"keyphrases":{"focus":{"keyphrase":"","score":0,"analysis":{"keyphraseInTitle":{"score":0,"maxScore":9,"error":1}}},"additional":[]},"primary_term":null,"canonical_url":null,"og_title":null,"og_description":null,"og_object_type":"default","og_image_type":"default","og_image_url":null,"og_image_width":null,"og_image_height":null,"og_image_custom_url":null,"og_image_custom_fields":null,"og_video":"","og_custom_url":null,"og_article_section":null,"og_article_tags":null,"twitter_use_og":false,"twitter_card":"default","twitter_image_type":"default","twitter_image_url":null,"twitter_image_custom_url":null,"twitter_image_custom_fields":null,"twitter_title":null,"twitter_description":null,"schema":{"blockGraphs":[],"customGraphs":[],"default":{"data":{"Article":[],"Course":[],"Dataset":[],"FAQPage":[],"Movie":[],"Person":[],"Product":[],"ProductReview":[],"Car":[],"Recipe":[],"Service":[],"SoftwareApplication":[],"WebPage":[]},"graphName":"BlogPosting","isEnabled":true},"graphs":[]},"schema_type":"default","schema_type_options":null,"pillar_content":false,"robots_default":true,"robots_noindex":false,"robots_noarchive":false,"robots_nosnippet":false,"robots_nofollow":false,"robots_noimageindex":false,"robots_noodp":false,"robots_notranslate":false,"robots_max_snippet":"-1","robots_max_videopreview":"-1","robots_max_imagepreview":"large","priority":null,"frequency":"default","local_seo":null,"breadcrumb_settings":null,"limit_modified_date":false,"ai":{"faqs":[],"keyPoints":[],"titles":[],"descriptions":[],"socialPosts":{"email":[],"linkedin":[],"twitter":[],"facebook":[],"instagram":[]}},"created":"2026-02-05 12:26:07","updated":"2026-02-05 12:38:24","focus_keyword":null,"additional_keywords":null,"truseo_locale":null,"seo_analyzer_scan_date":null},"aioseo_breadcrumb":"<div class=\"aioseo-breadcrumbs\"><span class=\"aioseo-breadcrumb\">\n\t\t\t<a href=\"https:\/\/serbiantimes.info\/en\" title=\"Home\">Home<\/a>\n\t\t<\/span><span class=\"aioseo-breadcrumb-separator\">&raquo;<\/span><span class=\"aioseo-breadcrumb\">\n\t\t\t<a href=\"https:\/\/serbiantimes.info\/en\/category\/sport\/\" title=\"SPORT\">SPORT<\/a>\n\t\t<\/span><span class=\"aioseo-breadcrumb-separator\">&raquo;<\/span><span class=\"aioseo-breadcrumb\">\n\t\t\tNBA CHAMPIONS ACQUIRE SERBIAN CENTER: Utah Trades Bal\u0161a Koprivica to Oklahoma City!\n\t\t<\/span><\/div>","aioseo_breadcrumb_json":[{"label":"Home","link":"https:\/\/serbiantimes.info\/en"},{"label":"SPORT","link":"https:\/\/serbiantimes.info\/en\/category\/sport\/"},{"label":"NBA CHAMPIONS ACQUIRE SERBIAN CENTER: Utah Trades Bal\u0161a Koprivica to Oklahoma City!","link":"https:\/\/serbiantimes.info\/en\/nba-champions-acquire-serbian-center-utah-trades-balsa-koprivica-to-oklahoma-city\/"}],"distributor_meta":false,"distributor_terms":false,"distributor_media":false,"distributor_original_site_name":"Serbiantimes.info EN","distributor_original_site_url":"https:\/\/serbiantimes.info\/en","push-errors":false,"_links":{"self":[{"href":"https:\/\/serbiantimes.info\/en\/wp-json\/wp\/v2\/posts\/200417","targetHints":{"allow":["GET"]}}],"collection":[{"href":"https:\/\/serbiantimes.info\/en\/wp-json\/wp\/v2\/posts"}],"about":[{"href":"https:\/\/serbiantimes.info\/en\/wp-json\/wp\/v2\/types\/post"}],"author":[{"embeddable":true,"href":"https:\/\/serbiantimes.info\/en\/wp-json\/wp\/v2\/users\/2169"}],"replies":[{"embeddable":true,"href":"https:\/\/serbiantimes.info\/en\/wp-json\/wp\/v2\/comments?post=200417"}],"version-history":[{"count":2,"href":"https:\/\/serbiantimes.info\/en\/wp-json\/wp\/v2\/posts\/200417\/revisions"}],"predecessor-version":[{"id":200462,"href":"https:\/\/serbiantimes.info\/en\/wp-json\/wp\/v2\/posts\/200417\/revisions\/200462"}],"wp:featuredmedia":[{"embeddable":true,"href":"https:\/\/serbiantimes.info\/en\/wp-json\/wp\/v2\/media\/200418"}],"wp:attachment":[{"href":"https:\/\/serbiantimes.info\/en\/wp-json\/wp\/v2\/media?parent=200417"}],"wp:term":[{"taxonomy":"category","embeddable":true,"href":"https:\/\/serbiantimes.info\/en\/wp-json\/wp\/v2\/categories?post=200417"},{"taxonomy":"post_tag","embeddable":true,"href":"https:\/\/serbiantimes.info\/en\/wp-json\/wp\/v2\/tags?post=200417"}],"curies":[{"name":"wp","href":"https:\/\/api.w.org\/{rel}","templated":true}]}}