{"id":199542,"date":"2026-01-27T23:55:28","date_gmt":"2026-01-27T21:55:28","guid":{"rendered":"https:\/\/serbiantimes.info\/en\/?p=199542"},"modified":"2026-01-27T23:55:29","modified_gmt":"2026-01-27T21:55:29","slug":"truckers-blocking-borders-speak-out-they-treat-us-like-criminals-strip-us-naked-and-look-at-us-as-if-were-drug-dealers","status":"publish","type":"post","link":"https:\/\/serbiantimes.info\/en\/truckers-blocking-borders-speak-out-they-treat-us-like-criminals-strip-us-naked-and-look-at-us-as-if-were-drug-dealers\/","title":{"rendered":"TRUCKERS BLOCKING BORDERS SPEAK OUT: \u201cThey Treat Us Like Criminals, Strip Us Naked and Look at Us as if We\u2019re Drug Dealers!\u201d"},"content":{"rendered":"\n<p>Truck drivers from Serbia, Bosnia and Herzegovina, Montenegro, and North Macedonia began blocking freight terminals at several Balkan border crossings on January 26 at 12 p.m., in protest against the introduction of a new EU system at border checkpoints. Among them are Borislav Popovi\u0107 and Ne\u0111o Mandi\u0107, positioned at the Batrovci and Ba\u010dka Palanka crossings. In an interview with Nova, they explain how the blockade is unfolding, how many truckers are involved, how long it will last, and why the new EU system is unacceptable for them.<\/p>\n\n\n\n<p><strong>Experienced Drivers Leading the Protest<\/strong><\/p>\n\n\n\n<p>Borislav Popovi\u0107 from Ba\u010dka Palanka has been driving trucks for decades. He is currently at the Ba\u010dka Palanka border crossing and is a member of the so-called Truckers\u2019 Crisis Staff organizing the blockade.<\/p>\n\n\n\n<p>\u201cTo our eyes, the blockade has succeeded so far. The new EU system being implemented is bad for us and our work, which is why we took action,\u201d Popovi\u0107 told Nova.rs.<\/p>\n\n\n\n<p>\u201cAll border crossings used by freight trucks are literally closed. Today is the second day. I wish I could say it\u2019s the last, but it\u2019s not. The blockade will probably continue. There have been some positive reactions from the European Commission, which is good for us, but we\u2019ll see how it develops,\u201d he added.<\/p>\n\n\n\n<p>He emphasizes that none of them are certain whether the proposed solutions from the European Commission will benefit truckers, which is why they remain at the borders until everything is received in writing.<\/p>\n\n\n\n<p><strong>Limited Passage Allowed<\/strong><\/p>\n\n\n\n<p>Popovi\u0107 says only a very small amount of goods are being allowed through.<\/p>\n\n\n\n<p>\u201cOnly imported medicines, live animals, possibly explosives, dialysis equipment, and any goods that can be justified as urgent can pass. Our Crisis Staff of four decides on these matters,\u201d he explains.<\/p>\n\n\n\n<p>Some truckers live close to the border, while others are up to 300 kilometers away, forcing them to sleep in their trucks. Despite the difficulties, they are determined not to abandon the blockade.<\/p>\n\n\n\n<p><strong>Organized Shifts<\/strong><\/p>\n\n\n\n<p>\u201cWe have six-to-eight-hour shifts, with properly marked marshals wearing vests and badges so colleagues know their shifts in advance. If food or water is needed, anyone who can helps.\u201d<\/p>\n\n\n\n<p>At the Ba\u010dka Palanka crossing, 14 trucks are currently participating.<\/p>\n\n\n\n<p>\u201cOur goal was not to mass trucks. We didn\u2019t want to bring hundreds of trucks and endanger residents or increase police workload. We went with the minimum number necessary to break the supply chain, not to show force or create unnecessary chaos. The police coordinate with our marshals if problems arise, but so far, there has been no need. We also printed flyers in multiple languages for foreign drivers stuck in the protest lanes to keep them informed.\u201d<\/p>\n\n\n\n<p>According to Popovi\u0107, the European Commission recognized truck drivers as a special group in a written statement, which they view as significant progress.<\/p>\n\n\n\n<p>\u201cThey said they are monitoring the situation and supposedly working on a kind of visa package for special groups like drivers and athletes. We hope this goes in the right direction, because professional athletes face similar issues as we do,\u201d he said.<\/p>\n\n\n\n<p><strong>Why Truckers Oppose the New EU System<\/strong><\/p>\n\n\n\n<p>Popovi\u0107 explained that the new EU system at border crossings is problematic for truckers.<\/p>\n\n\n\n<p>\u201cPreviously, the Schengen border was the border of Germany. It took us two days of driving to enter that zone. You enter Germany, load and unload in a day, and in two days you\u2019re out of Schengen again. Now, with the expanded borders, we\u2019re already in the EU and Schengen as soon as we start our route. We spend much more time in Schengen than before. If they expanded the territory, they should have proportionally increased the number of days for us.\u201d<\/p>\n\n\n\n<p><strong>Determined Despite Heavy Losses<\/strong><\/p>\n\n\n\n<p>The truckers are determined, even though the blockade carries heavy and incalculable costs.<\/p>\n\n\n\n<p>\u201cThis costs us a lot, of course, but we have no other choice. We won\u2019t send our drivers to be treated like clay pigeons and arrested \u2014 not even if it takes a month or two at the borders. There\u2019s no choice. No one will cross to be arrested anymore. Recently, driver arrests have become frequent, which is unacceptable. Migrants receive housing, social benefits, healthcare, and assistance in cities, while our drivers, who transport their goods, are arrested. It\u2019s absurd,\u201d Popovi\u0107 told Nova.rs.<\/p>\n\n\n\n<p>Ne\u0111o Mandi\u0107 added that drivers should be left alone to do their jobs.<\/p>\n\n\n\n<p>\u201cUntil a new acceptable rule is introduced, let drivers work. We will continue our actions, but if we get guarantees that drivers can safely do their jobs, we will stop the protests. This affects all Western Balkan drivers, not just Serbian ones,\u201d he said.<\/p>\n\n\n\n<p><strong>Where the Blockades Are<\/strong><\/p>\n\n\n\n<p>According to the Serbian police on January 26, border crossings blocked include routes to Croatia, Romania, Bulgaria, Montenegro, Bosnia and Herzegovina, and North Macedonia: Batrovci, \u0160id, Bogojevo, Ba\u010dka Palanka, Ne\u0161tin, Bezdan, Horgo\u0161, Kelebija, Vr\u0161ka \u010cuka, Gradina, Strezimirovci, Srpska Crnja, Vatin, Kalu\u0111erovo, and Pre\u0161evo.<\/p>\n\n\n\n<p>\u201cWe have 17 border crossings and four administrative crossings to Kosovo. All of us \u2014 transporters from Serbia, Montenegro, BiH, and North Macedonia \u2014 started the blockade at the same time with the same demands,\u201d Mandi\u0107 said.<\/p>\n\n\n\n<p><strong>Economic Damage<\/strong><\/p>\n\n\n\n<p>Due to the border blockade and the inability to export goods, Balkan countries are suffering direct losses estimated at \u20ac100 million, said Marko \u010cade\u017e, president of the Serbian Chamber of Commerce (PKS), to Radio Television of Serbia.<\/p>\n\n\n\n<p>\u201cDirect losses for Serbia amount to \u20ac55 million,\u201d he added. Companies that fail to export on time face penalties ranging from \u20ac10,000 to \u20ac50,000 per day, \u010cade\u017e noted.<\/p>\n\n\n\n<h4 class=\"wp-block-heading\"><mark style=\"background-color:#FFFFFF;color:#d21414\" class=\"has-inline-color\">MORE TOPICS:<\/mark><\/h4>\n\n\n\n<p><strong><a href=\"https:\/\/serbiantimes.info\/en\/serbian-bishop-gave-a-speech-before-the-american-vice-president-irinej-opened-the-march-for-life-with-a-prayer-then-gave-the-podium-to-j-d-vance-video-photo\/\" target=\"_blank\" rel=\"noopener\" title=\"\">SERBIAN BISHOP GAVE A SPEECH BEFORE THE AMERICAN VICE PRESIDENT: Irinej opened the \u201cMarch for Life\u201d with a prayer, then gave the podium to J.D. Vance! (VIDEO, PHOTO)<\/a><\/strong><\/p>\n\n\n\n<p><strong><a href=\"https:\/\/serbiantimes.info\/en\/they-fell-in-love-with-orthodoxy-two-daughters-and-a-mother-from-turkey-were-baptized-in-trebinje-here-are-the-names-they-took\/\" target=\"_blank\" rel=\"noopener\" title=\"\">THEY FELL IN LOVE WITH ORTHODOXY: Two daughters and a mother from Turkey were baptized in Trebinje, here are the names they took!<\/a><\/strong><\/p>\n\n\n\n<p><strong><a href=\"https:\/\/serbiantimes.info\/en\/a-serb-plays-the-guitar-in-robbie-williams-new-hit-nikola-guest-starred-on-his-new-album-at-the-personal-request-of-the-world-pop-star-video\/\" target=\"_blank\" rel=\"noopener\" title=\"\">A SERB PLAYS THE GUITAR IN ROBBIE WILLIAMS\u2019 NEW HIT: Nikola guest starred on his new album at the personal request of the world pop star! (VIDEO)<\/a><\/strong><\/p>\n\n\n\n<p><strong><a href=\"https:\/\/serbiantimes.info\/en\/they-accused-her-of-being-a-trojan-horse-who-is-dajana-the-croatian-woman-who-helped-serbia-win-the-gold\/\" target=\"_blank\" rel=\"noopener\" title=\"\">THEY ACCUSED HER OF BEING A \u201cTROJAN HORSE\u201d: Who is Dajana, the Croatian woman who helped Serbia win the gold!<\/a><\/strong><\/p>\n\n\n\n<p><strong><a href=\"https:\/\/serbiantimes.info\/en\/the-coach-revealed-what-kind-of-hell-they-went-through-to-get-the-gold-jaksic-vomited-during-the-warm-up-before-the-final-cuk-fell-ill-everyone-played-the-semi-final-sick-video\/\" target=\"_blank\" rel=\"noopener\" title=\"\">THE COACH REVEALED WHAT KIND OF HELL THEY WENT THROUGH TO GET THE GOLD: Jak\u0161i\u0107 vomited during the warm-up before the final, \u0106uk fell ill, everyone played the semi-final sick! (VIDEO)<\/a><\/strong><\/p>\n\n\n\n<p><strong>Source<\/strong>:<strong>&nbsp;<\/strong>Nova.rs, <strong>Foto:<\/strong> Privatna arhiva<br><\/p>\n","protected":false},"excerpt":{"rendered":"<p>Truck drivers from Serbia, Bosnia and Herzegovina, Montenegro, and North Macedonia began blocking freight terminals at several Balkan border crossings on January 26 at 12 p.m., in protest against the introduction of a new EU system at border checkpoints. Among them are Borislav Popovi\u0107 and Ne\u0111o Mandi\u0107, positioned at the Batrovci and Ba\u010dka Palanka crossings. [&hellip;]<\/p>\n","protected":false},"author":2169,"featured_media":199543,"comment_status":"open","ping_status":"open","sticky":false,"template":"","format":"standard","meta":{"newspack_featured_image_position":"","newspack_post_subtitle":"","newspack_article_summary_title":"Overview:","newspack_article_summary":"","newspack_hide_updated_date":false,"newspack_show_updated_date":false,"footnotes":""},"categories":[4],"tags":[309,2744,159,351,10689,589,3870,617,113],"class_list":["post-199542","post","type-post","status-publish","format-standard","has-post-thumbnail","hentry","category-breaking","tag-bih","tag-blokada","tag-crna-gora","tag-eu","tag-granicni-prelaz","tag-kamion","tag-kamiondzije","tag-severna-makedonija","tag-srbija","entry"],"aioseo_notices":[],"distributor_meta":false,"distributor_terms":false,"distributor_media":false,"distributor_original_site_name":"Serbiantimes.info EN","distributor_original_site_url":"https:\/\/serbiantimes.info\/en","push-errors":false,"_links":{"self":[{"href":"https:\/\/serbiantimes.info\/en\/wp-json\/wp\/v2\/posts\/199542","targetHints":{"allow":["GET"]}}],"collection":[{"href":"https:\/\/serbiantimes.info\/en\/wp-json\/wp\/v2\/posts"}],"about":[{"href":"https:\/\/serbiantimes.info\/en\/wp-json\/wp\/v2\/types\/post"}],"author":[{"embeddable":true,"href":"https:\/\/serbiantimes.info\/en\/wp-json\/wp\/v2\/users\/2169"}],"replies":[{"embeddable":true,"href":"https:\/\/serbiantimes.info\/en\/wp-json\/wp\/v2\/comments?post=199542"}],"version-history":[{"count":2,"href":"https:\/\/serbiantimes.info\/en\/wp-json\/wp\/v2\/posts\/199542\/revisions"}],"predecessor-version":[{"id":199559,"href":"https:\/\/serbiantimes.info\/en\/wp-json\/wp\/v2\/posts\/199542\/revisions\/199559"}],"wp:featuredmedia":[{"embeddable":true,"href":"https:\/\/serbiantimes.info\/en\/wp-json\/wp\/v2\/media\/199543"}],"wp:attachment":[{"href":"https:\/\/serbiantimes.info\/en\/wp-json\/wp\/v2\/media?parent=199542"}],"wp:term":[{"taxonomy":"category","embeddable":true,"href":"https:\/\/serbiantimes.info\/en\/wp-json\/wp\/v2\/categories?post=199542"},{"taxonomy":"post_tag","embeddable":true,"href":"https:\/\/serbiantimes.info\/en\/wp-json\/wp\/v2\/tags?post=199542"}],"curies":[{"name":"wp","href":"https:\/\/api.w.org\/{rel}","templated":true}]}}