{"id":199316,"date":"2026-01-26T13:08:00","date_gmt":"2026-01-26T11:08:00","guid":{"rendered":"https:\/\/serbiantimes.info\/en\/?p=199316"},"modified":"2026-01-26T13:08:54","modified_gmt":"2026-01-26T11:08:54","slug":"the-mvp-is-a-serb-but-it-is-not-jokic-awards-given-to-the-best-water-polo-players-of-the-european-championship-this-is-the-first-team-video","status":"publish","type":"post","link":"https:\/\/serbiantimes.info\/en\/the-mvp-is-a-serb-but-it-is-not-jokic-awards-given-to-the-best-water-polo-players-of-the-european-championship-this-is-the-first-team-video\/","title":{"rendered":"THE MVP IS A SERB, BUT IT IS NOT JOKI\u0106: Awards given to the best water polo players of the European Championship, this is the first team! (VIDEO)"},"content":{"rendered":"\n<p><strong><em>Serbian water polo players won the title of European champion, after defeating the Hungarian selection in the final of the European Championship in the Belgrade Arena with a score of 10:7, and after this duel we also saw the presentation of awards.<\/em><\/strong><\/p>\n\n\n\n<p>The MVP of the final match is Du\u0161an Mandi\u0107.<\/p>\n\n\n\n<p>He scored four goals in the match against Hungary, and we also saw how he played in defense, so he deservedly received the recognition for the most valuable player.<\/p>\n\n\n\n<p>There are as many as three Serbian national team players in the Best Team of the championship, and it consists of:<\/p>\n\n\n\n<p>Stylianos Argyropoulos, Strahinja Ra\u0161ovi\u0107, Konstantinos Kakaris, Kriszti\u00e1n Manhercz, \u00c1kos Nagy, Du\u0161an Mandi\u0107, and Milan Glu\u0161ac.<\/p>\n\n\n\n<h4 class=\"wp-block-heading\"><mark style=\"background-color:#FFFFFF;color:#d21414\" class=\"has-inline-color\">MORE TOPICS:<\/mark><\/h4>\n\n\n\n<p><strong><a href=\"https:\/\/serbiantimes.info\/en\/serbian-bishop-gave-a-speech-before-the-american-vice-president-irinej-opened-the-march-for-life-with-a-prayer-then-gave-the-podium-to-j-d-vance-video-photo\/\" target=\"_blank\" rel=\"noopener\" title=\"\">SERBIAN BISHOP GAVE A SPEECH BEFORE THE AMERICAN VICE PRESIDENT: Irinej opened the \u201cMarch for Life\u201d with a prayer, then gave the podium to J.D. Vance! (VIDEO, PHOTO)<\/a><\/strong><\/p>\n\n\n\n<p><strong><a href=\"https:\/\/serbiantimes.info\/en\/a-serb-plays-the-guitar-in-robbie-williams-new-hit-nikola-guest-starred-on-his-new-album-at-the-personal-request-of-the-world-pop-star-video\/\" target=\"_blank\" rel=\"noopener\" title=\"\">A SERB PLAYS THE GUITAR IN ROBBIE WILLIAMS\u2019 NEW HIT: Nikola guest starred on his new album at the personal request of the world pop star! (VIDEO)<\/a><\/strong><\/p>\n\n\n\n<p><strong><a href=\"https:\/\/serbiantimes.info\/en\/the-coach-revealed-what-kind-of-hell-they-went-through-to-get-the-gold-jaksic-vomited-during-the-warm-up-before-the-final-cuk-fell-ill-everyone-played-the-semi-final-sick-video\/\" target=\"_blank\" rel=\"noopener\" title=\"\">THE COACH REVEALED WHAT KIND OF HELL THEY WENT THROUGH TO GET THE GOLD: Jak\u0161i\u0107 vomited during the warm-up before the final, \u0106uk fell ill, everyone played the semi-final sick! (VIDEO)<\/a><\/strong><\/p>\n\n\n\n<p><strong>Source: <\/strong><a href=\"https:\/\/sportal.blic.rs\/prica\/dusan-mandic-je-mvp-finala-a-ovo-je-najbolji-tim-evropskog-prvenstva-2026012521163837698\" title=\"\">Sportal<\/a> <strong>Photo:<\/strong> Aleksandar Dimitrijevi\u0107<\/p>\n\n\n\n<p><a href=\"https:\/\/sportal.blic.rs\/autor\/stefan-kojic-2022041810405408286\"><\/a><\/p>\n","protected":false},"excerpt":{"rendered":"<p>Serbian water polo players won the title of European champion, after defeating the Hungarian selection in the final of the European Championship in the Belgrade Arena with a score of 10:7, and after this duel we also saw the presentation of awards. The MVP of the final match is Du\u0161an Mandi\u0107. He scored four goals [&hellip;]<\/p>\n","protected":false},"author":8,"featured_media":199317,"comment_status":"open","ping_status":"open","sticky":false,"template":"","format":"standard","meta":{"newspack_featured_image_position":"","newspack_post_subtitle":"","newspack_article_summary_title":"Overview:","newspack_article_summary":"","newspack_hide_updated_date":false,"newspack_show_updated_date":false,"footnotes":""},"categories":[10],"tags":[4023,10924,10925,10923],"class_list":["post-199316","post","type-post","status-publish","format-standard","has-post-thumbnail","hentry","category-sport","tag-dusan-mandic","tag-dusan-mandic-mvp","tag-evropsko-prvenstvo-u-vaterpolu","tag-srbija-sampion-evrope","entry"],"aioseo_notices":[],"distributor_meta":false,"distributor_terms":false,"distributor_media":false,"distributor_original_site_name":"Serbiantimes.info EN","distributor_original_site_url":"https:\/\/serbiantimes.info\/en","push-errors":false,"_links":{"self":[{"href":"https:\/\/serbiantimes.info\/en\/wp-json\/wp\/v2\/posts\/199316","targetHints":{"allow":["GET"]}}],"collection":[{"href":"https:\/\/serbiantimes.info\/en\/wp-json\/wp\/v2\/posts"}],"about":[{"href":"https:\/\/serbiantimes.info\/en\/wp-json\/wp\/v2\/types\/post"}],"author":[{"embeddable":true,"href":"https:\/\/serbiantimes.info\/en\/wp-json\/wp\/v2\/users\/8"}],"replies":[{"embeddable":true,"href":"https:\/\/serbiantimes.info\/en\/wp-json\/wp\/v2\/comments?post=199316"}],"version-history":[{"count":2,"href":"https:\/\/serbiantimes.info\/en\/wp-json\/wp\/v2\/posts\/199316\/revisions"}],"predecessor-version":[{"id":199350,"href":"https:\/\/serbiantimes.info\/en\/wp-json\/wp\/v2\/posts\/199316\/revisions\/199350"}],"wp:featuredmedia":[{"embeddable":true,"href":"https:\/\/serbiantimes.info\/en\/wp-json\/wp\/v2\/media\/199317"}],"wp:attachment":[{"href":"https:\/\/serbiantimes.info\/en\/wp-json\/wp\/v2\/media?parent=199316"}],"wp:term":[{"taxonomy":"category","embeddable":true,"href":"https:\/\/serbiantimes.info\/en\/wp-json\/wp\/v2\/categories?post=199316"},{"taxonomy":"post_tag","embeddable":true,"href":"https:\/\/serbiantimes.info\/en\/wp-json\/wp\/v2\/tags?post=199316"}],"curies":[{"name":"wp","href":"https:\/\/api.w.org\/{rel}","templated":true}]}}