{"id":199246,"date":"2026-01-25T16:04:12","date_gmt":"2026-01-25T14:04:12","guid":{"rendered":"https:\/\/serbiantimes.info\/en\/?p=199246"},"modified":"2026-01-25T16:04:13","modified_gmt":"2026-01-25T14:04:13","slug":"dodik-before-trump-the-whole-world-was-against-us-thats-why-we-support-him-and-will-continue","status":"publish","type":"post","link":"https:\/\/serbiantimes.info\/en\/dodik-before-trump-the-whole-world-was-against-us-thats-why-we-support-him-and-will-continue\/","title":{"rendered":"DODIK: Before Trump, the Whole World Was Against Us, That\u2019s Why We Support Him and Will Continue!"},"content":{"rendered":"\n<p>Former President of the <strong>Republika Srpska (RS), Milorad Dodik<\/strong>, stated that he publicly and clearly supports U.S. President <strong>Donald Trump<\/strong>, that he was invited to the <strong>U.S. National Prayer Breakfast<\/strong>, and that he has no disagreements with Serbian President <strong>Aleksandar Vu\u010di\u0107<\/strong>.<\/p>\n\n\n\n<p>\u201cWhat I believe is that before Trump, the world was absolutely against us Serbs as a whole, especially in RS, and we opposed that world by supporting Trump and continue to support him in his efforts to introduce some innovations in geopolitical relations,\u201d Dodik said in an interview with the newspaper <em>Politika<\/em>.<\/p>\n\n\n\n<figure class=\"wp-block-embed is-type-wp-embed is-provider-serbiantimes-info wp-block-embed-serbiantimes-info\"><div class=\"wp-block-embed__wrapper\">\n<blockquote class=\"wp-embedded-content\" data-secret=\"XSsfVDfFkb\"><a href=\"https:\/\/serbiantimes.info\/sve-o-radarima-u-srbiji-love-prekrsaj-na-vec-300-metara-a-evo-sta-sve-snimaju\/\">SVE O RADARIMA U SRBIJI: Love prekr\u0161aj na ve\u0107 300 metara, a evo \u0161ta sve snimaju!<\/a><\/blockquote><iframe loading=\"lazy\" class=\"wp-embedded-content\" sandbox=\"allow-scripts\" security=\"restricted\" style=\"position: absolute; visibility: hidden;\" title=\"&#132;SVE O RADARIMA U SRBIJI: Love prekr\u0161aj na ve\u0107 300 metara, a evo \u0161ta sve snimaju!&#147; &#8212; Serbiantimes.info\" src=\"https:\/\/serbiantimes.info\/sve-o-radarima-u-srbiji-love-prekrsaj-na-vec-300-metara-a-evo-sta-sve-snimaju\/embed\/#?secret=5kcYZbGWL1#?secret=XSsfVDfFkb\" data-secret=\"XSsfVDfFkb\" width=\"500\" height=\"282\" frameborder=\"0\" marginwidth=\"0\" marginheight=\"0\" scrolling=\"no\"><\/iframe>\n<\/div><\/figure>\n\n\n\n<p>He added that he supported Trump during both of his terms, that this did not go unnoticed, and that it enabled the \u201crelaxation of our relations that we now experience.\u201d<\/p>\n\n\n\n<p>Dodik also stated that \u201cthe question of Serbia\u2019s survival over the next ten years depends on Vu\u010di\u0107\u2019s position in power,\u201d noting that \u201chis governance stabilizes Serbia in an unstable global order,\u201d and that \u201cVu\u010di\u0107 has stabilized Serbia.\u201d<\/p>\n\n\n\n<p>\u201cWe need strong personalities. In these uncertain and turbulent moments of history, in the alternative that Serbia offers, I absolutely see no one who could position Serbia properly,\u201d Dodik emphasized.<\/p>\n\n\n\n<p>He noted that he has no disagreements with Vu\u010di\u0107\u2014neither strategic, operational, nor daily\u2014and that Vu\u010di\u0107, as president, works sincerely and fully in Serbia\u2019s interest.<\/p>\n\n\n\n<h3 class=\"wp-block-heading\"><mark style=\"background-color:#FFFFFF;color:#d21414\" class=\"has-inline-color\"><mark style=\"background-color:#FFFFFF;color:#d21414\" class=\"has-inline-color\">MORE TOPICS:<\/mark><\/mark><\/h3>\n\n\n\n<p><a href=\"https:\/\/serbiantimes.info\/en\/mark-brnovic-buried-in-phoenix-family-and-friends-pay-their-final-respects-video\/\" target=\"_blank\" rel=\"noopener\" title=\"\"><strong>MARK BRNOVI\u0106 BURIED IN PHOENIX: Family and Friends Pay Their Final Respects! (VIDEO)<\/strong><\/a><\/p>\n\n\n\n<p><strong><a href=\"https:\/\/serbiantimes.info\/en\/serbian-times-reveals-the-u-s-congress-wants-to-launch-an-investigation-into-alleged-discrimination-against-albanians-in-serbia-video\/\" target=\"_blank\" rel=\"noopener\" title=\"\">SERBIAN TIMES REVEALS: The U.S. Congress Wants to Launch an Investigation into Alleged Discrimination Against Albanians in Serbia! (VIDEO)<\/a><\/strong><\/p>\n\n\n\n<p><strong><a href=\"https:\/\/serbiantimes.info\/en\/european-parliament-delegation-in-belgrade-meps-visited-the-jasenovac-exhibition-here-is-what-is-planned\/\" target=\"_blank\" rel=\"noopener\" title=\"\">EUROPEAN PARLIAMENT DELEGATION IN BELGRADE: MEPs visited the Jasenovac exhibition, here is what is planned!<\/a><\/strong><\/p>\n\n\n\n<p><strong><a href=\"https:\/\/serbiantimes.info\/en\/partizan-miracle-in-munich-black-and-whites-come-back-from-27-against-euroleague-leader-and-win-after-overtime-video\/\" target=\"_blank\" rel=\"noopener\" title=\"\">PARTIZAN MIRACLE IN MUNICH: Black-and-Whites Come Back from -27 Against EuroLeague Leader and Win After Overtime! (VIDEO)<\/a><\/strong><\/p>\n\n\n\n<p><strong>Source<\/strong>: N1, <strong>Foto<\/strong>: Skrin\u0161ot<\/p>\n","protected":false},"excerpt":{"rendered":"<p>Former President of the Republika Srpska (RS), Milorad Dodik, stated that he publicly and clearly supports U.S. President Donald Trump, that he was invited to the U.S. National Prayer Breakfast, and that he has no disagreements with Serbian President Aleksandar Vu\u010di\u0107. \u201cWhat I believe is that before Trump, the world was absolutely against us Serbs [&hellip;]<\/p>\n","protected":false},"author":2169,"featured_media":160043,"comment_status":"open","ping_status":"open","sticky":false,"template":"","format":"standard","meta":{"newspack_featured_image_position":"","newspack_post_subtitle":"","newspack_article_summary_title":"Overview:","newspack_article_summary":"","newspack_hide_updated_date":false,"newspack_show_updated_date":false,"footnotes":""},"categories":[4],"tags":[1755,7895,24,876,113],"class_list":["post-199246","post","type-post","status-publish","format-standard","has-post-thumbnail","hentry","category-breaking","tag-aleksandar-vucic-2","tag-dodik","tag-donald-tramp","tag-politika","tag-srbija","entry"],"aioseo_notices":[],"distributor_meta":false,"distributor_terms":false,"distributor_media":false,"distributor_original_site_name":"Serbiantimes.info EN","distributor_original_site_url":"https:\/\/serbiantimes.info\/en","push-errors":false,"_links":{"self":[{"href":"https:\/\/serbiantimes.info\/en\/wp-json\/wp\/v2\/posts\/199246","targetHints":{"allow":["GET"]}}],"collection":[{"href":"https:\/\/serbiantimes.info\/en\/wp-json\/wp\/v2\/posts"}],"about":[{"href":"https:\/\/serbiantimes.info\/en\/wp-json\/wp\/v2\/types\/post"}],"author":[{"embeddable":true,"href":"https:\/\/serbiantimes.info\/en\/wp-json\/wp\/v2\/users\/2169"}],"replies":[{"embeddable":true,"href":"https:\/\/serbiantimes.info\/en\/wp-json\/wp\/v2\/comments?post=199246"}],"version-history":[{"count":3,"href":"https:\/\/serbiantimes.info\/en\/wp-json\/wp\/v2\/posts\/199246\/revisions"}],"predecessor-version":[{"id":199287,"href":"https:\/\/serbiantimes.info\/en\/wp-json\/wp\/v2\/posts\/199246\/revisions\/199287"}],"wp:featuredmedia":[{"embeddable":true,"href":"https:\/\/serbiantimes.info\/en\/wp-json\/wp\/v2\/media\/160043"}],"wp:attachment":[{"href":"https:\/\/serbiantimes.info\/en\/wp-json\/wp\/v2\/media?parent=199246"}],"wp:term":[{"taxonomy":"category","embeddable":true,"href":"https:\/\/serbiantimes.info\/en\/wp-json\/wp\/v2\/categories?post=199246"},{"taxonomy":"post_tag","embeddable":true,"href":"https:\/\/serbiantimes.info\/en\/wp-json\/wp\/v2\/tags?post=199246"}],"curies":[{"name":"wp","href":"https:\/\/api.w.org\/{rel}","templated":true}]}}