{"id":198757,"date":"2026-01-20T23:26:00","date_gmt":"2026-01-20T21:26:00","guid":{"rendered":"https:\/\/serbiantimes.info\/en\/?p=198757"},"modified":"2026-01-20T23:26:01","modified_gmt":"2026-01-20T21:26:01","slug":"ecological-catastrophe-in-ivanjica-huge-illegal-landfill-at-the-entrance-to-the-city-in-the-middle-of-an-air-spa-and-unesco-reserve-video","status":"publish","type":"post","link":"https:\/\/serbiantimes.info\/en\/ecological-catastrophe-in-ivanjica-huge-illegal-landfill-at-the-entrance-to-the-city-in-the-middle-of-an-air-spa-and-unesco-reserve-video\/","title":{"rendered":"ECOLOGICAL CATASTROPHE IN IVANJICA: Huge illegal landfill at the entrance to the city, in the middle of an air spa and UNESCO reserve! (VIDEO)"},"content":{"rendered":"\n<p><strong><em>At the entrance to Ivanjica, in the local community of Prilike, a worrying sight was recorded \u2013 a huge illegal landfill that threatens the natural environment and the health of citizens.<\/em><\/strong><\/p>\n\n\n\n<p>One of the residents, Vojo To\u0161ovi\u0107, whose family and children live in the immediate vicinity of this ecological catastrophe, recorded a video in which he shows the extent of the wild landfill in detail. &#8220;This is not a landfill in some African country or in the West, but in our beautiful Ivanjica\u2026&#8221;, To\u0161ovi\u0107 points out, while the camera passes by piles of garbage scattered along the bed of the Moravica river.<\/p>\n\n\n\n<p>Otherwise, Ivanjica was officially declared an air spa and was the first in Serbia to carry that title in 2000, and the nearby mountain Golija is a biosphere reserve declared by UNESCO, which further emphasizes the seriousness of the ecological problem.<\/p>\n\n\n\n<p>In the video, To\u0161ovi\u0107 called on all local officials, but also the state, to react urgently and remove the garbage before even greater consequences occur.<\/p>\n\n\n\n<p>Watch the video below and see for yourself the scale of the ecological catastrophe!<\/p>\n\n\n\n<iframe loading=\"lazy\" src=\"https:\/\/www.facebook.com\/plugins\/video.php?height=476&#038;href=https%3A%2F%2Fwww.facebook.com%2Freel%2F887570180587211%2F&#038;show_text=false&#038;width=267&#038;t=0\" width=\"267\" height=\"476\" style=\"border:none;overflow:hidden\" scrolling=\"no\" frameborder=\"0\" allowfullscreen=\"true\" allow=\"autoplay; clipboard-write; encrypted-media; picture-in-picture; web-share\" allowFullScreen=\"true\"><\/iframe>\n\n\n\n<h4 class=\"wp-block-heading\"><mark style=\"background-color:#FFFFFF;color:#d21414\" class=\"has-inline-color\">MORE TOPICS:<\/mark><\/h4>\n\n\n\n<p><strong><a href=\"https:\/\/serbiantimes.info\/en\/ideal-start-for-the-serbian-woman-olga-danilovic-advanced-to-the-second-round-of-the-australian-open-in-doubles-as-well\/\" target=\"_blank\" rel=\"noopener\" title=\"\">IDEAL START FOR THE SERBIAN WOMAN: Olga Danilovi\u0107 advanced to the second round of the Australian Open in doubles as well!<\/a><\/strong><\/p>\n\n\n\n<p><strong><a href=\"https:\/\/serbiantimes.info\/en\/serbia-waits-for-americas-response-nis-submitted-a-request-to-ofac-for-the-extension-of-its-work-license-video\/\" target=\"_blank\" rel=\"noopener\" title=\"\">SERBIA WAITS FOR AMERICA\u2019S RESPONSE: NIS submitted a request to OFAC for the extension of its work license! (VIDEO)<\/a><\/strong><\/p>\n\n\n\n<p><strong><a href=\"https:\/\/serbiantimes.info\/en\/doncic-and-jokic-will-play-on-the-same-team-the-nba-league-announced-the-all-star-spectacle-these-are-the-starting-lineups\/\" target=\"_blank\" rel=\"noopener\" title=\"\">DON\u010cI\u0106 AND JOKI\u0106 WILL PLAY ON THE SAME TEAM: The NBA league announced the All-star spectacle, these are the starting lineups!<\/a><\/strong><\/p>\n\n\n\n<p><strong><a href=\"https:\/\/serbiantimes.info\/en\/serbia-eliminated-from-the-european-championship-germany-defeated-spain-and-took-revenge-on-the-eagles-for-the-defeat\/\" target=\"_blank\" rel=\"noopener\" title=\"\">SERBIA ELIMINATED FROM THE EUROPEAN CHAMPIONSHIP: Germany defeated Spain and took revenge on the Eagles for the defeat!<\/a><\/strong><\/p>\n\n\n\n<p><strong><a href=\"https:\/\/serbiantimes.info\/en\/the-final-days-of-a-serbian-hero-this-is-the-real-story-of-vojvoda-petar-bojovics-death\/\" target=\"_blank\" rel=\"noopener\" title=\"\">BURIED WITHOUT STATE AND MILITARY HONORS: What role the communists played in the death of the great duke Bojovi\u0107!<\/a><\/strong><\/p>\n\n\n\n<p><strong><a href=\"https:\/\/serbiantimes.info\/en\/today-we-celebrate-saint-john-on-this-day-brotherhoods-and-godparentships-are-formed-heres-how-else-he-is-called\/\" target=\"_blank\" rel=\"noopener\" title=\"\">TODAY WE CELEBRATE SAINT JOHN: On this day, brotherhoods and godparentships are formed, here\u2019s how else he is called!<\/a><\/strong><\/p>\n\n\n\n<p><strong><strong>Source<\/strong>: <\/strong>Serbian Times, <strong>Photo:<\/strong> Printscreen Facebook<\/p>\n","protected":false},"excerpt":{"rendered":"<p>At the entrance to Ivanjica, in the local community of Prilike, a worrying sight was recorded \u2013 a huge illegal landfill that threatens the natural environment and the health of citizens. One of the residents, Vojo To\u0161ovi\u0107, whose family and children live in the immediate vicinity of this ecological catastrophe, recorded a video in which [&hellip;]<\/p>\n","protected":false},"author":2169,"featured_media":198758,"comment_status":"open","ping_status":"open","sticky":false,"template":"","format":"standard","meta":{"newspack_featured_image_position":"","newspack_post_subtitle":"","newspack_article_summary_title":"Overview:","newspack_article_summary":"","newspack_hide_updated_date":false,"newspack_show_updated_date":false,"footnotes":""},"categories":[7],"tags":[10823,6219,10824,10825,113,10826,10827,15,2298],"class_list":["post-198757","post","type-post","status-publish","format-standard","has-post-thumbnail","hentry","category-serbia","tag-divlja-deponija","tag-ekoloska-katastrofa","tag-ivnjica","tag-reka-moravica","tag-srbija","tag-unesco-rezervat","tag-vazduzna-banja","tag-video","tag-zdravlje","entry"],"aioseo_notices":[],"distributor_meta":false,"distributor_terms":false,"distributor_media":false,"distributor_original_site_name":"Serbiantimes.info EN","distributor_original_site_url":"https:\/\/serbiantimes.info\/en","push-errors":false,"_links":{"self":[{"href":"https:\/\/serbiantimes.info\/en\/wp-json\/wp\/v2\/posts\/198757","targetHints":{"allow":["GET"]}}],"collection":[{"href":"https:\/\/serbiantimes.info\/en\/wp-json\/wp\/v2\/posts"}],"about":[{"href":"https:\/\/serbiantimes.info\/en\/wp-json\/wp\/v2\/types\/post"}],"author":[{"embeddable":true,"href":"https:\/\/serbiantimes.info\/en\/wp-json\/wp\/v2\/users\/2169"}],"replies":[{"embeddable":true,"href":"https:\/\/serbiantimes.info\/en\/wp-json\/wp\/v2\/comments?post=198757"}],"version-history":[{"count":1,"href":"https:\/\/serbiantimes.info\/en\/wp-json\/wp\/v2\/posts\/198757\/revisions"}],"predecessor-version":[{"id":198770,"href":"https:\/\/serbiantimes.info\/en\/wp-json\/wp\/v2\/posts\/198757\/revisions\/198770"}],"wp:featuredmedia":[{"embeddable":true,"href":"https:\/\/serbiantimes.info\/en\/wp-json\/wp\/v2\/media\/198758"}],"wp:attachment":[{"href":"https:\/\/serbiantimes.info\/en\/wp-json\/wp\/v2\/media?parent=198757"}],"wp:term":[{"taxonomy":"category","embeddable":true,"href":"https:\/\/serbiantimes.info\/en\/wp-json\/wp\/v2\/categories?post=198757"},{"taxonomy":"post_tag","embeddable":true,"href":"https:\/\/serbiantimes.info\/en\/wp-json\/wp\/v2\/tags?post=198757"}],"curies":[{"name":"wp","href":"https:\/\/api.w.org\/{rel}","templated":true}]}}