{"id":198755,"date":"2026-01-20T23:25:57","date_gmt":"2026-01-20T21:25:57","guid":{"rendered":"https:\/\/serbiantimes.info\/en\/?p=198755"},"modified":"2026-01-20T23:25:59","modified_gmt":"2026-01-20T21:25:59","slug":"after-14-years-in-the-serbian-jersey-handball-player-nemanja-ilic-said-goodbye-to-the-national-team","status":"publish","type":"post","link":"https:\/\/serbiantimes.info\/en\/after-14-years-in-the-serbian-jersey-handball-player-nemanja-ilic-said-goodbye-to-the-national-team\/","title":{"rendered":"AFTER 14 YEARS IN THE SERBIAN JERSEY: Handball player Nemanja Ili\u0107 said goodbye to the national team!"},"content":{"rendered":"\n<p class=\"wp-block-paragraph\"><strong><em>Nemanja Ili\u0107, the winger of the Serbian national team, said goodbye to the jersey with the national emblem after the &#8220;Eagles&#8221; were eliminated from the European Championship in Denmark, Sweden, and Norway with a 26:25 defeat against Austria.<\/em><\/strong><\/p>\n\n\n\n<p class=\"wp-block-paragraph\">Serbia had a chance to reach the second stage with a triumph over the Austrians, but they lost, and then another bad news arrived in the form of Germany&#8217;s victory over Spain, which sent the &#8220;Eagles&#8221; to fourth place in Group A behind Germany, Spain, and Austria.<\/p>\n\n\n\n<p class=\"wp-block-paragraph\">And Ili\u0107 said goodbye to the selection with an emotional message:<\/p>\n\n\n\n<p class=\"wp-block-paragraph\">&#8220;Since 2012, I have had the honor of representing my country, wearing the emblem on my chest, singing the anthem, and sharing the court with incredible teammates.<\/p>\n\n\n\n<p class=\"wp-block-paragraph\">On that path, there was everything\u2026 Beautiful moments, important victories, painful defeats, struggles, and emotions that are not forgotten.<\/p>\n\n\n\n<p class=\"wp-block-paragraph\">Every call-up and every minute in this jersey had, and will have, a special weight and priceless honor. It was a particular privilege for me to be the captain of the Serbian national team. Thanks to everyone who was part of this journey!<\/p>\n\n\n\n<p class=\"wp-block-paragraph\">I leave proud and grateful. The national team will forever have a special place in my heart,&#8221; it was stated in his message.<\/p>\n\n\n\n<p class=\"wp-block-paragraph\">Ili\u0107 scored six goals against Austria, and it is interesting that he is the last player born in 1990 who played for the national selection.<\/p>\n\n\n\n<h4 class=\"wp-block-heading\"><mark style=\"background-color:#FFFFFF;color:#d21414\" class=\"has-inline-color\">MORE TOPICS:<\/mark><\/h4>\n\n\n\n<p class=\"wp-block-paragraph\"><strong><a href=\"https:\/\/serbiantimes.info\/en\/ideal-start-for-the-serbian-woman-olga-danilovic-advanced-to-the-second-round-of-the-australian-open-in-doubles-as-well\/\" target=\"_blank\" rel=\"noopener\" title=\"\">IDEAL START FOR THE SERBIAN WOMAN: Olga Danilovi\u0107 advanced to the second round of the Australian Open in doubles as well!<\/a><\/strong><\/p>\n\n\n\n<p class=\"wp-block-paragraph\"><strong><a href=\"https:\/\/serbiantimes.info\/en\/serbia-waits-for-americas-response-nis-submitted-a-request-to-ofac-for-the-extension-of-its-work-license-video\/\" target=\"_blank\" rel=\"noopener\" title=\"\">SERBIA WAITS FOR AMERICA\u2019S RESPONSE: NIS submitted a request to OFAC for the extension of its work license! (VIDEO)<\/a><\/strong><\/p>\n\n\n\n<p class=\"wp-block-paragraph\"><strong><a href=\"https:\/\/serbiantimes.info\/en\/doncic-and-jokic-will-play-on-the-same-team-the-nba-league-announced-the-all-star-spectacle-these-are-the-starting-lineups\/\" target=\"_blank\" rel=\"noopener\" title=\"\">DON\u010cI\u0106 AND JOKI\u0106 WILL PLAY ON THE SAME TEAM: The NBA league announced the All-star spectacle, these are the starting lineups!<\/a><\/strong><\/p>\n\n\n\n<p class=\"wp-block-paragraph\"><strong><a href=\"https:\/\/serbiantimes.info\/en\/serbia-eliminated-from-the-european-championship-germany-defeated-spain-and-took-revenge-on-the-eagles-for-the-defeat\/\" target=\"_blank\" rel=\"noopener\" title=\"\">SERBIA ELIMINATED FROM THE EUROPEAN CHAMPIONSHIP: Germany defeated Spain and took revenge on the Eagles for the defeat!<\/a><\/strong><\/p>\n\n\n\n<p class=\"wp-block-paragraph\"><strong><a href=\"https:\/\/serbiantimes.info\/en\/the-final-days-of-a-serbian-hero-this-is-the-real-story-of-vojvoda-petar-bojovics-death\/\" target=\"_blank\" rel=\"noopener\" title=\"\">BURIED WITHOUT STATE AND MILITARY HONORS: What role the communists played in the death of the great duke Bojovi\u0107!<\/a><\/strong><\/p>\n\n\n\n<p class=\"wp-block-paragraph\"><strong><a href=\"https:\/\/serbiantimes.info\/en\/today-we-celebrate-saint-john-on-this-day-brotherhoods-and-godparentships-are-formed-heres-how-else-he-is-called\/\" target=\"_blank\" rel=\"noopener\" title=\"\">TODAY WE CELEBRATE SAINT JOHN: On this day, brotherhoods and godparentships are formed, here\u2019s how else he is called!<\/a><\/strong><\/p>\n\n\n\n<p class=\"wp-block-paragraph\"><strong><strong>Source<\/strong><\/strong>: <a href=\"https:\/\/nova.rs\/sport\/sport-ostalo\/kraj-posle-soka-i-ispadanja-sa-evropskog-prvenstva-jedan-od-najboljih-igraca-srbije-rekao-zbogom\/\" target=\"_blank\" rel=\"noopener\" title=\"\">Nova.rs<\/a>; <strong>Photo<\/strong>: PressFocus\/Sipa, STARSPORT<\/p>\n","protected":false},"excerpt":{"rendered":"<p>Nemanja Ili\u0107, the winger of the Serbian national team, said goodbye to the jersey with the national emblem after the &#8220;Eagles&#8221; were eliminated from the European Championship in Denmark, Sweden, and Norway with a 26:25 defeat against Austria. Serbia had a chance to reach the second stage with a triumph over the Austrians, but they [&hellip;]<\/p>\n","protected":false},"author":2169,"featured_media":198756,"comment_status":"open","ping_status":"open","sticky":false,"template":"","format":"standard","meta":{"newspack_featured_image_position":"","newspack_post_subtitle":"","newspack_article_summary_title":"Overview:","newspack_article_summary":"","newspack_hide_updated_date":false,"newspack_show_updated_date":false,"footnotes":""},"categories":[10],"tags":[10822,1413,2467,91,113],"class_list":["post-198755","post","type-post","status-publish","format-standard","has-post-thumbnail","hentry","category-sport","tag-nemanja-ilic","tag-rukomet","tag-rukometna-reprezentacija-srbije","tag-sport","tag-srbija","entry"],"aioseo_notices":[],"aioseo_head":"\n\t\t<!-- All in One SEO 5.0.1.1 - aioseo.com -->\n\t<meta name=\"description\" content=\"Nemanja Ili\u0107, the winger of the Serbian national team, said goodbye to the jersey with the national emblem after the &quot;Eagles&quot; were eliminated from the European Championship in Denmark, Sweden, and Norway with a 26:25 defeat against Austria. Serbia had a chance to reach the second stage with a triumph over the Austrians, but they\" \/>\n\t<meta name=\"robots\" content=\"max-image-preview:large\" \/>\n\t<meta name=\"author\" content=\"Serbian Times\"\/>\n\t<link rel=\"canonical\" href=\"https:\/\/serbiantimes.info\/en\/after-14-years-in-the-serbian-jersey-handball-player-nemanja-ilic-said-goodbye-to-the-national-team\/\" \/>\n\t<meta name=\"generator\" content=\"All in One SEO (AIOSEO) 5.0.1.1\" \/>\n\t\t<meta property=\"og:locale\" content=\"en_US\" \/>\n\t\t<meta property=\"og:site_name\" content=\"Serbiantimes.info EN |\" \/>\n\t\t<meta property=\"og:type\" content=\"article\" \/>\n\t\t<meta property=\"og:title\" content=\"AFTER 14 YEARS IN THE SERBIAN JERSEY: Handball player Nemanja Ili\u0107 said goodbye to the national team! | Serbiantimes.info EN\" \/>\n\t\t<meta property=\"og:description\" content=\"Nemanja Ili\u0107, the winger of the Serbian national team, said goodbye to the jersey with the national emblem after the &quot;Eagles&quot; were eliminated from the European Championship in Denmark, Sweden, and Norway with a 26:25 defeat against Austria. Serbia had a chance to reach the second stage with a triumph over the Austrians, but they\" \/>\n\t\t<meta property=\"og:url\" content=\"https:\/\/serbiantimes.info\/en\/after-14-years-in-the-serbian-jersey-handball-player-nemanja-ilic-said-goodbye-to-the-national-team\/\" \/>\n\t\t<meta property=\"og:image\" content=\"https:\/\/serbiantimes.info\/en\/wp-content\/uploads\/sites\/2\/2026\/01\/ST-Montaze-2026-01-20T152923.099.jpg\" \/>\n\t\t<meta property=\"og:image:secure_url\" content=\"https:\/\/serbiantimes.info\/en\/wp-content\/uploads\/sites\/2\/2026\/01\/ST-Montaze-2026-01-20T152923.099.jpg\" \/>\n\t\t<meta property=\"og:image:width\" content=\"1200\" \/>\n\t\t<meta property=\"og:image:height\" content=\"750\" \/>\n\t\t<meta property=\"article:published_time\" content=\"2026-01-20T21:25:57+00:00\" \/>\n\t\t<meta property=\"article:modified_time\" content=\"2026-01-20T21:25:59+00:00\" \/>\n\t\t<meta name=\"twitter:card\" content=\"summary_large_image\" \/>\n\t\t<meta name=\"twitter:title\" content=\"AFTER 14 YEARS IN THE SERBIAN JERSEY: Handball player Nemanja Ili\u0107 said goodbye to the national team! | Serbiantimes.info EN\" \/>\n\t\t<meta name=\"twitter:description\" content=\"Nemanja Ili\u0107, the winger of the Serbian national team, said goodbye to the jersey with the national emblem after the &quot;Eagles&quot; were eliminated from the European Championship in Denmark, Sweden, and Norway with a 26:25 defeat against Austria. Serbia had a chance to reach the second stage with a triumph over the Austrians, but they\" \/>\n\t\t<meta name=\"twitter:image\" content=\"https:\/\/serbiantimes.info\/en\/wp-content\/uploads\/sites\/2\/2026\/01\/ST-Montaze-2026-01-20T152923.099.jpg\" \/>\n\t\t<script type=\"application\/ld+json\" class=\"aioseo-schema\">\n\t\t\t{\"@context\":\"https:\\\/\\\/schema.org\",\"@graph\":[{\"@type\":\"BlogPosting\",\"@id\":\"https:\\\/\\\/serbiantimes.info\\\/en\\\/after-14-years-in-the-serbian-jersey-handball-player-nemanja-ilic-said-goodbye-to-the-national-team\\\/#blogposting\",\"name\":\"AFTER 14 YEARS IN THE SERBIAN JERSEY: Handball player Nemanja Ili\\u0107 said goodbye to the national team! | Serbiantimes.info EN\",\"headline\":\"AFTER 14 YEARS IN THE SERBIAN JERSEY: Handball player Nemanja Ili\\u0107 said goodbye to the national team!\",\"author\":{\"@id\":\"https:\\\/\\\/serbiantimes.info\\\/en\\\/author\\\/serbiantimes-portal\\\/#author\"},\"publisher\":{\"@id\":\"https:\\\/\\\/serbiantimes.info\\\/en\\\/#organization\"},\"image\":{\"@type\":\"ImageObject\",\"url\":\"https:\\\/\\\/serbiantimes.info\\\/en\\\/wp-content\\\/uploads\\\/sites\\\/2\\\/2026\\\/01\\\/ST-Montaze-2026-01-20T152923.099.jpg\",\"width\":1200,\"height\":750},\"datePublished\":\"2026-01-20T23:25:57+02:00\",\"dateModified\":\"2026-01-20T23:25:59+02:00\",\"inLanguage\":\"en-US\",\"mainEntityOfPage\":{\"@id\":\"https:\\\/\\\/serbiantimes.info\\\/en\\\/after-14-years-in-the-serbian-jersey-handball-player-nemanja-ilic-said-goodbye-to-the-national-team\\\/#webpage\"},\"isPartOf\":{\"@id\":\"https:\\\/\\\/serbiantimes.info\\\/en\\\/after-14-years-in-the-serbian-jersey-handball-player-nemanja-ilic-said-goodbye-to-the-national-team\\\/#webpage\"},\"articleSection\":\"SPORT, Nemanja Ili\\u0107, rukomet, rukometna reprezentacija Srbije, sport, Srbija\"},{\"@type\":\"BreadcrumbList\",\"@id\":\"https:\\\/\\\/serbiantimes.info\\\/en\\\/after-14-years-in-the-serbian-jersey-handball-player-nemanja-ilic-said-goodbye-to-the-national-team\\\/#breadcrumblist\",\"itemListElement\":[{\"@type\":\"ListItem\",\"@id\":\"https:\\\/\\\/serbiantimes.info\\\/en#listItem\",\"position\":1,\"name\":\"Home\",\"item\":\"https:\\\/\\\/serbiantimes.info\\\/en\",\"nextItem\":{\"@type\":\"ListItem\",\"@id\":\"https:\\\/\\\/serbiantimes.info\\\/en\\\/category\\\/sport\\\/#listItem\",\"name\":\"SPORT\"}},{\"@type\":\"ListItem\",\"@id\":\"https:\\\/\\\/serbiantimes.info\\\/en\\\/category\\\/sport\\\/#listItem\",\"position\":2,\"name\":\"SPORT\",\"item\":\"https:\\\/\\\/serbiantimes.info\\\/en\\\/category\\\/sport\\\/\",\"nextItem\":{\"@type\":\"ListItem\",\"@id\":\"https:\\\/\\\/serbiantimes.info\\\/en\\\/after-14-years-in-the-serbian-jersey-handball-player-nemanja-ilic-said-goodbye-to-the-national-team\\\/#listItem\",\"name\":\"AFTER 14 YEARS IN THE SERBIAN JERSEY: Handball player Nemanja Ili\\u0107 said goodbye to the national team!\"},\"previousItem\":{\"@type\":\"ListItem\",\"@id\":\"https:\\\/\\\/serbiantimes.info\\\/en#listItem\",\"name\":\"Home\"}},{\"@type\":\"ListItem\",\"@id\":\"https:\\\/\\\/serbiantimes.info\\\/en\\\/after-14-years-in-the-serbian-jersey-handball-player-nemanja-ilic-said-goodbye-to-the-national-team\\\/#listItem\",\"position\":3,\"name\":\"AFTER 14 YEARS IN THE SERBIAN JERSEY: Handball player Nemanja Ili\\u0107 said goodbye to the national team!\",\"previousItem\":{\"@type\":\"ListItem\",\"@id\":\"https:\\\/\\\/serbiantimes.info\\\/en\\\/category\\\/sport\\\/#listItem\",\"name\":\"SPORT\"}}]},{\"@type\":\"Organization\",\"@id\":\"https:\\\/\\\/serbiantimes.info\\\/en\\\/#organization\",\"name\":\"Serbiantimes.info EN\",\"url\":\"https:\\\/\\\/serbiantimes.info\\\/en\\\/\",\"logo\":{\"@type\":\"ImageObject\",\"url\":\"https:\\\/\\\/serbiantimes.info\\\/en\\\/wp-content\\\/uploads\\\/sites\\\/2\\\/2024\\\/10\\\/cropped-cropped-Serbian-Times-Header-Logo-1.png\",\"@id\":\"https:\\\/\\\/serbiantimes.info\\\/en\\\/after-14-years-in-the-serbian-jersey-handball-player-nemanja-ilic-said-goodbye-to-the-national-team\\\/#organizationLogo\",\"width\":480,\"height\":100},\"image\":{\"@id\":\"https:\\\/\\\/serbiantimes.info\\\/en\\\/after-14-years-in-the-serbian-jersey-handball-player-nemanja-ilic-said-goodbye-to-the-national-team\\\/#organizationLogo\"}},{\"@type\":\"Person\",\"@id\":\"https:\\\/\\\/serbiantimes.info\\\/en\\\/author\\\/serbiantimes-portal\\\/#author\",\"url\":\"https:\\\/\\\/serbiantimes.info\\\/en\\\/author\\\/serbiantimes-portal\\\/\",\"name\":\"Serbian Times\",\"image\":{\"@type\":\"ImageObject\",\"@id\":\"https:\\\/\\\/serbiantimes.info\\\/en\\\/after-14-years-in-the-serbian-jersey-handball-player-nemanja-ilic-said-goodbye-to-the-national-team\\\/#authorImage\",\"url\":\"https:\\\/\\\/secure.gravatar.com\\\/avatar\\\/ea76e009769270b4193e2bc7e032c096b4ae135483ec03b396fd0f520bc3dcfd?s=96&d=mm&r=g\",\"width\":96,\"height\":96,\"caption\":\"Serbian Times\"}},{\"@type\":\"WebPage\",\"@id\":\"https:\\\/\\\/serbiantimes.info\\\/en\\\/after-14-years-in-the-serbian-jersey-handball-player-nemanja-ilic-said-goodbye-to-the-national-team\\\/#webpage\",\"url\":\"https:\\\/\\\/serbiantimes.info\\\/en\\\/after-14-years-in-the-serbian-jersey-handball-player-nemanja-ilic-said-goodbye-to-the-national-team\\\/\",\"name\":\"AFTER 14 YEARS IN THE SERBIAN JERSEY: Handball player Nemanja Ili\\u0107 said goodbye to the national team! | Serbiantimes.info EN\",\"description\":\"Nemanja Ili\\u0107, the winger of the Serbian national team, said goodbye to the jersey with the national emblem after the \\\"Eagles\\\" were eliminated from the European Championship in Denmark, Sweden, and Norway with a 26:25 defeat against Austria. Serbia had a chance to reach the second stage with a triumph over the Austrians, but they\",\"inLanguage\":\"en-US\",\"isPartOf\":{\"@id\":\"https:\\\/\\\/serbiantimes.info\\\/en\\\/#website\"},\"breadcrumb\":{\"@id\":\"https:\\\/\\\/serbiantimes.info\\\/en\\\/after-14-years-in-the-serbian-jersey-handball-player-nemanja-ilic-said-goodbye-to-the-national-team\\\/#breadcrumblist\"},\"author\":{\"@id\":\"https:\\\/\\\/serbiantimes.info\\\/en\\\/author\\\/serbiantimes-portal\\\/#author\"},\"creator\":{\"@id\":\"https:\\\/\\\/serbiantimes.info\\\/en\\\/author\\\/serbiantimes-portal\\\/#author\"},\"image\":{\"@type\":\"ImageObject\",\"url\":\"https:\\\/\\\/serbiantimes.info\\\/en\\\/wp-content\\\/uploads\\\/sites\\\/2\\\/2026\\\/01\\\/ST-Montaze-2026-01-20T152923.099.jpg\",\"@id\":\"https:\\\/\\\/serbiantimes.info\\\/en\\\/after-14-years-in-the-serbian-jersey-handball-player-nemanja-ilic-said-goodbye-to-the-national-team\\\/#mainImage\",\"width\":1200,\"height\":750},\"primaryImageOfPage\":{\"@id\":\"https:\\\/\\\/serbiantimes.info\\\/en\\\/after-14-years-in-the-serbian-jersey-handball-player-nemanja-ilic-said-goodbye-to-the-national-team\\\/#mainImage\"},\"datePublished\":\"2026-01-20T23:25:57+02:00\",\"dateModified\":\"2026-01-20T23:25:59+02:00\"},{\"@type\":\"WebSite\",\"@id\":\"https:\\\/\\\/serbiantimes.info\\\/en\\\/#website\",\"url\":\"https:\\\/\\\/serbiantimes.info\\\/en\\\/\",\"name\":\"Serbiantimes.info EN\",\"inLanguage\":\"en-US\",\"publisher\":{\"@id\":\"https:\\\/\\\/serbiantimes.info\\\/en\\\/#organization\"}}]}\n\t\t<\/script>\n\t\t<!-- All in One SEO -->\n\n","aioseo_head_json":{"title":"AFTER 14 YEARS IN THE SERBIAN JERSEY: Handball player Nemanja Ili\u0107 said goodbye to the national team! | Serbiantimes.info EN","description":"Nemanja Ili\u0107, the winger of the Serbian national team, said goodbye to the jersey with the national emblem after the \"Eagles\" were eliminated from the European Championship in Denmark, Sweden, and Norway with a 26:25 defeat against Austria. Serbia had a chance to reach the second stage with a triumph over the Austrians, but they","canonical_url":"https:\/\/serbiantimes.info\/en\/after-14-years-in-the-serbian-jersey-handball-player-nemanja-ilic-said-goodbye-to-the-national-team\/","robots":"max-image-preview:large","keywords":"","webmasterTools":{"miscellaneous":""},"schema":{"@context":"https:\/\/schema.org","@graph":[{"@type":"BlogPosting","@id":"https:\/\/serbiantimes.info\/en\/after-14-years-in-the-serbian-jersey-handball-player-nemanja-ilic-said-goodbye-to-the-national-team\/#blogposting","name":"AFTER 14 YEARS IN THE SERBIAN JERSEY: Handball player Nemanja Ili\u0107 said goodbye to the national team! | Serbiantimes.info EN","headline":"AFTER 14 YEARS IN THE SERBIAN JERSEY: Handball player Nemanja Ili\u0107 said goodbye to the national team!","author":{"@id":"https:\/\/serbiantimes.info\/en\/author\/serbiantimes-portal\/#author"},"publisher":{"@id":"https:\/\/serbiantimes.info\/en\/#organization"},"image":{"@type":"ImageObject","url":"https:\/\/serbiantimes.info\/en\/wp-content\/uploads\/sites\/2\/2026\/01\/ST-Montaze-2026-01-20T152923.099.jpg","width":1200,"height":750},"datePublished":"2026-01-20T23:25:57+02:00","dateModified":"2026-01-20T23:25:59+02:00","inLanguage":"en-US","mainEntityOfPage":{"@id":"https:\/\/serbiantimes.info\/en\/after-14-years-in-the-serbian-jersey-handball-player-nemanja-ilic-said-goodbye-to-the-national-team\/#webpage"},"isPartOf":{"@id":"https:\/\/serbiantimes.info\/en\/after-14-years-in-the-serbian-jersey-handball-player-nemanja-ilic-said-goodbye-to-the-national-team\/#webpage"},"articleSection":"SPORT, Nemanja Ili\u0107, rukomet, rukometna reprezentacija Srbije, sport, Srbija"},{"@type":"BreadcrumbList","@id":"https:\/\/serbiantimes.info\/en\/after-14-years-in-the-serbian-jersey-handball-player-nemanja-ilic-said-goodbye-to-the-national-team\/#breadcrumblist","itemListElement":[{"@type":"ListItem","@id":"https:\/\/serbiantimes.info\/en#listItem","position":1,"name":"Home","item":"https:\/\/serbiantimes.info\/en","nextItem":{"@type":"ListItem","@id":"https:\/\/serbiantimes.info\/en\/category\/sport\/#listItem","name":"SPORT"}},{"@type":"ListItem","@id":"https:\/\/serbiantimes.info\/en\/category\/sport\/#listItem","position":2,"name":"SPORT","item":"https:\/\/serbiantimes.info\/en\/category\/sport\/","nextItem":{"@type":"ListItem","@id":"https:\/\/serbiantimes.info\/en\/after-14-years-in-the-serbian-jersey-handball-player-nemanja-ilic-said-goodbye-to-the-national-team\/#listItem","name":"AFTER 14 YEARS IN THE SERBIAN JERSEY: Handball player Nemanja Ili\u0107 said goodbye to the national team!"},"previousItem":{"@type":"ListItem","@id":"https:\/\/serbiantimes.info\/en#listItem","name":"Home"}},{"@type":"ListItem","@id":"https:\/\/serbiantimes.info\/en\/after-14-years-in-the-serbian-jersey-handball-player-nemanja-ilic-said-goodbye-to-the-national-team\/#listItem","position":3,"name":"AFTER 14 YEARS IN THE SERBIAN JERSEY: Handball player Nemanja Ili\u0107 said goodbye to the national team!","previousItem":{"@type":"ListItem","@id":"https:\/\/serbiantimes.info\/en\/category\/sport\/#listItem","name":"SPORT"}}]},{"@type":"Organization","@id":"https:\/\/serbiantimes.info\/en\/#organization","name":"Serbiantimes.info EN","url":"https:\/\/serbiantimes.info\/en\/","logo":{"@type":"ImageObject","url":"https:\/\/serbiantimes.info\/en\/wp-content\/uploads\/sites\/2\/2024\/10\/cropped-cropped-Serbian-Times-Header-Logo-1.png","@id":"https:\/\/serbiantimes.info\/en\/after-14-years-in-the-serbian-jersey-handball-player-nemanja-ilic-said-goodbye-to-the-national-team\/#organizationLogo","width":480,"height":100},"image":{"@id":"https:\/\/serbiantimes.info\/en\/after-14-years-in-the-serbian-jersey-handball-player-nemanja-ilic-said-goodbye-to-the-national-team\/#organizationLogo"}},{"@type":"Person","@id":"https:\/\/serbiantimes.info\/en\/author\/serbiantimes-portal\/#author","url":"https:\/\/serbiantimes.info\/en\/author\/serbiantimes-portal\/","name":"Serbian Times","image":{"@type":"ImageObject","@id":"https:\/\/serbiantimes.info\/en\/after-14-years-in-the-serbian-jersey-handball-player-nemanja-ilic-said-goodbye-to-the-national-team\/#authorImage","url":"https:\/\/secure.gravatar.com\/avatar\/ea76e009769270b4193e2bc7e032c096b4ae135483ec03b396fd0f520bc3dcfd?s=96&d=mm&r=g","width":96,"height":96,"caption":"Serbian Times"}},{"@type":"WebPage","@id":"https:\/\/serbiantimes.info\/en\/after-14-years-in-the-serbian-jersey-handball-player-nemanja-ilic-said-goodbye-to-the-national-team\/#webpage","url":"https:\/\/serbiantimes.info\/en\/after-14-years-in-the-serbian-jersey-handball-player-nemanja-ilic-said-goodbye-to-the-national-team\/","name":"AFTER 14 YEARS IN THE SERBIAN JERSEY: Handball player Nemanja Ili\u0107 said goodbye to the national team! | Serbiantimes.info EN","description":"Nemanja Ili\u0107, the winger of the Serbian national team, said goodbye to the jersey with the national emblem after the \"Eagles\" were eliminated from the European Championship in Denmark, Sweden, and Norway with a 26:25 defeat against Austria. Serbia had a chance to reach the second stage with a triumph over the Austrians, but they","inLanguage":"en-US","isPartOf":{"@id":"https:\/\/serbiantimes.info\/en\/#website"},"breadcrumb":{"@id":"https:\/\/serbiantimes.info\/en\/after-14-years-in-the-serbian-jersey-handball-player-nemanja-ilic-said-goodbye-to-the-national-team\/#breadcrumblist"},"author":{"@id":"https:\/\/serbiantimes.info\/en\/author\/serbiantimes-portal\/#author"},"creator":{"@id":"https:\/\/serbiantimes.info\/en\/author\/serbiantimes-portal\/#author"},"image":{"@type":"ImageObject","url":"https:\/\/serbiantimes.info\/en\/wp-content\/uploads\/sites\/2\/2026\/01\/ST-Montaze-2026-01-20T152923.099.jpg","@id":"https:\/\/serbiantimes.info\/en\/after-14-years-in-the-serbian-jersey-handball-player-nemanja-ilic-said-goodbye-to-the-national-team\/#mainImage","width":1200,"height":750},"primaryImageOfPage":{"@id":"https:\/\/serbiantimes.info\/en\/after-14-years-in-the-serbian-jersey-handball-player-nemanja-ilic-said-goodbye-to-the-national-team\/#mainImage"},"datePublished":"2026-01-20T23:25:57+02:00","dateModified":"2026-01-20T23:25:59+02:00"},{"@type":"WebSite","@id":"https:\/\/serbiantimes.info\/en\/#website","url":"https:\/\/serbiantimes.info\/en\/","name":"Serbiantimes.info EN","inLanguage":"en-US","publisher":{"@id":"https:\/\/serbiantimes.info\/en\/#organization"}}]},"og:locale":"en_US","og:site_name":"Serbiantimes.info EN |","og:type":"article","og:title":"AFTER 14 YEARS IN THE SERBIAN JERSEY: Handball player Nemanja Ili\u0107 said goodbye to the national team! | Serbiantimes.info EN","og:description":"Nemanja Ili\u0107, the winger of the Serbian national team, said goodbye to the jersey with the national emblem after the &quot;Eagles&quot; were eliminated from the European Championship in Denmark, Sweden, and Norway with a 26:25 defeat against Austria. Serbia had a chance to reach the second stage with a triumph over the Austrians, but they","og:url":"https:\/\/serbiantimes.info\/en\/after-14-years-in-the-serbian-jersey-handball-player-nemanja-ilic-said-goodbye-to-the-national-team\/","og:image":"https:\/\/serbiantimes.info\/en\/wp-content\/uploads\/sites\/2\/2026\/01\/ST-Montaze-2026-01-20T152923.099.jpg","og:image:secure_url":"https:\/\/serbiantimes.info\/en\/wp-content\/uploads\/sites\/2\/2026\/01\/ST-Montaze-2026-01-20T152923.099.jpg","og:image:width":1200,"og:image:height":750,"article:published_time":"2026-01-20T21:25:57+00:00","article:modified_time":"2026-01-20T21:25:59+00:00","twitter:card":"summary_large_image","twitter:title":"AFTER 14 YEARS IN THE SERBIAN JERSEY: Handball player Nemanja Ili\u0107 said goodbye to the national team! | Serbiantimes.info EN","twitter:description":"Nemanja Ili\u0107, the winger of the Serbian national team, said goodbye to the jersey with the national emblem after the &quot;Eagles&quot; were eliminated from the European Championship in Denmark, Sweden, and Norway with a 26:25 defeat against Austria. Serbia had a chance to reach the second stage with a triumph over the Austrians, but they","twitter:image":"https:\/\/serbiantimes.info\/en\/wp-content\/uploads\/sites\/2\/2026\/01\/ST-Montaze-2026-01-20T152923.099.jpg"},"aioseo_meta_data":{"post_id":"198755","title":null,"description":null,"keywords":null,"keyphrases":{"focus":{"keyphrase":"","score":0,"analysis":{"keyphraseInTitle":{"score":0,"maxScore":9,"error":1}}},"additional":[]},"primary_term":null,"canonical_url":null,"og_title":null,"og_description":null,"og_object_type":"default","og_image_type":"default","og_image_url":null,"og_image_width":null,"og_image_height":null,"og_image_custom_url":null,"og_image_custom_fields":null,"og_video":"","og_custom_url":null,"og_article_section":null,"og_article_tags":null,"twitter_use_og":false,"twitter_card":"default","twitter_image_type":"default","twitter_image_url":null,"twitter_image_custom_url":null,"twitter_image_custom_fields":null,"twitter_title":null,"twitter_description":null,"schema":{"blockGraphs":[],"customGraphs":[],"default":{"data":{"Article":[],"Course":[],"Dataset":[],"FAQPage":[],"Movie":[],"Person":[],"Product":[],"ProductReview":[],"Car":[],"Recipe":[],"Service":[],"SoftwareApplication":[],"WebPage":[]},"graphName":"BlogPosting","isEnabled":true},"graphs":[]},"schema_type":"default","schema_type_options":null,"pillar_content":false,"robots_default":true,"robots_noindex":false,"robots_noarchive":false,"robots_nosnippet":false,"robots_nofollow":false,"robots_noimageindex":false,"robots_noodp":false,"robots_notranslate":false,"robots_max_snippet":"-1","robots_max_videopreview":"-1","robots_max_imagepreview":"large","priority":null,"frequency":"default","local_seo":null,"breadcrumb_settings":null,"limit_modified_date":false,"ai":{"faqs":[],"keyPoints":[],"titles":[],"descriptions":[],"socialPosts":{"email":[],"linkedin":[],"twitter":[],"facebook":[],"instagram":[]}},"created":"2026-01-20 21:25:59","updated":"2026-01-20 21:26:13","focus_keyword":null,"additional_keywords":null,"truseo_locale":null,"seo_analyzer_scan_date":null},"aioseo_breadcrumb":"<div class=\"aioseo-breadcrumbs\"><span class=\"aioseo-breadcrumb\">\n\t\t\t<a href=\"https:\/\/serbiantimes.info\/en\" title=\"Home\">Home<\/a>\n\t\t<\/span><span class=\"aioseo-breadcrumb-separator\">&raquo;<\/span><span class=\"aioseo-breadcrumb\">\n\t\t\t<a href=\"https:\/\/serbiantimes.info\/en\/category\/sport\/\" title=\"SPORT\">SPORT<\/a>\n\t\t<\/span><span class=\"aioseo-breadcrumb-separator\">&raquo;<\/span><span class=\"aioseo-breadcrumb\">\n\t\t\tAFTER 14 YEARS IN THE SERBIAN JERSEY: Handball player Nemanja Ili\u0107 said goodbye to the national team!\n\t\t<\/span><\/div>","aioseo_breadcrumb_json":[{"label":"Home","link":"https:\/\/serbiantimes.info\/en"},{"label":"SPORT","link":"https:\/\/serbiantimes.info\/en\/category\/sport\/"},{"label":"AFTER 14 YEARS IN THE SERBIAN JERSEY: Handball player Nemanja Ili\u0107 said goodbye to the national team!","link":"https:\/\/serbiantimes.info\/en\/after-14-years-in-the-serbian-jersey-handball-player-nemanja-ilic-said-goodbye-to-the-national-team\/"}],"distributor_meta":false,"distributor_terms":false,"distributor_media":false,"distributor_original_site_name":"Serbiantimes.info EN","distributor_original_site_url":"https:\/\/serbiantimes.info\/en","push-errors":false,"_links":{"self":[{"href":"https:\/\/serbiantimes.info\/en\/wp-json\/wp\/v2\/posts\/198755","targetHints":{"allow":["GET"]}}],"collection":[{"href":"https:\/\/serbiantimes.info\/en\/wp-json\/wp\/v2\/posts"}],"about":[{"href":"https:\/\/serbiantimes.info\/en\/wp-json\/wp\/v2\/types\/post"}],"author":[{"embeddable":true,"href":"https:\/\/serbiantimes.info\/en\/wp-json\/wp\/v2\/users\/2169"}],"replies":[{"embeddable":true,"href":"https:\/\/serbiantimes.info\/en\/wp-json\/wp\/v2\/comments?post=198755"}],"version-history":[{"count":1,"href":"https:\/\/serbiantimes.info\/en\/wp-json\/wp\/v2\/posts\/198755\/revisions"}],"predecessor-version":[{"id":198769,"href":"https:\/\/serbiantimes.info\/en\/wp-json\/wp\/v2\/posts\/198755\/revisions\/198769"}],"wp:featuredmedia":[{"embeddable":true,"href":"https:\/\/serbiantimes.info\/en\/wp-json\/wp\/v2\/media\/198756"}],"wp:attachment":[{"href":"https:\/\/serbiantimes.info\/en\/wp-json\/wp\/v2\/media?parent=198755"}],"wp:term":[{"taxonomy":"category","embeddable":true,"href":"https:\/\/serbiantimes.info\/en\/wp-json\/wp\/v2\/categories?post=198755"},{"taxonomy":"post_tag","embeddable":true,"href":"https:\/\/serbiantimes.info\/en\/wp-json\/wp\/v2\/tags?post=198755"}],"curies":[{"name":"wp","href":"https:\/\/api.w.org\/{rel}","templated":true}]}}