{"id":198696,"date":"2026-01-20T15:05:50","date_gmt":"2026-01-20T13:05:50","guid":{"rendered":"https:\/\/serbiantimes.info\/en\/?p=198696"},"modified":"2026-01-20T15:07:37","modified_gmt":"2026-01-20T13:07:37","slug":"serbia-eliminated-from-the-european-championship-germany-defeated-spain-and-took-revenge-on-the-eagles-for-the-defeat","status":"publish","type":"post","link":"https:\/\/serbiantimes.info\/en\/serbia-eliminated-from-the-european-championship-germany-defeated-spain-and-took-revenge-on-the-eagles-for-the-defeat\/","title":{"rendered":"SERBIA ELIMINATED FROM THE EUROPEAN CHAMPIONSHIP: Germany defeated Spain and took revenge on the Eagles for the defeat!"},"content":{"rendered":"\n<p><strong>The German national handball team defeated the Spanish team in the match of the third round of Group A of the European Championship with a score of 34:32 (17:15, 17:17).<\/strong><\/p>\n\n\n\n<p>This duel was extremely important for the Serbian selection, since a victory for Spain would have led the Serbian handball players to the next stage of the competition.<\/p>\n\n\n\n<p>With this outcome, Serbia was left without a placement in the next stage of the European Championship, and Germany as the first-placed, and the Spaniards as second in the group, go into the continuation of the competition.<\/p>\n\n\n\n<p>Germany led during most of the first half.<\/p>\n\n\n\n<p>They were led by U\u0161\u010dins with five goals scored in the first part, and a total of eight at the end of the match. The Germans had a maximum lead of four, and at halftime it was 17:15.<\/p>\n\n\n\n<p>The Spaniards came to minus one, it was 21:20 with 20 minutes left until the end of the match, with a goal by Ian Tarrafeta, who was the most effective in the Spanish team with five goals scored.<\/p>\n\n\n\n<p>However, the Germans re-established control on the court, and the 25-year-old German back Juri Knorr was excellent.<\/p>\n\n\n\n<p>The final result was 34:32 in favor of the German selection.<\/p>\n\n\n\n<h4 class=\"wp-block-heading\"><mark style=\"background-color:#FFFFFF;color:#d21414\" class=\"has-inline-color\">MORE TOPICS:<\/mark><\/h4>\n\n\n\n<p><strong><a href=\"https:\/\/serbiantimes.info\/en\/ideal-start-for-the-serbian-woman-olga-danilovic-advanced-to-the-second-round-of-the-australian-open-in-doubles-as-well\/\" target=\"_blank\" rel=\"noopener\" title=\"\">IDEAL START FOR THE SERBIAN WOMAN: Olga Danilovi\u0107 advanced to the second round of the Australian Open in doubles as well!<\/a><\/strong><\/p>\n\n\n\n<p><strong><a href=\"https:\/\/serbiantimes.info\/en\/serbia-waits-for-americas-response-nis-submitted-a-request-to-ofac-for-the-extension-of-its-work-license-video\/\" target=\"_blank\" rel=\"noopener\" title=\"\">SERBIA WAITS FOR AMERICA\u2019S RESPONSE: NIS submitted a request to OFAC for the extension of its work license! (VIDEO)<\/a><\/strong><\/p>\n\n\n\n<p><strong><a href=\"https:\/\/serbiantimes.info\/en\/doncic-and-jokic-will-play-on-the-same-team-the-nba-league-announced-the-all-star-spectacle-these-are-the-starting-lineups\/\" target=\"_blank\" rel=\"noopener\" title=\"\">DON\u010cI\u0106 AND JOKI\u0106 WILL PLAY ON THE SAME TEAM: The NBA league announced the All-star spectacle, these are the starting lineups!<\/a><\/strong><\/p>\n\n\n\n<p><strong><a href=\"https:\/\/serbiantimes.info\/en\/the-final-days-of-a-serbian-hero-this-is-the-real-story-of-vojvoda-petar-bojovics-death\/\" target=\"_blank\" rel=\"noopener\" title=\"\">BURIED WITHOUT STATE AND MILITARY HONORS: What role the communists played in the death of the great duke Bojovi\u0107!<\/a><\/strong><\/p>\n\n\n\n<p><strong><a href=\"https:\/\/serbiantimes.info\/en\/today-we-celebrate-saint-john-on-this-day-brotherhoods-and-godparentships-are-formed-heres-how-else-he-is-called\/\" target=\"_blank\" rel=\"noopener\" title=\"\">TODAY WE CELEBRATE SAINT JOHN: On this day, brotherhoods and godparentships are formed, here\u2019s how else he is called!<\/a><\/strong><\/p>\n\n\n\n<p><strong>Source: <\/strong>Danas, <strong>Photo:<\/strong> MN Press<\/p>\n","protected":false},"excerpt":{"rendered":"<p>The German national handball team defeated the Spanish team in the match of the third round of Group A of the European Championship with a score of 34:32 (17:15, 17:17). This duel was extremely important for the Serbian selection, since a victory for Spain would have led the Serbian handball players to the next stage [&hellip;]<\/p>\n","protected":false},"author":2169,"featured_media":198697,"comment_status":"open","ping_status":"open","sticky":false,"template":"","format":"standard","meta":{"newspack_featured_image_position":"","newspack_post_subtitle":"","newspack_article_summary_title":"Overview:","newspack_article_summary":"","newspack_hide_updated_date":false,"newspack_show_updated_date":false,"footnotes":""},"categories":[10],"tags":[10808,90,1413,1999,91,113],"class_list":["post-198696","post","type-post","status-publish","format-standard","has-post-thumbnail","hentry","category-sport","tag-evropsko-prvesntvo","tag-nemacka","tag-rukomet","tag-spanija","tag-sport","tag-srbija","entry"],"aioseo_notices":[],"distributor_meta":false,"distributor_terms":false,"distributor_media":false,"distributor_original_site_name":"Serbiantimes.info EN","distributor_original_site_url":"https:\/\/serbiantimes.info\/en","push-errors":false,"_links":{"self":[{"href":"https:\/\/serbiantimes.info\/en\/wp-json\/wp\/v2\/posts\/198696","targetHints":{"allow":["GET"]}}],"collection":[{"href":"https:\/\/serbiantimes.info\/en\/wp-json\/wp\/v2\/posts"}],"about":[{"href":"https:\/\/serbiantimes.info\/en\/wp-json\/wp\/v2\/types\/post"}],"author":[{"embeddable":true,"href":"https:\/\/serbiantimes.info\/en\/wp-json\/wp\/v2\/users\/2169"}],"replies":[{"embeddable":true,"href":"https:\/\/serbiantimes.info\/en\/wp-json\/wp\/v2\/comments?post=198696"}],"version-history":[{"count":2,"href":"https:\/\/serbiantimes.info\/en\/wp-json\/wp\/v2\/posts\/198696\/revisions"}],"predecessor-version":[{"id":198727,"href":"https:\/\/serbiantimes.info\/en\/wp-json\/wp\/v2\/posts\/198696\/revisions\/198727"}],"wp:featuredmedia":[{"embeddable":true,"href":"https:\/\/serbiantimes.info\/en\/wp-json\/wp\/v2\/media\/198697"}],"wp:attachment":[{"href":"https:\/\/serbiantimes.info\/en\/wp-json\/wp\/v2\/media?parent=198696"}],"wp:term":[{"taxonomy":"category","embeddable":true,"href":"https:\/\/serbiantimes.info\/en\/wp-json\/wp\/v2\/categories?post=198696"},{"taxonomy":"post_tag","embeddable":true,"href":"https:\/\/serbiantimes.info\/en\/wp-json\/wp\/v2\/tags?post=198696"}],"curies":[{"name":"wp","href":"https:\/\/api.w.org\/{rel}","templated":true}]}}