{"id":198593,"date":"2026-01-19T13:29:03","date_gmt":"2026-01-19T11:29:03","guid":{"rendered":"https:\/\/serbiantimes.info\/en\/?p=198593"},"modified":"2026-01-19T13:29:05","modified_gmt":"2026-01-19T11:29:05","slug":"new-government-of-republika-srpska-elected-savo-minic-prime-minister-opposition-boycotted-the-vote","status":"publish","type":"post","link":"https:\/\/serbiantimes.info\/en\/new-government-of-republika-srpska-elected-savo-minic-prime-minister-opposition-boycotted-the-vote\/","title":{"rendered":"NEW GOVERNMENT OF REPUBLIKA SRPSKA ELECTED: Savo Mini\u0107 Prime Minister, opposition boycotted the vote!"},"content":{"rendered":"\n<p>Shortly before midnight, lawmakers of the ruling majority at a special session of the National Assembly of Republika Srpska (RS) elected a new entity government, headed by Savo Mini\u0107 from the Alliance of Independent Social Democrats (SNSD).<\/p>\n\n\n\n<p>The vote was attended by 51 lawmakers, out of a total of 83 members of the National Assembly, and 49 lawmakers voted for the election of the new Government of RS.<\/p>\n\n\n\n<p>Lawmakers of opposition parties did not vote.<\/p>\n\n\n\n<p>The new Government of RS includes five new ministers.<\/p>\n\n\n\n<p>The portfolio of labor and veterans\u2019 and disability protection will be headed by the president of the Veterans\u2019 Organization of RS (BORS), Radan Ostoji\u0107, instead of the previous minister Danijel Ergi\u0107.<\/p>\n\n\n\n<p>Instead of Sini\u0161a Karan, the position of minister of scientific and technological development and higher education will be taken by Draga Mastilovi\u0107, former dean of the Faculty of Philosophy in East Sarajevo.<\/p>\n\n\n\n<p>In place of Vojin Mitrovi\u0107, the former minister of economy and entrepreneurship, businessman Radenko Bubi\u0107 from Kotor Varo\u0161 has been appointed.<\/p>\n\n\n\n<p>The Ministry of Family, Youth and Sports was taken over by Irena Ignjatovi\u0107, a teacher from Doboj, instead of Selma \u010cabri\u0107, while instead of Denis \u0160uli\u0107, the Ministry of Trade and Tourism will be headed by entrepreneur Ned Puhovac.<\/p>\n\n\n\n<p>During the debate, opposition lawmakers accused the ruling coalition in RS of adventurism that could inflict additional damage on RS.<\/p>\n\n\n\n<p>They stated that the Constitution of RS does not recognize the function of acting president of RS, warning that the Constitutional Court of Bosnia and Herzegovina could also challenge Mini\u0107\u2019s new mandate to form a new government, which was granted to him by the acting president of RS, Ana Tri\u0161i\u0107 Babi\u0107.<\/p>\n\n\n\n<p>They also emphasized that the ruling coalition knew that Dodik could not appoint Mini\u0107 as prime minister-designate, because his presidential mandate had already been revoked, and that the Constitutional Court of Bosnia and Herzegovina could overturn all acts adopted by the Government of RS during Mini\u0107\u2019s first mandate since September 2 of last year, including the RS budget.<\/p>\n\n\n\n<p>The parliamentary group of the National Front (NF) requested the adoption of a conclusion calling for the annulment of all legal acts since September 2 of last year, when the first Government of RS headed by Mini\u0107 was elected.<\/p>\n\n\n\n<p>SNSD assessed this NF request as an attempt by the opposition to undermine RS, and prime minister-designate Mini\u0107 said that the opposition, with its demand to annul the acts adopted by the Government since September last year until now, \u201cwants to cause absolute chaos and undermine everything in Republika Srpska.\u201d<\/p>\n\n\n\n<p>Previously, lawmakers of the National Assembly of RS adopted Mini\u0107\u2019s resignation from the position of Prime Minister of RS, which caused the entire Government of RS to \u201cfall,\u201d after which a new special session was held at which a new entity government was elected, headed by Savo Mini\u0107.<\/p>\n\n\n\n<p>Mini\u0107 submitted his resignation from the position of Prime Minister of RS on January 15, stating that on the same day the acting president of RS, Ana Tri\u0161i\u0107 Babi\u0107, again proposed him as prime minister-designate for the formation of a new entity government.<\/p>\n\n\n\n<p>His move came several days before the session of the Constitutional Court of Bosnia and Herzegovina, announced for January 22, which is to rule on the appeal of a group of Bosniak lawmakers in the Parliament of Bosnia and Herzegovina, who stated that the election of Mini\u0107 as prime minister-designate for the formation of the new Government of RS was not legal, because he was proposed for that position by the leader of SNSD, Milorad Dodik, whose mandate as president of RS had previously been revoked by the Central Election Commission of Bosnia and Herzegovina (CIK), based on a verdict of the Court of Bosnia and Herzegovina, by which he was sentenced to one year in prison and six years of prohibition from holding public office.<\/p>\n\n\n\n<p>According to the Constitution of RS, the prime minister-designate for the formation of the Government of RS can be appointed only by the president of RS.<\/p>\n\n\n\n<h4 class=\"wp-block-heading\"><mark style=\"background-color:#FFFFFF;color:#d21414\" class=\"has-inline-color\">MORE TOPICS:<\/mark><\/h4>\n\n\n\n<p><strong><a href=\"https:\/\/serbiantimes.info\/en\/humanost-na-delu-studenti-u-blokadi-subotice-prikupili-pomoc-za-13-ugrozenih-porodica-foto\/\" target=\"_blank\" rel=\"noopener\" title=\"\">HUMANITY IN ACTION: Students in the blockade of Subotica collected aid for 13 vulnerable families! (PHOTO)<\/a><\/strong><\/p>\n\n\n\n<p><strong><a href=\"https:\/\/serbiantimes.info\/en\/tesla-still-shapes-the-modern-world-today-consul-general-bozovic-opened-a-conference-in-new-york-dedicated-to-the-serbian-scientist-photo\/\" target=\"_blank\" rel=\"noopener\" title=\"\">\u201cTESLA STILL SHAPES THE MODERN WORLD TODAY\u201d: Consul General Bozovic opened a conference in New York dedicated to the Serbian scientist! (PHOTO)<\/a><\/strong><\/p>\n\n\n\n<p><strong><a href=\"https:\/\/serbiantimes.info\/en\/they-asked-me-to-say-that-i-testified-falsely-olgica-has-been-enduring-torture-for-months-because-she-will-be-on-the-student-list-in-bajina-basta\/\" target=\"_blank\" rel=\"noopener\" title=\"\">\u201cTHEY ASKED ME TO SAY THAT I TESTIFIED FALSELY\u201d: Olgica has been enduring torture for months because she will be on the student list in Bajina Basta!<\/a><\/strong><\/p>\n\n\n\n<p><strong><a href=\"https:\/\/serbiantimes.info\/en\/brussels-ignores-their-demands-truck-drivers-from-serbia-and-bih-announced-a-blockade-of-all-border-crossings-with-schengen-countries\/\" target=\"_blank\" rel=\"noopener\" title=\"\">BRUSSELS IGNORES THEIR DEMANDS: Truck drivers from Serbia and BiH announced a blockade of all border crossings with Schengen countries!<\/a><\/strong><\/p>\n\n\n\n<p><strong><a href=\"https:\/\/serbiantimes.info\/en\/hilandar-turned-white-snow-delighted-serbian-monks-after-almost-a-decade-photo\/\" target=\"_blank\" rel=\"noopener\" title=\"\">HILANDAR TURNED WHITE: Snow delighted Serbian monks after almost a decade! (PHOTO)<\/a><\/strong><\/p>\n\n\n\n<p><strong><a href=\"https:\/\/serbiantimes.info\/en\/today-we-celebrate-little-christmas-heres-what-this-holiday-represents-and-what-customs-to-practice\/\" target=\"_blank\" rel=\"noopener\" title=\"\">TODAY WE CELEBRATE LITTLE CHRISTMAS: Here\u2019s what this holiday represents and what customs to practice!<\/a><\/strong><\/p>\n\n\n\n<p><strong><strong>Source<\/strong><\/strong>: Nova.rs; <strong>Foto<\/strong>: ATA Images<\/p>\n","protected":false},"excerpt":{"rendered":"<p>Shortly before midnight, lawmakers of the ruling majority at a special session of the National Assembly of Republika Srpska (RS) elected a new entity government, headed by Savo Mini\u0107 from the Alliance of Independent Social Democrats (SNSD). The vote was attended by 51 lawmakers, out of a total of 83 members of the National Assembly, [&hellip;]<\/p>\n","protected":false},"author":2169,"featured_media":198594,"comment_status":"open","ping_status":"open","sticky":false,"template":"","format":"standard","meta":{"newspack_featured_image_position":"","newspack_post_subtitle":"","newspack_article_summary_title":"Overview:","newspack_article_summary":"","newspack_hide_updated_date":false,"newspack_show_updated_date":false,"footnotes":""},"categories":[8],"tags":[341,10791,592,10792,4919],"class_list":["post-198593","post","type-post","status-publish","format-standard","has-post-thumbnail","hentry","category-balkan","tag-bosna-i-hercegovina","tag-nova-vlada","tag-republika-srpska","tag-savo-minic","tag-srbi-u-bosni","entry"],"aioseo_notices":[],"distributor_meta":false,"distributor_terms":false,"distributor_media":false,"distributor_original_site_name":"Serbiantimes.info EN","distributor_original_site_url":"https:\/\/serbiantimes.info\/en","push-errors":false,"_links":{"self":[{"href":"https:\/\/serbiantimes.info\/en\/wp-json\/wp\/v2\/posts\/198593","targetHints":{"allow":["GET"]}}],"collection":[{"href":"https:\/\/serbiantimes.info\/en\/wp-json\/wp\/v2\/posts"}],"about":[{"href":"https:\/\/serbiantimes.info\/en\/wp-json\/wp\/v2\/types\/post"}],"author":[{"embeddable":true,"href":"https:\/\/serbiantimes.info\/en\/wp-json\/wp\/v2\/users\/2169"}],"replies":[{"embeddable":true,"href":"https:\/\/serbiantimes.info\/en\/wp-json\/wp\/v2\/comments?post=198593"}],"version-history":[{"count":2,"href":"https:\/\/serbiantimes.info\/en\/wp-json\/wp\/v2\/posts\/198593\/revisions"}],"predecessor-version":[{"id":198616,"href":"https:\/\/serbiantimes.info\/en\/wp-json\/wp\/v2\/posts\/198593\/revisions\/198616"}],"wp:featuredmedia":[{"embeddable":true,"href":"https:\/\/serbiantimes.info\/en\/wp-json\/wp\/v2\/media\/198594"}],"wp:attachment":[{"href":"https:\/\/serbiantimes.info\/en\/wp-json\/wp\/v2\/media?parent=198593"}],"wp:term":[{"taxonomy":"category","embeddable":true,"href":"https:\/\/serbiantimes.info\/en\/wp-json\/wp\/v2\/categories?post=198593"},{"taxonomy":"post_tag","embeddable":true,"href":"https:\/\/serbiantimes.info\/en\/wp-json\/wp\/v2\/tags?post=198593"}],"curies":[{"name":"wp","href":"https:\/\/api.w.org\/{rel}","templated":true}]}}