{"id":198498,"date":"2026-01-18T16:06:11","date_gmt":"2026-01-18T14:06:11","guid":{"rendered":"https:\/\/serbiantimes.info\/en\/?p=198498"},"modified":"2026-01-18T16:06:13","modified_gmt":"2026-01-18T14:06:13","slug":"eu-strikes-back-at-trump-european-leaders-plan-a-fierce-counterattack-a-trade-bazooka-is-being-mentioned","status":"publish","type":"post","link":"https:\/\/serbiantimes.info\/en\/eu-strikes-back-at-trump-european-leaders-plan-a-fierce-counterattack-a-trade-bazooka-is-being-mentioned\/","title":{"rendered":"EU STRIKES BACK AT TRUMP: European leaders plan a fierce counterattack, a \u201ctrade bazooka\u201d is being mentioned!"},"content":{"rendered":"\n<p>Representatives of the European Union will not approve a key transatlantic trade agreement after US President Donald Trump imposed new tariffs on European countries as part of his efforts to wrest control of Greenland from Denmark.<\/p>\n\n\n\n<p>Confirmation that the European Parliament will not proceed with the ratification of the agreement, which Trump and European Commission President Ursula von der Leyen signed last July, casts the future of the truce in the trade war into uncertainty, writes Politico.<\/p>\n\n\n\n<p>In an online statement, Manfred Weber, president of the European People\u2019s Party (EPP), said that the escalation of tensions between the US and Europe means that Parliament will not vote in favor of the pact, which sets US tariffs on imports from the EU at 15 percent in exchange for the Union not imposing duties on American exports.<\/p>\n\n\n\n<p>\u201cThe EPP supports the EU-US trade agreement, but given Donald Trump\u2019s threats regarding Greenland, approval is not possible at this stage. Zero-percent tariffs on American products must be put on hold,\u201d Weber said.<\/p>\n\n\n\n<p>While other members of Ursula von der Leyen\u2019s governing coalition, the center-left (S&amp;D), centrists (Renew), and left-leaning Greens, have in recent weeks advocated a strategic pause in the implementation of the trade agreement, her own EPP party had so far not been convinced by that move.<\/p>\n\n\n\n<p>On Wednesday, lawmakers postponed a decision on whether to freeze the ratification of the agreement amid tensions over Trump\u2019s demand that Denmark hand over Greenland to the United States.<\/p>\n\n\n\n<p>The vote was scheduled for January 26, and it would determine the European Parliament\u2019s position on eliminating tariffs on American industrial goods, which is one of the key points of the agreement reached between Brussels and Washington last summer.<\/p>\n\n\n\n<p>The agreement with Washington \u201cwill not be postponed,\u201d EPP MEP \u017deljana Zovko said at the time. EU lawmakers are now expected to confirm the freezing of the agreement during a meeting next Wednesday.<\/p>\n\n\n\n<p>Karin Karlsbro, a Swedish Member of the European Parliament (MEP) who serves as trade coordinator for the Renew group, told Politico on Saturday that the EU-US agreement will not receive sufficient support from lawmakers.<\/p>\n\n\n\n<p>\u201cI see no possibility that the European Parliament will give the green light to continuing the tariff agreement when we make a decision on Wednesday. Instead, the EU must prepare to respond to President Trump\u2019s tariff attacks, including those directed against Sweden. We cannot rule out retaliatory tariffs or the use of the \u2018bazooka\u2019 if pressure and coercion continue,\u201d she said.<\/p>\n\n\n\n<p>The EU\u2019s so-called trade \u201cbazooka,\u201d the Anti-Coercion Instrument, offers a range of punitive measures that can be used against trade rivals attempting to undermine the bloc. These include restrictions on investment and access to public procurement schemes, as well as limits on intellectual property protection.<\/p>\n\n\n\n<p>Despite calls from the European Parliament, the decision to activate the Anti-Coercion Instrument would lie with the European Commission if Trump carries out his latest threat. This would then require the support of a qualified majority of member states, which could prove difficult given longstanding divisions among European capitals over how far to go without further antagonizing Washington.<\/p>\n\n\n\n<p>Renew group leader Val\u00e9rie Hayer called Trump\u2019s moves \u201cunacceptable\u201d and said that \u201cnow is the time to move away from reliance on deterrence.\u201d<\/p>\n\n\n\n<p>\u201cThe EU should be ready to apply targeted and proportionate countermeasures. Activating the EU Anti-Coercion Instrument should be explicitly considered, as it is designed precisely for situations of economic intimidation of this nature,\u201d she said.<\/p>\n\n\n\n<p>Bernd Lange, a German lawmaker from the S&amp;D group and chair of the European Parliament\u2019s trade committee, also backed the unprecedented use of the \u201cbazooka\u201d in a statement to Politico.<\/p>\n\n\n\n<figure class=\"wp-block-embed is-type-wp-embed is-provider-serbiantimes-info wp-block-embed-serbiantimes-info\"><div class=\"wp-block-embed__wrapper\">\n<blockquote class=\"wp-embedded-content\" data-secret=\"hk4kHNjRyG\"><a href=\"https:\/\/serbiantimes.info\/tramp-krece-po-grenland-uvek-carine-za-najblize-saveznike-koji-su-poslali-vojnike-na-to-ostrvo-evo-ko-je-na-udaru\/\">TRAMP OBJAVIO RAT SAVEZNICIMA ZBOG GRENLANDA: \u201cPove\u0107a\u0107u carine svim NATO zemljama koje se budu protivile ameri\u010dkom preuzimanju ostrva!\u201d<\/a><\/blockquote><iframe loading=\"lazy\" class=\"wp-embedded-content\" sandbox=\"allow-scripts\" security=\"restricted\" style=\"position: absolute; visibility: hidden;\" title=\"&#132;TRAMP OBJAVIO RAT SAVEZNICIMA ZBOG GRENLANDA: \u201cPove\u0107a\u0107u carine svim NATO zemljama koje se budu protivile ameri\u010dkom preuzimanju ostrva!\u201d&#147; &#8212; Serbiantimes.info\" src=\"https:\/\/serbiantimes.info\/tramp-krece-po-grenland-uvek-carine-za-najblize-saveznike-koji-su-poslali-vojnike-na-to-ostrvo-evo-ko-je-na-udaru\/embed\/#?secret=hmc3bGXmpu#?secret=hk4kHNjRyG\" data-secret=\"hk4kHNjRyG\" width=\"500\" height=\"282\" frameborder=\"0\" marginwidth=\"0\" marginheight=\"0\" scrolling=\"no\"><\/iframe>\n<\/div><\/figure>\n\n\n\n<p>\u201cWhat we had in mind when drafting the Anti-Coercion Act is now becoming reality: If trade policy is used as a political lever, we can resist it with various measures. Therefore, I call on the European Commission to immediately initiate proceedings and an investigation,\u201d he said.<\/p>\n\n\n\n<p>S&amp;D vice-president for trade Kathleen Van Brempt joined calls for the use of the anti-coercion instrument. Approving the trade agreement, in her words, \u201cwould not be \u2018pragmatic,\u2019 but completely insane.\u201d<\/p>\n\n\n\n<figure class=\"wp-block-embed is-type-wp-embed is-provider-serbiantimes-info wp-block-embed-serbiantimes-info\"><div class=\"wp-block-embed__wrapper\">\n<blockquote class=\"wp-embedded-content\" data-secret=\"oCNCv6od8C\"><a href=\"https:\/\/serbiantimes.info\/situacija-izmicee-kontroli-tramp-planira-da-aktivira-zakon-o-pobuni-zbog-mineapolisa-salje-vojsku-na-svoje-gradjane\/\">SITUACIJA IZMI\u010cE KONTROLI: Tramp planira da aktivira Zakon o pobuni zbog Mineapolisa, evo \u0161ta \u0107e se onda desiti!<\/a><\/blockquote><iframe loading=\"lazy\" class=\"wp-embedded-content\" sandbox=\"allow-scripts\" security=\"restricted\" style=\"position: absolute; visibility: hidden;\" title=\"&#132;SITUACIJA IZMI\u010cE KONTROLI: Tramp planira da aktivira Zakon o pobuni zbog Mineapolisa, evo \u0161ta \u0107e se onda desiti!&#147; &#8212; Serbiantimes.info\" src=\"https:\/\/serbiantimes.info\/situacija-izmicee-kontroli-tramp-planira-da-aktivira-zakon-o-pobuni-zbog-mineapolisa-salje-vojsku-na-svoje-gradjane\/embed\/#?secret=SVyg74ddK3#?secret=oCNCv6od8C\" data-secret=\"oCNCv6od8C\" width=\"500\" height=\"282\" frameborder=\"0\" marginwidth=\"0\" marginheight=\"0\" scrolling=\"no\"><\/iframe>\n<\/div><\/figure>\n\n\n\n<p>\u201cIt is nothing short of scandalous that Donald Trump is using tariffs and economic threats to extort an illegitimate territorial claim. If this is not coercion, then what is?\u201d Van Brempt said in a statement.<\/p>\n\n\n\n<p>Trump announced on Saturday an additional 10 percent tariff on European countries that contributed troops to a small contingent that arrived in Greenland earlier this week. That tariff will increase to 25 percent starting June 1, he said, and will remain in force \u201cuntil an agreement is reached on the full and total purchase of Greenland.\u201d<\/p>\n\n\n\n<p>European leaders reacted angrily, insisting that the deployment of troops to Greenland was a response to Trump\u2019s claims of growing Russian and Chinese threats to the North Atlantic island. European Council President Ant\u00f3nio Costa warned Washington that the new tariffs would meet a \u201cjoint response.\u201d<\/p>\n\n\n\n<h4 class=\"wp-block-heading\"><mark style=\"background-color:#FFFFFF;color:#d21414\" class=\"has-inline-color\">MORE TOPICS:<\/mark><\/h4>\n\n\n\n<p><strong><a href=\"https:\/\/serbiantimes.info\/en\/humanost-na-delu-studenti-u-blokadi-subotice-prikupili-pomoc-za-13-ugrozenih-porodica-foto\/\" target=\"_blank\" rel=\"noopener\" title=\"\">HUMANITY IN ACTION: Students in the blockade of Subotica collected aid for 13 vulnerable families! (PHOTO)<\/a><\/strong><\/p>\n\n\n\n<p><strong><a href=\"https:\/\/serbiantimes.info\/en\/tesla-still-shapes-the-modern-world-today-consul-general-bozovic-opened-a-conference-in-new-york-dedicated-to-the-serbian-scientist-photo\/\" target=\"_blank\" rel=\"noopener\" title=\"\">\u201cTESLA STILL SHAPES THE MODERN WORLD TODAY\u201d: Consul General Bozovic opened a conference in New York dedicated to the Serbian scientist! (PHOTO)<\/a><\/strong><\/p>\n\n\n\n<p><strong><a href=\"https:\/\/serbiantimes.info\/en\/they-asked-me-to-say-that-i-testified-falsely-olgica-has-been-enduring-torture-for-months-because-she-will-be-on-the-student-list-in-bajina-basta\/\" target=\"_blank\" rel=\"noopener\" title=\"\">\u201cTHEY ASKED ME TO SAY THAT I TESTIFIED FALSELY\u201d: Olgica has been enduring torture for months because she will be on the student list in Bajina Basta!<\/a><\/strong><\/p>\n\n\n\n<p><strong><a href=\"https:\/\/serbiantimes.info\/en\/brussels-ignores-their-demands-truck-drivers-from-serbia-and-bih-announced-a-blockade-of-all-border-crossings-with-schengen-countries\/\" target=\"_blank\" rel=\"noopener\" title=\"\">BRUSSELS IGNORES THEIR DEMANDS: Truck drivers from Serbia and BiH announced a blockade of all border crossings with Schengen countries!<\/a><\/strong><\/p>\n\n\n\n<p><strong><a href=\"https:\/\/serbiantimes.info\/en\/hilandar-turned-white-snow-delighted-serbian-monks-after-almost-a-decade-photo\/\" target=\"_blank\" rel=\"noopener\" title=\"\">HILANDAR TURNED WHITE: Snow delighted Serbian monks after almost a decade! (PHOTO)<\/a><\/strong><\/p>\n\n\n\n<p><strong><a href=\"https:\/\/serbiantimes.info\/en\/today-we-celebrate-little-christmas-heres-what-this-holiday-represents-and-what-customs-to-practice\/\" target=\"_blank\" rel=\"noopener\" title=\"\">TODAY WE CELEBRATE LITTLE CHRISTMAS: Here\u2019s what this holiday represents and what customs to practice!<\/a><\/strong><\/p>\n\n\n\n<p><strong><strong>Source<\/strong><\/strong>: Telegraf, <strong>Foto<\/strong>: Printscreen Youtube Sky News Australia<\/p>\n","protected":false},"excerpt":{"rendered":"<p>Representatives of the European Union will not approve a key transatlantic trade agreement after US President Donald Trump imposed new tariffs on European countries as part of his efforts to wrest control of Greenland from Denmark. Confirmation that the European Parliament will not proceed with the ratification of the agreement, which Trump and European Commission [&hellip;]<\/p>\n","protected":false},"author":2169,"featured_media":198499,"comment_status":"open","ping_status":"open","sticky":false,"template":"","format":"standard","meta":{"newspack_featured_image_position":"","newspack_post_subtitle":"","newspack_article_summary_title":"Overview:","newspack_article_summary":"","newspack_hide_updated_date":false,"newspack_show_updated_date":false,"footnotes":""},"categories":[4],"tags":[71,10770,4733,24,351,4204,23,135],"class_list":["post-198498","post","type-post","status-publish","format-standard","has-post-thumbnail","hentry","category-breaking","tag-amerika","tag-bazuka","tag-carine","tag-donald-tramp","tag-eu","tag-grenland","tag-sad","tag-usa","entry"],"aioseo_notices":[],"distributor_meta":false,"distributor_terms":false,"distributor_media":false,"distributor_original_site_name":"Serbiantimes.info EN","distributor_original_site_url":"https:\/\/serbiantimes.info\/en","push-errors":false,"_links":{"self":[{"href":"https:\/\/serbiantimes.info\/en\/wp-json\/wp\/v2\/posts\/198498","targetHints":{"allow":["GET"]}}],"collection":[{"href":"https:\/\/serbiantimes.info\/en\/wp-json\/wp\/v2\/posts"}],"about":[{"href":"https:\/\/serbiantimes.info\/en\/wp-json\/wp\/v2\/types\/post"}],"author":[{"embeddable":true,"href":"https:\/\/serbiantimes.info\/en\/wp-json\/wp\/v2\/users\/2169"}],"replies":[{"embeddable":true,"href":"https:\/\/serbiantimes.info\/en\/wp-json\/wp\/v2\/comments?post=198498"}],"version-history":[{"count":2,"href":"https:\/\/serbiantimes.info\/en\/wp-json\/wp\/v2\/posts\/198498\/revisions"}],"predecessor-version":[{"id":198544,"href":"https:\/\/serbiantimes.info\/en\/wp-json\/wp\/v2\/posts\/198498\/revisions\/198544"}],"wp:featuredmedia":[{"embeddable":true,"href":"https:\/\/serbiantimes.info\/en\/wp-json\/wp\/v2\/media\/198499"}],"wp:attachment":[{"href":"https:\/\/serbiantimes.info\/en\/wp-json\/wp\/v2\/media?parent=198498"}],"wp:term":[{"taxonomy":"category","embeddable":true,"href":"https:\/\/serbiantimes.info\/en\/wp-json\/wp\/v2\/categories?post=198498"},{"taxonomy":"post_tag","embeddable":true,"href":"https:\/\/serbiantimes.info\/en\/wp-json\/wp\/v2\/tags?post=198498"}],"curies":[{"name":"wp","href":"https:\/\/api.w.org\/{rel}","templated":true}]}}