{"id":198449,"date":"2026-01-17T22:45:00","date_gmt":"2026-01-17T20:45:00","guid":{"rendered":"https:\/\/serbiantimes.info\/en\/?p=198449"},"modified":"2026-01-18T15:47:30","modified_gmt":"2026-01-18T13:47:30","slug":"when-they-wrote-them-off-the-eagles-took-flight-serbian-handball-players-toppled-germany-and-extended-the-dream-of-a-european-medal-video","status":"publish","type":"post","link":"https:\/\/serbiantimes.info\/en\/when-they-wrote-them-off-the-eagles-took-flight-serbian-handball-players-toppled-germany-and-extended-the-dream-of-a-european-medal-video\/","title":{"rendered":"WHEN THEY WROTE THEM OFF, THE EAGLES TOOK FLIGHT! Serbian handball players toppled Germany and extended the dream of a European medal! (VIDEO)"},"content":{"rendered":"\n<p>The Serbian handball team pulled off an unreal feat in the second round of the group stage of the European Championship, as they defeated the German national team 30:27 in the decisive match, thus avoiding the \u201calready foreseen\u201d elimination from the continental tournament.<\/p>\n\n\n\n<p>After suffering a defeat to Spain in the first round, the Serbian national handball team was practically already written off ahead of this clash with Germany. The Panzer team, the reigning Olympic silver medalists, were clear favorites against the Eagles, but our players \u2013 and after trailing by four goals in the first half \u2013 pulled off a heroic feat, won 30:27, and thus avoided the \u201calready foreseen\u201d elimination from the European Championship in Denmark!<\/p>\n\n\n\n<p>Serbia\u2019s players began making cheap mistakes in attack right at the start of the first half, and the Germans mostly converted the counterattacks that resulted from those mistakes into goals.<\/p>\n\n\n\n<p>Had the Eagles\u2019 goalkeeper Du\u0161an Milosavljev not been so inspired and composed, had he not denied the Germans several clear chances and saved several nine-meter shots \u2013 such as the one when he clipped the ball with his heel and sent it over the goal \u2013 the Germans would have gone into the break with a much bigger advantage.<\/p>\n\n\n\n<blockquote class=\"twitter-tweet\" data-media-max-width=\"560\"><p lang=\"sl\" dir=\"ltr\">AUFIDERZEN BARABE ! BRAVO MOMCI!\ud83c\uddf7\ud83c\uddf8\ud83d\udcaa\ud83c\udffb\ud83d\udd25<a href=\"https:\/\/twitter.com\/hashtag\/rukomet?src=hash&amp;ref_src=twsrc%5Etfw\">#rukomet<\/a> <a href=\"https:\/\/twitter.com\/hashtag\/srbijanemacka?src=hash&amp;ref_src=twsrc%5Etfw\">#srbijanemacka<\/a> <a href=\"https:\/\/twitter.com\/hashtag\/handball?src=hash&amp;ref_src=twsrc%5Etfw\">#handball<\/a> <a href=\"https:\/\/twitter.com\/hashtag\/serbiagermany?src=hash&amp;ref_src=twsrc%5Etfw\">#serbiagermany<\/a> <a href=\"https:\/\/t.co\/mF9wz9EmGe\">pic.twitter.com\/mF9wz9EmGe<\/a><\/p>&mdash; Mali Mare (@marevolibezza) <a href=\"https:\/\/twitter.com\/marevolibezza\/status\/2012636973702299904?ref_src=twsrc%5Etfw\">January 17, 2026<\/a><\/blockquote> <script async src=\"https:\/\/platform.twitter.com\/widgets.js\" charset=\"utf-8\"><\/script>\n\n\n\n<p>Juri Knorr played like a man possessed, organizing attacks, scoring goals and even delivering an assist through the legs \u2013 probably one of the most beautiful since the start of the tournament \u2013 and he was closely followed by Miro \u0160urlof and Franz Semper.<\/p>\n\n\n\n<p>Vuka\u0161in Vorkapi\u0107 and Dragan Pe\u0161malbek were the most in form in the Serbian team and combined for seven goals in the first 30 minutes, managing on several occasions to bring our team back to level terms, but it was not enough; in the very finish of the first half, the Eagles seemed to lose concentration, and Germany went into the break with a colossal four-goal lead.<\/p>\n\n\n\n<p>Serbia looked defensively a bit more solid in the second half, even scoring two quick goals at the start to halve the deficit, but Germany did not allow them to surprise them and complete a comeback.<\/p>\n\n\n\n<p>Around the 40th minute, Serbia, primarily thanks to phenomenal finishing in attack and goalkeeping brilliance from Du\u0161an Milosavljev, equalized at 20:20, and shortly afterward heroically took a two-goal lead.<\/p>\n\n\n\n<p>The Germans then tried to swing the momentum back to their side, but Serbia\u2019s defense looked better with each passing minute, while the Panzer attack appeared increasingly unconvincing and ineffective.<\/p>\n\n\n\n<p>The decisive moment of the match came at a score of 26:25 for Serbia, when Knorr scored a goal to equalize. However, the German head coach called a timeout at that very moment, and after a brief video review the goal was disallowed.<\/p>\n\n\n\n<p>The Olympic silver medalists then completely collapsed, and Kojadinovi\u0107 and Pe\u0161malbek unpacked Serbia\u2019s bags, giving it the opportunity to fight for a place in the next round.<\/p>\n\n\n\n<p>The decisive match is scheduled for January 19, starting at 6 p.m., when Serbia faces Austria.<\/p>\n\n\n\n<h4 class=\"wp-block-heading\"><mark style=\"background-color:#FFFFFF;color:#d21414\" class=\"has-inline-color\">MORE TOPICS:<\/mark><\/h4>\n\n\n\n<p><strong><a href=\"https:\/\/serbiantimes.info\/en\/humanost-na-delu-studenti-u-blokadi-subotice-prikupili-pomoc-za-13-ugrozenih-porodica-foto\/\" target=\"_blank\" rel=\"noopener\" title=\"\">HUMANITY IN ACTION: Students in the blockade of Subotica collected aid for 13 vulnerable families! (PHOTO)<\/a><\/strong><\/p>\n\n\n\n<p><strong><a href=\"https:\/\/serbiantimes.info\/en\/tesla-still-shapes-the-modern-world-today-consul-general-bozovic-opened-a-conference-in-new-york-dedicated-to-the-serbian-scientist-photo\/\" target=\"_blank\" rel=\"noopener\" title=\"\">\u201cTESLA STILL SHAPES THE MODERN WORLD TODAY\u201d: Consul General Bozovic opened a conference in New York dedicated to the Serbian scientist! (PHOTO)<\/a><\/strong><\/p>\n\n\n\n<p><strong><a href=\"https:\/\/serbiantimes.info\/en\/they-asked-me-to-say-that-i-testified-falsely-olgica-has-been-enduring-torture-for-months-because-she-will-be-on-the-student-list-in-bajina-basta\/\" target=\"_blank\" rel=\"noopener\" title=\"\">\u201cTHEY ASKED ME TO SAY THAT I TESTIFIED FALSELY\u201d: Olgica has been enduring torture for months because she will be on the student list in Bajina Basta!<\/a><\/strong><\/p>\n\n\n\n<p><strong><a href=\"https:\/\/serbiantimes.info\/en\/brussels-ignores-their-demands-truck-drivers-from-serbia-and-bih-announced-a-blockade-of-all-border-crossings-with-schengen-countries\/\" target=\"_blank\" rel=\"noopener\" title=\"\">BRUSSELS IGNORES THEIR DEMANDS: Truck drivers from Serbia and BiH announced a blockade of all border crossings with Schengen countries!<\/a><\/strong><\/p>\n\n\n\n<p><strong><a href=\"https:\/\/serbiantimes.info\/en\/hilandar-turned-white-snow-delighted-serbian-monks-after-almost-a-decade-photo\/\" target=\"_blank\" rel=\"noopener\" title=\"\">HILANDAR TURNED WHITE: Snow delighted Serbian monks after almost a decade! (PHOTO)<\/a><\/strong><\/p>\n\n\n\n<p><strong><a href=\"https:\/\/serbiantimes.info\/en\/today-we-celebrate-little-christmas-heres-what-this-holiday-represents-and-what-customs-to-practice\/\" target=\"_blank\" rel=\"noopener\" title=\"\">TODAY WE CELEBRATE LITTLE CHRISTMAS: Here\u2019s what this holiday represents and what customs to practice!<\/a><\/strong><\/p>\n\n\n\n<p><strong><strong>Source<\/strong><\/strong>:Sportal, <strong>Foto:<\/strong> Eibner-Pressefoto\/Marcel von Fehrn \/Profimedia<br><\/p>\n","protected":false},"excerpt":{"rendered":"<p>The Serbian handball team pulled off an unreal feat in the second round of the group stage of the European Championship, as they defeated the German national team 30:27 in the decisive match, thus avoiding the \u201calready foreseen\u201d elimination from the continental tournament. After suffering a defeat to Spain in the first round, the Serbian [&hellip;]<\/p>\n","protected":false},"author":2169,"featured_media":198450,"comment_status":"open","ping_status":"open","sticky":false,"template":"","format":"standard","meta":{"newspack_featured_image_position":"","newspack_post_subtitle":"","newspack_article_summary_title":"Overview:","newspack_article_summary":"","newspack_hide_updated_date":false,"newspack_show_updated_date":false,"footnotes":""},"categories":[10],"tags":[2391,90,977,1413,91,113,15],"class_list":["post-198449","post","type-post","status-publish","format-standard","has-post-thumbnail","hentry","category-sport","tag-evropsko-prvenstvo","tag-nemacka","tag-orlovi","tag-rukomet","tag-sport","tag-srbija","tag-video","entry"],"aioseo_notices":[],"distributor_meta":false,"distributor_terms":false,"distributor_media":false,"distributor_original_site_name":"Serbiantimes.info EN","distributor_original_site_url":"https:\/\/serbiantimes.info\/en","push-errors":false,"_links":{"self":[{"href":"https:\/\/serbiantimes.info\/en\/wp-json\/wp\/v2\/posts\/198449","targetHints":{"allow":["GET"]}}],"collection":[{"href":"https:\/\/serbiantimes.info\/en\/wp-json\/wp\/v2\/posts"}],"about":[{"href":"https:\/\/serbiantimes.info\/en\/wp-json\/wp\/v2\/types\/post"}],"author":[{"embeddable":true,"href":"https:\/\/serbiantimes.info\/en\/wp-json\/wp\/v2\/users\/2169"}],"replies":[{"embeddable":true,"href":"https:\/\/serbiantimes.info\/en\/wp-json\/wp\/v2\/comments?post=198449"}],"version-history":[{"count":2,"href":"https:\/\/serbiantimes.info\/en\/wp-json\/wp\/v2\/posts\/198449\/revisions"}],"predecessor-version":[{"id":198527,"href":"https:\/\/serbiantimes.info\/en\/wp-json\/wp\/v2\/posts\/198449\/revisions\/198527"}],"wp:featuredmedia":[{"embeddable":true,"href":"https:\/\/serbiantimes.info\/en\/wp-json\/wp\/v2\/media\/198450"}],"wp:attachment":[{"href":"https:\/\/serbiantimes.info\/en\/wp-json\/wp\/v2\/media?parent=198449"}],"wp:term":[{"taxonomy":"category","embeddable":true,"href":"https:\/\/serbiantimes.info\/en\/wp-json\/wp\/v2\/categories?post=198449"},{"taxonomy":"post_tag","embeddable":true,"href":"https:\/\/serbiantimes.info\/en\/wp-json\/wp\/v2\/tags?post=198449"}],"curies":[{"name":"wp","href":"https:\/\/api.w.org\/{rel}","templated":true}]}}