{"id":197809,"date":"2026-01-10T13:45:52","date_gmt":"2026-01-10T11:45:52","guid":{"rendered":"https:\/\/serbiantimes.info\/en\/?p=197809"},"modified":"2026-01-10T13:45:53","modified_gmt":"2026-01-10T11:45:53","slug":"serious-ustasa-these-are-the-messages-minister-selakovic-sent-via-whatsapp-in-the-general-staff-affair-insulting-employees-who-follow-the-law","status":"publish","type":"post","link":"https:\/\/serbiantimes.info\/en\/serious-ustasa-these-are-the-messages-minister-selakovic-sent-via-whatsapp-in-the-general-staff-affair-insulting-employees-who-follow-the-law\/","title":{"rendered":"\u201cSERIOUS USTA\u0160A\u201d: These are the messages Minister Selakovi\u0107 sent via WhatsApp in the General Staff affair, insulting employees who follow the law!"},"content":{"rendered":"\n<p>Minister of Culture Nikola Selakovi\u0107 has been accused, along with three others, of abuse of office and falsification of official documents in the \u201cGeneral Staff\u201d case. As part of the investigation by the Public Prosecutor\u2019s Office for Organized Crime, their mobile phones and communications were examined, and we reveal the details here.<\/p>\n\n\n\n<p>According to the indictment proposal by the Public Prosecutor\u2019s Office for Organized Crime, the accused include current Minister of Culture Nikola Selakovi\u0107, directors of the Republic and City Institutes for the Protection of Cultural Monuments Goran Vasi\u0107 and Aleksandar Ivanovi\u0107, as well as the Ministry of Culture secretary Slavica Jela\u010da. The four are accused of acting contrary to the Constitution and laws of the Republic of Serbia from mid-May to the end of November 2024, exceeding their official authority and causing damage to Serbia\u2019s cultural heritage. Their illegal actions allegedly aimed to remove the cultural heritage designation from the General Staff building to make way for a luxury hotel.<\/p>\n\n\n\n<p>As previously reported, the accused met in person regarding the execution of the criminal act but also discussed certain matters via SMS, Viber, and WhatsApp messages.<\/p>\n\n\n\n<p>On November 17, 2024, at 11:29:38, the accused Ivanovi\u0107 wrote via Viber to Vasi\u0107: <em>\u201cEstela on N1 five minutes ago says that your RZ was not involved in removing protection from the General Staff.\u201d<\/em> (Estela here refers to Estela Radonji\u0107 \u017divkov, deputy director of the Republic Institute for the Protection of Monuments in Belgrade, who was later relieved of her position at her request and has the status of a witness in this case.)<\/p>\n\n\n\n<p>Vasi\u0107 replied at 11:33:49: <em>\u201cWithout my consent\u2026\u201d<\/em><\/p>\n\n\n\n<p>At 11:34:11, Vasi\u0107 asked Ivanovi\u0107: <em>\u201cCan we talk here?\u201d<\/em> to which Ivanovi\u0107 responded at 11:34:39: <em>\u201cOf course.\u201d<\/em><\/p>\n\n\n\n<p>An hour later, the two continued their conversation via WhatsApp. Ivanovi\u0107 sent Vasi\u0107 a link to a website containing controversial government decisions regarding the General Staff. A minute later, he sent another message:<\/p>\n\n\n\n<p><em>\u201cHere is the Decision from the Official Gazette on the amendment for the area around Kneza Milo\u0161a Street. I don\u2019t know who prepared this.\u201d<\/em><\/p>\n\n\n\n<p>Minutes later, Ivanovi\u0107 sent Vasi\u0107 another link with controversial decisions and added: <em>\u201cAnd here is the Decision on the cessation of KD status for the General Staff buildings.\u201d<\/em><\/p>\n\n\n\n<p>At 12:24:56, he wrote: <em>\u201cSo, two Decisions were published in the Official Gazette.\u201d<\/em><\/p>\n\n\n\n<p>Vasi\u0107 replied: <em>\u201cYes, I saw that.\u201d<\/em><\/p>\n\n\n\n<p>Ivanovi\u0107: <em>\u201cOne is about the cessation of KD status \u2013 and we know that, and you and I participated on behalf of the institutions that day at the Ministry in July. The other is the Decision on the amendment for the area around Kneza Milo\u0161a Street \u2013 I don\u2019t know anything about that, it was done without us\/me.\u201d<\/em><\/p>\n\n\n\n<p>Vasi\u0107: <em>\u201cYes\u2026\u201d<\/em><\/p>\n\n\n\n<figure class=\"wp-block-embed is-type-wp-embed is-provider-serbiantimes-info wp-block-embed-serbiantimes-info\"><div class=\"wp-block-embed__wrapper\">\n<blockquote class=\"wp-embedded-content\" data-secret=\"JTWGfyjaZl\"><a href=\"https:\/\/serbiantimes.info\/nemci-o-generalstabu-vucic-preti-osvetom-a-moglo-bi-da-se-desi-da-propadne-kao-i-projekat-trampovih-kula\/\">NEMCI O GENERAL\u0160TABU: &#8222;Vu\u010di\u0107 preti osvetom, a moglo bi da se desi da propadne kao i projekat Trampovih kula&#8220;<\/a><\/blockquote><iframe loading=\"lazy\" class=\"wp-embedded-content\" sandbox=\"allow-scripts\" security=\"restricted\" style=\"position: absolute; visibility: hidden;\" title=\"&#132;NEMCI O GENERAL\u0160TABU: &#8222;Vu\u010di\u0107 preti osvetom, a moglo bi da se desi da propadne kao i projekat Trampovih kula&#8220;&#147; &#8212; Serbiantimes.info\" src=\"https:\/\/serbiantimes.info\/nemci-o-generalstabu-vucic-preti-osvetom-a-moglo-bi-da-se-desi-da-propadne-kao-i-projekat-trampovih-kula\/embed\/#?secret=2agzsMIqvk#?secret=JTWGfyjaZl\" data-secret=\"JTWGfyjaZl\" width=\"500\" height=\"282\" frameborder=\"0\" marginwidth=\"0\" marginheight=\"0\" scrolling=\"no\"><\/iframe>\n<\/div><\/figure>\n\n\n\n<h2 class=\"wp-block-heading\"><strong>Minister Selakovi\u0107 called an employee \u201cUsta\u0161a\u201d<\/strong><\/h2>\n\n\n\n<p>On the same day, November 17, 2024, at 10:27:27, Minister Nikola Selakovi\u0107 sent Vasi\u0107 a photo showing a close-up from an N1 TV report featuring Estela Radonji\u0107 \u017divkov.<\/p>\n\n\n\n<p>Shortly after, at 10:28:06, Selakovi\u0107 wrote: <em>\u201cI assume she didn\u2019t ask for permission to speak publicly.\u201d<\/em><\/p>\n\n\n\n<p>Vasi\u0107 replied at 10:28:34: <em>\u201cOf course not.\u201d<\/em><\/p>\n\n\n\n<p>At 10:29:04, Vasi\u0107 added: <em>\u201cShe is the biggest problem,\u201d<\/em> to which Selakovi\u0107 responded at 10:31:08: <em>\u201cSee you Tuesday, we\u2019ll talk then.\u201d<\/em><\/p>\n\n\n\n<p>Immediately after, at 10:32:05, Selakovi\u0107 concluded: <em>\u201cJust don\u2019t react hastily.\u201d<\/em><\/p>\n\n\n\n<p>The following day, Selakovi\u0107 sent Vasi\u0107 a link to a news article on Nova srpska politi\u010dka misao about the employees\u2019 request for the government to withdraw controversial General Staff decisions.<\/p>\n\n\n\n<p>Vasi\u0107 replied: <em>\u201cI see\u2026\u201d<\/em> Two minutes later, he asked: <em>\u201cDo I need to respond to this? Other than that it was done without consultation and consent?\u201d<\/em><\/p>\n\n\n\n<p>He then asked: <em>\u201cWhat are the next steps?\u201d<\/em><\/p>\n\n\n\n<p>Selakovi\u0107 answered at 22:10:41: <em>\u201cNo response needed. I sent it so you could see. You need to see who led it. Tomorrow we\u2019ll meet and discuss it.\u201d<\/em><\/p>\n\n\n\n<p>Vasi\u0107 responded at 22:11:08: <em>\u201cI already checked, Estela.\u201d<\/em><\/p>\n\n\n\n<p>Selakovi\u0107 concluded at 22:11:32: <em>\u201cSerious Usta\u0161a.\u201d<\/em><\/p>\n\n\n\n<h2 class=\"wp-block-heading\"><strong>Trial set for February 4<\/strong><\/h2>\n\n\n\n<p>The trial of Nikola Selakovi\u0107 and three other defendants is scheduled for February 4 at 10:00 at the Special Court in Belgrade.<\/p>\n\n\n\n<p>In the \u201cGeneral Staff\u201d case, the Public Prosecutor\u2019s Office for Organized Crime is conducting an abbreviated procedure, which is why an indictment proposal, rather than a formal indictment, was filed. As a result, the main hearing was scheduled immediately, meaning the trial will begin without a preparatory hearing, which is legally closed to the public.<\/p>\n\n\n\n<h4 class=\"wp-block-heading\"><mark style=\"background-color:#FFFFFF;color:#d21414\" class=\"has-inline-color\">MORE TOPICS:<\/mark><\/h4>\n\n\n\n<p><strong><a href=\"https:\/\/serbiantimes.info\/en\/born-on-christmas-died-on-christmas-eve-the-oldest-resident-of-the-zlatibor-region-grandpa-petar-passes-away-at-101\/\" target=\"_blank\" rel=\"noopener\" title=\"\">BORN ON CHRISTMAS, DIED ON CHRISTMAS EVE: The Oldest Resident of the Zlatibor Region, Grandpa Petar, Passes Away at 101!<\/a><\/strong><\/p>\n\n\n\n<p><strong><a href=\"https:\/\/serbiantimes.info\/en\/without-power-since-christmas-eve-residents-of-krupanj-villages-furious-at-the-state-elderly-sick-and-children-at-risk\/\" target=\"_blank\" rel=\"noopener\" title=\"\">WITHOUT POWER SINCE CHRISTMAS EVE: Residents of Krupanj Villages Furious at the State, Elderly, Sick, and Children at Risk!<\/a><\/strong><\/p>\n\n\n\n<p><strong><a href=\"https:\/\/serbiantimes.info\/en\/u-s-senate-considers-bill-to-impose-500-tariffs-on-countries-continuing-to-buy-russian-energy\/\" target=\"_blank\" rel=\"noopener\" title=\"\">U.S. SENATE CONSIDERS BILL TO IMPOSE 500% TARIFFS ON COUNTRIES CONTINUING TO BUY RUSSIAN ENERGY<\/a><\/strong><\/p>\n\n\n\n<p><strong><a href=\"https:\/\/serbiantimes.info\/en\/total-economic-colonization-venezuela-will-buy-exclusively-products-made-in-the-usa\/\" target=\"_blank\" rel=\"noopener\" title=\"\">\u201cTOTAL ECONOMIC COLONIZATION\u201d: Venezuela will buy exclusively products made in the USA!<\/a><\/strong><\/p>\n\n\n\n<p><strong><a href=\"https:\/\/serbiantimes.info\/en\/tucker-carlson-warns-america-is-preparing-for-a-world-war-this-trump-decision-proves-it-video\/\" target=\"_blank\" rel=\"noopener\" title=\"\">TUCKER CARLSON WARNS: America is preparing for a World war, this Trump decision proves it! (VIDEO)<\/a><\/strong><\/p>\n\n\n\n<p><strong>Source: <\/strong>Nova, <strong>Foto <\/strong>: An\u0111elko Vasiljevi\u0107<\/p>\n","protected":false},"excerpt":{"rendered":"<p>Minister of Culture Nikola Selakovi\u0107 has been accused, along with three others, of abuse of office and falsification of official documents in the \u201cGeneral Staff\u201d case. As part of the investigation by the Public Prosecutor\u2019s Office for Organized Crime, their mobile phones and communications were examined, and we reveal the details here. According to the [&hellip;]<\/p>\n","protected":false},"author":2169,"featured_media":197810,"comment_status":"open","ping_status":"open","sticky":false,"template":"","format":"standard","meta":{"newspack_featured_image_position":"","newspack_post_subtitle":"","newspack_article_summary_title":"Overview:","newspack_article_summary":"","newspack_hide_updated_date":false,"newspack_show_updated_date":false,"footnotes":""},"categories":[7],"tags":[8475,4414,4354,9248,10637,10638],"class_list":["post-197809","post","type-post","status-publish","format-standard","has-post-thumbnail","hentry","category-serbia","tag-afera","tag-generalstab","tag-krivicno-delo","tag-nikola-selakovic","tag-viber","tag-vocap","entry"],"aioseo_notices":[],"distributor_meta":false,"distributor_terms":false,"distributor_media":false,"distributor_original_site_name":"Serbiantimes.info EN","distributor_original_site_url":"https:\/\/serbiantimes.info\/en","push-errors":false,"_links":{"self":[{"href":"https:\/\/serbiantimes.info\/en\/wp-json\/wp\/v2\/posts\/197809","targetHints":{"allow":["GET"]}}],"collection":[{"href":"https:\/\/serbiantimes.info\/en\/wp-json\/wp\/v2\/posts"}],"about":[{"href":"https:\/\/serbiantimes.info\/en\/wp-json\/wp\/v2\/types\/post"}],"author":[{"embeddable":true,"href":"https:\/\/serbiantimes.info\/en\/wp-json\/wp\/v2\/users\/2169"}],"replies":[{"embeddable":true,"href":"https:\/\/serbiantimes.info\/en\/wp-json\/wp\/v2\/comments?post=197809"}],"version-history":[{"count":2,"href":"https:\/\/serbiantimes.info\/en\/wp-json\/wp\/v2\/posts\/197809\/revisions"}],"predecessor-version":[{"id":197829,"href":"https:\/\/serbiantimes.info\/en\/wp-json\/wp\/v2\/posts\/197809\/revisions\/197829"}],"wp:featuredmedia":[{"embeddable":true,"href":"https:\/\/serbiantimes.info\/en\/wp-json\/wp\/v2\/media\/197810"}],"wp:attachment":[{"href":"https:\/\/serbiantimes.info\/en\/wp-json\/wp\/v2\/media?parent=197809"}],"wp:term":[{"taxonomy":"category","embeddable":true,"href":"https:\/\/serbiantimes.info\/en\/wp-json\/wp\/v2\/categories?post=197809"},{"taxonomy":"post_tag","embeddable":true,"href":"https:\/\/serbiantimes.info\/en\/wp-json\/wp\/v2\/tags?post=197809"}],"curies":[{"name":"wp","href":"https:\/\/api.w.org\/{rel}","templated":true}]}}