{"id":197806,"date":"2026-01-10T13:43:27","date_gmt":"2026-01-10T11:43:27","guid":{"rendered":"https:\/\/serbiantimes.info\/en\/?p=197806"},"modified":"2026-01-10T13:43:31","modified_gmt":"2026-01-10T11:43:31","slug":"students-cleared-snow-in-front-of-clinical-center-we-tell-the-directors-of-public-utility-companies-to-enjoy-their-chairs-while-they-still-can","status":"publish","type":"post","link":"https:\/\/serbiantimes.info\/en\/students-cleared-snow-in-front-of-clinical-center-we-tell-the-directors-of-public-utility-companies-to-enjoy-their-chairs-while-they-still-can\/","title":{"rendered":"STUDENTS CLEARED SNOW IN FRONT OF CLINICAL CENTER: \u201cWe tell the directors of public utility companies to enjoy their chairs while they still can\u201d"},"content":{"rendered":"\n<p>Students occupying the Faculty of Medicine in Belgrade announced today that the access points to most clinics within the University Clinical Center of Serbia have been cleared of snow and ice.<\/p>\n\n\n\n<p>This morning, the students organized a snow-clearing action at several locations across the city, including the Clinical Center, prioritizing access to hospitals and health centers, pathways for the visually impaired, sidewalks, and entrances to buildings.<\/p>\n\n\n\n<blockquote class=\"twitter-tweet\"><p lang=\"und\" dir=\"ltr\">Prilazi najve\u0107em broju klinika u okviru Klini\u010dkog centra su o\u010di\u0161\u0107eni od snega i leda! Hvala svim kolegama i gra\u0111anima koji su se odazvali i pomogli u akciji! A gospodi direktorima javno komunalnih preduze\u0107a poru\u010dujemo da u\u017eivaju u svojim toplim foteljama dok mogu, ne\u0107e jo\u0161 dugo!<\/p>&mdash; MFUBlokadi (@Blokada_Mfub) <a href=\"https:\/\/twitter.com\/Blokada_Mfub\/status\/2009639468358091080?ref_src=twsrc%5Etfw\">January 9, 2026<\/a><\/blockquote> <script async src=\"https:\/\/platform.twitter.com\/widgets.js\" charset=\"utf-8\"><\/script>\n\n\n\n<p>Students of the Faculty of Medicine thanked all colleagues and citizens who responded and helped with the action on the social network X.<\/p>\n\n\n\n<p>\u201cAnd to the directors of public utility companies, we publicly say: enjoy your warm chairs while you still can, because it won\u2019t be for long,\u201d they stated.<\/p>\n\n\n\n<h4 class=\"wp-block-heading\"><mark style=\"background-color:#FFFFFF;color:#d21414\" class=\"has-inline-color\">MORE TOPICS:<\/mark><\/h4>\n\n\n\n<p><strong><a href=\"https:\/\/serbiantimes.info\/en\/born-on-christmas-died-on-christmas-eve-the-oldest-resident-of-the-zlatibor-region-grandpa-petar-passes-away-at-101\/\" target=\"_blank\" rel=\"noopener\" title=\"\">BORN ON CHRISTMAS, DIED ON CHRISTMAS EVE: The Oldest Resident of the Zlatibor Region, Grandpa Petar, Passes Away at 101!<\/a><\/strong><\/p>\n\n\n\n<p><strong><a href=\"https:\/\/serbiantimes.info\/en\/without-power-since-christmas-eve-residents-of-krupanj-villages-furious-at-the-state-elderly-sick-and-children-at-risk\/\" target=\"_blank\" rel=\"noopener\" title=\"\">WITHOUT POWER SINCE CHRISTMAS EVE: Residents of Krupanj Villages Furious at the State, Elderly, Sick, and Children at Risk!<\/a><\/strong><\/p>\n\n\n\n<p><strong><a href=\"https:\/\/serbiantimes.info\/en\/u-s-senate-considers-bill-to-impose-500-tariffs-on-countries-continuing-to-buy-russian-energy\/\" target=\"_blank\" rel=\"noopener\" title=\"\">U.S. SENATE CONSIDERS BILL TO IMPOSE 500% TARIFFS ON COUNTRIES CONTINUING TO BUY RUSSIAN ENERGY<\/a><\/strong><\/p>\n\n\n\n<p><strong><a href=\"https:\/\/serbiantimes.info\/en\/total-economic-colonization-venezuela-will-buy-exclusively-products-made-in-the-usa\/\" target=\"_blank\" rel=\"noopener\" title=\"\">\u201cTOTAL ECONOMIC COLONIZATION\u201d: Venezuela will buy exclusively products made in the USA!<\/a><\/strong><\/p>\n\n\n\n<p><strong><a href=\"https:\/\/serbiantimes.info\/en\/tucker-carlson-warns-america-is-preparing-for-a-world-war-this-trump-decision-proves-it-video\/\" target=\"_blank\" rel=\"noopener\" title=\"\">TUCKER CARLSON WARNS: America is preparing for a World war, this Trump decision proves it! (VIDEO)<\/a><\/strong><\/p>\n\n\n\n<p><strong>Source: <\/strong>N1, <strong>Foto:<\/strong> N1<\/p>\n","protected":false},"excerpt":{"rendered":"<p>Students occupying the Faculty of Medicine in Belgrade announced today that the access points to most clinics within the University Clinical Center of Serbia have been cleared of snow and ice. This morning, the students organized a snow-clearing action at several locations across the city, including the Clinical Center, prioritizing access to hospitals and health [&hellip;]<\/p>\n","protected":false},"author":2169,"featured_media":197807,"comment_status":"open","ping_status":"open","sticky":false,"template":"","format":"standard","meta":{"newspack_featured_image_position":"","newspack_post_subtitle":"","newspack_article_summary_title":"Overview:","newspack_article_summary":"","newspack_hide_updated_date":false,"newspack_show_updated_date":false,"footnotes":""},"categories":[7],"tags":[253,10635,10636,2294,113,4837],"class_list":["post-197806","post","type-post","status-publish","format-standard","has-post-thumbnail","hentry","category-serbia","tag-beograd","tag-ciscenje-snega","tag-direktori-jkp","tag-klinicki-centar","tag-srbija","tag-studenti-u-blokadi","entry"],"aioseo_notices":[],"distributor_meta":false,"distributor_terms":false,"distributor_media":false,"distributor_original_site_name":"Serbiantimes.info EN","distributor_original_site_url":"https:\/\/serbiantimes.info\/en","push-errors":false,"_links":{"self":[{"href":"https:\/\/serbiantimes.info\/en\/wp-json\/wp\/v2\/posts\/197806","targetHints":{"allow":["GET"]}}],"collection":[{"href":"https:\/\/serbiantimes.info\/en\/wp-json\/wp\/v2\/posts"}],"about":[{"href":"https:\/\/serbiantimes.info\/en\/wp-json\/wp\/v2\/types\/post"}],"author":[{"embeddable":true,"href":"https:\/\/serbiantimes.info\/en\/wp-json\/wp\/v2\/users\/2169"}],"replies":[{"embeddable":true,"href":"https:\/\/serbiantimes.info\/en\/wp-json\/wp\/v2\/comments?post=197806"}],"version-history":[{"count":2,"href":"https:\/\/serbiantimes.info\/en\/wp-json\/wp\/v2\/posts\/197806\/revisions"}],"predecessor-version":[{"id":197826,"href":"https:\/\/serbiantimes.info\/en\/wp-json\/wp\/v2\/posts\/197806\/revisions\/197826"}],"wp:featuredmedia":[{"embeddable":true,"href":"https:\/\/serbiantimes.info\/en\/wp-json\/wp\/v2\/media\/197807"}],"wp:attachment":[{"href":"https:\/\/serbiantimes.info\/en\/wp-json\/wp\/v2\/media?parent=197806"}],"wp:term":[{"taxonomy":"category","embeddable":true,"href":"https:\/\/serbiantimes.info\/en\/wp-json\/wp\/v2\/categories?post=197806"},{"taxonomy":"post_tag","embeddable":true,"href":"https:\/\/serbiantimes.info\/en\/wp-json\/wp\/v2\/tags?post=197806"}],"curies":[{"name":"wp","href":"https:\/\/api.w.org\/{rel}","templated":true}]}}