{"id":197179,"date":"2026-01-04T12:04:41","date_gmt":"2026-01-04T10:04:41","guid":{"rendered":"https:\/\/serbiantimes.info\/en\/?p=197179"},"modified":"2026-01-04T12:04:44","modified_gmt":"2026-01-04T10:04:44","slug":"maduro-landed-in-new-york-as-an-american-prisoner-his-fingerprints-taken-he-and-his-wife-to-be-placed-in-the-worst-prison-video","status":"publish","type":"post","link":"https:\/\/serbiantimes.info\/en\/maduro-landed-in-new-york-as-an-american-prisoner-his-fingerprints-taken-he-and-his-wife-to-be-placed-in-the-worst-prison-video\/","title":{"rendered":"MADURO LANDED IN NEW YORK AS AN AMERICAN PRISONER: His fingerprints taken, he and his wife to be placed in the worst prison! (VIDEO)"},"content":{"rendered":"\n<p>The aircraft carrying the captured President of Venezuela, Nicol\u00e1s Maduro, and his wife, Cilia Flores, landed at Stewart National Guard Base in New York following an extensive operation by U.S. forces in Caracas.<\/p>\n\n\n\n<p>Nicol\u00e1s Maduro and Cilia Flores were pulled from their bedroom during the night in an operation carried out by the U.S. military. Maduro is expected to face charges of drug and arms trafficking before a federal court in Manhattan as early as next week.<\/p>\n\n\n\n<p>Fingerprints and photographs, then prison uniforms<\/p>\n\n\n\n<p>Immediately after landing, the process of taking fingerprints, photographs, and conducting medical examinations began. Cilia Flores was held longer in the hangar for additional medical checks.<\/p>\n\n\n\n<p>The couple will be transferred to the Metropolitan Detention Center (MDC), a detention facility in New York. According to analysts, they will be treated as prisoners under \u201cSpecial Administrative Measures\u201d (SAMs), which entail high security and likely isolation.<\/p>\n\n\n\n<figure class=\"wp-block-image size-full\"><img loading=\"lazy\" decoding=\"async\" width=\"992\" height=\"558\" src=\"http:\/\/serbiantimes.info\/wp-content\/uploads\/sites\/2\/2026\/01\/Maduro-sleteo-u-Ameriku-ABC-News.jpg\" alt=\"\" class=\"wp-image-197180\" srcset=\"https:\/\/serbiantimes.info\/en\/wp-content\/uploads\/sites\/2\/2026\/01\/Maduro-sleteo-u-Ameriku-ABC-News.jpg 992w, https:\/\/serbiantimes.info\/en\/wp-content\/uploads\/sites\/2\/2026\/01\/Maduro-sleteo-u-Ameriku-ABC-News-300x169.jpg 300w, https:\/\/serbiantimes.info\/en\/wp-content\/uploads\/sites\/2\/2026\/01\/Maduro-sleteo-u-Ameriku-ABC-News-768x432.jpg 768w\" sizes=\"auto, (max-width: 992px) 100vw, 992px\" \/><\/figure>\n\n\n\n<p>Experts point out that this will be a huge shock for Maduro, who lived in luxury, while the MDC is a prison often criticized for poor conditions and a lack of adequate medical care.<br><\/p>\n\n\n\n<figure class=\"wp-block-embed is-type-wp-embed is-provider-serbiantimes-info wp-block-embed-serbiantimes-info\"><div class=\"wp-block-embed__wrapper\">\n<blockquote class=\"wp-embedded-content\" data-secret=\"n5fSS80bom\"><a href=\"https:\/\/serbiantimes.info\/ekskluzivni-snimci-madura-uhapsila-jedinica-delta-fors-cije-postojanje-sad-nikad-nisu-potvrdile-evo-kako-su-tenkovi-upali-u-predsednicku-palatu-video\/\">EKSKLUZIVNI SNIMCI: Madura uhapsila jedinica &#8222;Delta fors&#8220;, \u010dije postojanje SAD nikad nisu potvrdile! Evo kako su tenkovi upali u predsedni\u010dku palatu (VIDEO)<\/a><\/blockquote><iframe loading=\"lazy\" class=\"wp-embedded-content\" sandbox=\"allow-scripts\" security=\"restricted\" style=\"position: absolute; visibility: hidden;\" title=\"&#132;EKSKLUZIVNI SNIMCI: Madura uhapsila jedinica &#8222;Delta fors&#8220;, \u010dije postojanje SAD nikad nisu potvrdile! Evo kako su tenkovi upali u predsedni\u010dku palatu (VIDEO)&#147; &#8212; Serbiantimes.info\" src=\"https:\/\/serbiantimes.info\/ekskluzivni-snimci-madura-uhapsila-jedinica-delta-fors-cije-postojanje-sad-nikad-nisu-potvrdile-evo-kako-su-tenkovi-upali-u-predsednicku-palatu-video\/embed\/#?secret=cy4pwch7GJ#?secret=n5fSS80bom\" data-secret=\"n5fSS80bom\" width=\"500\" height=\"282\" frameborder=\"0\" marginwidth=\"0\" marginheight=\"0\" scrolling=\"no\"><\/iframe>\n<\/div><\/figure>\n\n\n\n<h3 class=\"wp-block-heading\">Trump\u2019s plan: Energy and security<\/h3>\n\n\n\n<p>President Donald Trump laid out a sharp vision for the future of Venezuela:<\/p>\n\n\n\n<p>Interim administration: The United States will practically \u201crun the country\u201d until a \u201creasonable transition\u201d is carried out.<\/p>\n\n\n\n<figure class=\"wp-block-image size-full\"><img loading=\"lazy\" decoding=\"async\" width=\"520\" height=\"350\" src=\"http:\/\/serbiantimes.info\/wp-content\/uploads\/sites\/2\/2026\/01\/refgrhtd2.jpg\" alt=\"\" class=\"wp-image-197181\" srcset=\"https:\/\/serbiantimes.info\/en\/wp-content\/uploads\/sites\/2\/2026\/01\/refgrhtd2.jpg 520w, https:\/\/serbiantimes.info\/en\/wp-content\/uploads\/sites\/2\/2026\/01\/refgrhtd2-300x202.jpg 300w\" sizes=\"auto, (max-width: 520px) 100vw, 520px\" \/><\/figure>\n\n\n\n<p>Oil reserves: Trump announced the takeover of Venezuela\u2019s vast oil reserves. The plan is to engage American companies to restore the devastated industry, while the U.S. military would be responsible for securing the oil fields.<\/p>\n\n\n\n<p>Political uncertainty: Divisions and reactions<\/p>\n\n\n\n<p>The situation in Venezuela and around the world is tense:<\/p>\n\n\n\n<p>Opposition: Opposition leader Mar\u00eda Corina Machado (Nobel Peace Prize laureate) is calling for the takeover of power, claiming that Edmundo Gonz\u00e1lez won the 2024 elections with 67% of the vote.<\/p>\n\n\n\n<p>Trump\u2019s doubt: Surprisingly, Trump stated that he does not believe Machado has the necessary support or respect to lead the country.<\/p>\n\n\n\n<p>Diplomatic activity: Vice President Delcy Rodr\u00edguez is demanding Maduro\u2019s release, while countries such as Argentina, Paraguay, and France are expressing support for the \u201crestoration of the will of the people.\u201d<\/p>\n\n\n\n<p>Celebration and fear: While celebrations are taking place in South Florida (among the Venezuelan diaspora), great anxiety prevails in Caracas over what tomorrow will bring.<\/p>\n\n\n\n<figure class=\"wp-block-embed is-type-wp-embed is-provider-serbiantimes-info wp-block-embed-serbiantimes-info\"><div class=\"wp-block-embed__wrapper\">\n<blockquote class=\"wp-embedded-content\" data-secret=\"8BSbte3ZLD\"><a href=\"https:\/\/serbiantimes.info\/ekskluzivno-srbin-na-bozicnom-prijemu-u-beloj-kuci-filip-je-bio-medju-retkima-koje-je-tramp-pozvao-na-druzenje-evo-sta-je-video-i-doziveo-videofoto-galerija\/\">EKSKLUZIVNO, SRBIN NA BO\u017dI\u0106NOM PRIJEMU U BELOJ KU\u0106I: Filip je bio me\u0111u retkima koje je Tramp pozvao na dru\u017eenje! Evo \u0161ta je video i do\u017eiveo&#8230;(VIDEO+FOTO GALERIJA)<\/a><\/blockquote><iframe loading=\"lazy\" class=\"wp-embedded-content\" sandbox=\"allow-scripts\" security=\"restricted\" style=\"position: absolute; visibility: hidden;\" title=\"&#132;EKSKLUZIVNO, SRBIN NA BO\u017dI\u0106NOM PRIJEMU U BELOJ KU\u0106I: Filip je bio me\u0111u retkima koje je Tramp pozvao na dru\u017eenje! Evo \u0161ta je video i do\u017eiveo&#8230;(VIDEO+FOTO GALERIJA)&#147; &#8212; Serbiantimes.info\" src=\"https:\/\/serbiantimes.info\/ekskluzivno-srbin-na-bozicnom-prijemu-u-beloj-kuci-filip-je-bio-medju-retkima-koje-je-tramp-pozvao-na-druzenje-evo-sta-je-video-i-doziveo-videofoto-galerija\/embed\/#?secret=bj9rM4reOT#?secret=8BSbte3ZLD\" data-secret=\"8BSbte3ZLD\" width=\"500\" height=\"282\" frameborder=\"0\" marginwidth=\"0\" marginheight=\"0\" scrolling=\"no\"><\/iframe>\n<\/div><\/figure>\n\n\n\n<h3 class=\"wp-block-heading\"><mark style=\"background-color:#FFFFFF;color:#d21414\" class=\"has-inline-color\">FIND OUT MORE:<\/mark><\/h3>\n\n\n\n<p><strong><a href=\"https:\/\/serbiantimes.info\/en\/sad-death-of-serbian-onlyfans-star-girl-who-died-during-intimate-relations-was-known-on-adult-platform-new-details-emerge\/\" target=\"_blank\" rel=\"noopener\" title=\"\">SAD DEATH OF SERBIAN \u201cONLYFANS\u201d STAR: Girl who died during intimate relations was known on adult platform; new details emerge\u2026<\/a><\/strong><\/p>\n\n\n\n<p><strong><a href=\"https:\/\/serbiantimes.info\/en\/latest-news-four-serbs-among-the-injured-in-crans-montana-fire-stefan-31-still-missing-video\/\" target=\"_blank\" rel=\"noopener\" title=\"\">LATEST NEWS: Four Serbs Among the Injured in Crans-Montana Fire; Stefan (31) Still Missing! (VIDEO)<\/a><\/strong><\/p>\n\n\n\n<p><strong><a href=\"https:\/\/serbiantimes.info\/en\/the-manager-shares-good-news-serbian-rising-nba-star-nikola-topic-completes-chemotherapy-and-begins-return-to-training\/\" target=\"_blank\" rel=\"noopener\" title=\"\">THE MANAGER SHARES GOOD NEWS: Serbian Rising NBA star Nikola Topi\u0107 Completes Chemotherapy and Begins Return to Training!<\/a><\/strong><\/p>\n\n\n\n<p><strong>Source:<\/strong> <em>CNN (John Miller, Sydney Bishop, Sara Sidner)<\/em><\/p>\n","protected":false},"excerpt":{"rendered":"<p>The aircraft carrying the captured President of Venezuela, Nicol\u00e1s Maduro, and his wife, Cilia Flores, landed at Stewart National Guard Base in New York following an extensive operation by U.S. forces in Caracas. Nicol\u00e1s Maduro and Cilia Flores were pulled from their bedroom during the night in an operation carried out by the U.S. military. [&hellip;]<\/p>\n","protected":false},"author":8,"featured_media":197182,"comment_status":"open","ping_status":"open","sticky":false,"template":"","format":"standard","meta":{"newspack_featured_image_position":"","newspack_post_subtitle":"","newspack_article_summary_title":"Overview:","newspack_article_summary":"","newspack_hide_updated_date":false,"newspack_show_updated_date":false,"footnotes":""},"categories":[70],"tags":[24,10547,4112,8382],"class_list":["post-197179","post","type-post","status-publish","format-standard","has-post-thumbnail","hentry","category-aktuelno","tag-donald-tramp","tag-hapsenje-madura","tag-nafta","tag-nikolas-maduro","entry"],"aioseo_notices":[],"distributor_meta":false,"distributor_terms":false,"distributor_media":false,"distributor_original_site_name":"Serbiantimes.info EN","distributor_original_site_url":"https:\/\/serbiantimes.info\/en","push-errors":false,"_links":{"self":[{"href":"https:\/\/serbiantimes.info\/en\/wp-json\/wp\/v2\/posts\/197179","targetHints":{"allow":["GET"]}}],"collection":[{"href":"https:\/\/serbiantimes.info\/en\/wp-json\/wp\/v2\/posts"}],"about":[{"href":"https:\/\/serbiantimes.info\/en\/wp-json\/wp\/v2\/types\/post"}],"author":[{"embeddable":true,"href":"https:\/\/serbiantimes.info\/en\/wp-json\/wp\/v2\/users\/8"}],"replies":[{"embeddable":true,"href":"https:\/\/serbiantimes.info\/en\/wp-json\/wp\/v2\/comments?post=197179"}],"version-history":[{"count":3,"href":"https:\/\/serbiantimes.info\/en\/wp-json\/wp\/v2\/posts\/197179\/revisions"}],"predecessor-version":[{"id":197218,"href":"https:\/\/serbiantimes.info\/en\/wp-json\/wp\/v2\/posts\/197179\/revisions\/197218"}],"wp:featuredmedia":[{"embeddable":true,"href":"https:\/\/serbiantimes.info\/en\/wp-json\/wp\/v2\/media\/197182"}],"wp:attachment":[{"href":"https:\/\/serbiantimes.info\/en\/wp-json\/wp\/v2\/media?parent=197179"}],"wp:term":[{"taxonomy":"category","embeddable":true,"href":"https:\/\/serbiantimes.info\/en\/wp-json\/wp\/v2\/categories?post=197179"},{"taxonomy":"post_tag","embeddable":true,"href":"https:\/\/serbiantimes.info\/en\/wp-json\/wp\/v2\/tags?post=197179"}],"curies":[{"name":"wp","href":"https:\/\/api.w.org\/{rel}","templated":true}]}}