{"id":197077,"date":"2026-01-03T15:24:37","date_gmt":"2026-01-03T13:24:37","guid":{"rendered":"https:\/\/serbiantimes.info\/en\/?p=197077"},"modified":"2026-01-03T15:24:39","modified_gmt":"2026-01-03T13:24:39","slug":"the-same-name-but-different-fates-a-film-like-story-about-two-serbian-boys-whom-the-famous-diana-saved-from-camps-and-the-ustase-photo","status":"publish","type":"post","link":"https:\/\/serbiantimes.info\/en\/the-same-name-but-different-fates-a-film-like-story-about-two-serbian-boys-whom-the-famous-diana-saved-from-camps-and-the-ustase-photo\/","title":{"rendered":"THE SAME NAME, BUT DIFFERENT FATES: A film-like story about two Serbian boys whom the famous Diana saved from camps and the Usta\u0161e! (PHOTO)"},"content":{"rendered":"\n<p>\u017divko Ivan\u010devi\u0107, the son of father Ljuboj and mother Smilja, a Serb from Croatia, was separated from his parents as a five-year-old and sent to the children\u2019s camp in Sisak, in the Independent State of Croatia (NDH), and from there, thanks to the \u201cDiana Budisavljevi\u0107 Action,\u201d transferred to the Zagreb Institute for Deaf-Mute Children. From there he went to a foster family. But this is not the fate of one \u017divko, but of two men with the same name!<\/p>\n\n\n\n<p>One of them was adopted by the Zelenbrz family from Zagreb, and his name and data were found on Diana\u2019s list of children placed at the Institute for Deaf-Mute Children. The list has been kept at the Museum of Genocide Victims since last year, and \u017divko Zelenbrz was recently a guest in Belgrade and Novi Sad. Until recently, he knew nothing about himself, except that he was a Serbian child raised by a Zagreb family. From the period before that, he has only a metal tag with the number 1128. On Diana\u2019s list it says that he is \u017divko Ivan\u010devi\u0107.<\/p>\n\n\n\n<figure class=\"wp-block-image size-full\"><a href=\"http:\/\/serbiantimes.info\/wp-content\/uploads\/2024\/03\/image-65.png\"><img loading=\"lazy\" decoding=\"async\" width=\"770\" height=\"157\" src=\"http:\/\/serbiantimes.info\/wp-content\/uploads\/sites\/2\/2026\/01\/image-65.png\" alt=\"\" class=\"wp-image-197078\" srcset=\"https:\/\/serbiantimes.info\/en\/wp-content\/uploads\/sites\/2\/2026\/01\/image-65.png 770w, https:\/\/serbiantimes.info\/en\/wp-content\/uploads\/sites\/2\/2026\/01\/image-65-300x61.png 300w, https:\/\/serbiantimes.info\/en\/wp-content\/uploads\/sites\/2\/2026\/01\/image-65-768x157.png 768w\" sizes=\"auto, (max-width: 770px) 100vw, 770px\" \/><\/a><\/figure>\n\n\n\n<p>The other \u017divko Ivan\u010devi\u0107 is 88 years old, from Lisi\u010dine, Vo\u0107in municipality, and today lives in In\u0111ija with his wife Saveta. They have been married for 67 years. His birth certificate from Vo\u0107in states that he was born on August 28, 1936, to father Ljubomir and mother Smilja, so only recently, when his birth certificate arrived, did he learn that his father\u2019s name was not Ljuboje. He too went through the camp in Sisak, and his mother Smilja was taken to a labor camp in Germany, while his father was killed in Jasenovac. He was also at the Institute for Deaf-Mute Children, from where he was sent to the Forugla\u0161 family across the Drava River, to the village of \u017ddala. But unlike the first \u017divko, who remained Zelenbrz his entire life, his mother found him after the war and brought him back home, to Lisi\u010dine. There he lived and worked in the local Forestry Office until December 13, 1991, when he fled. He then lived in Tenja for six years and worked in a cooperative. After that he moved to Be\u0161ka to live with his younger daughter, and then to In\u0111ija, on the very day of the NATO bombing in 1999.<\/p>\n\n\n\n<p>Which \u017divko is the real one? This one or the one from Diana\u2019s list? Did the person who recorded the saved children make a mistake, or were there two \u017divko Ivan\u010devi\u0107s whose fates were mixed up? Are they perhaps brothers or more distant relatives? All of this could be proven by a DNA analysis, which \u017divko from In\u0111ija, as he confirmed to us, is ready for.<\/p>\n\n\n\n<figure class=\"wp-block-image size-full is-resized\"><a href=\"http:\/\/serbiantimes.info\/wp-content\/uploads\/2024\/03\/image-66.png\"><img loading=\"lazy\" decoding=\"async\" width=\"330\" height=\"435\" src=\"http:\/\/serbiantimes.info\/wp-content\/uploads\/sites\/2\/2026\/01\/image-66.png\" alt=\"\" class=\"wp-image-197079\" style=\"width:835px;height:auto\" srcset=\"https:\/\/serbiantimes.info\/en\/wp-content\/uploads\/sites\/2\/2026\/01\/image-66.png 330w, https:\/\/serbiantimes.info\/en\/wp-content\/uploads\/sites\/2\/2026\/01\/image-66-228x300.png 228w\" sizes=\"auto, (max-width: 330px) 100vw, 330px\" \/><\/a><\/figure>\n\n\n\n<p>\u201cI had a brother, Sreta, who died at the age of three, before the war. I don\u2019t know that I had other brothers, but I would like to meet that \u017divko. I am also ready to give blood for analysis, if it will prove that my mother is really my mother, or perhaps to see whether that \u017divko and I are related,\u201d says \u017divko from In\u0111ija.<\/p>\n\n\n\n<p>His life story is also film-like. At the beginning of the war, they fled from the Usta\u0161e from Lisi\u010dine and reached the village of Nova Krivaja, where they were captured. They were transferred to Oku\u010dani, then to Stara Gradi\u0161ka, where both of his grandmothers were killed, and further to Sisak, where he was separated from his mother and sent to Zagreb.<\/p>\n\n\n\n<p>\u201cI was very ill with typhus, so I did not immediately go to a family in Zagorje, like the others from my group. I waited for the children from Bosnia and was transferred with them to the village of \u017ddala. Paveli\u0107\u2019s wife was from there. I lived there for four years with Ivan and Maru\u0161a Forgula\u0161, until 1946. I went to school. I kept my name and surname, but they took me to the Catholic church, and I threw flowers at Paveli\u0107 at school. Those people took wonderful care of me, and when my mother came back from the camp, I didn\u2019t want to go with her at first. To be honest, I didn\u2019t even recognize my mother. I only know that she cried when she saw me. We had to get used to each other again. These other parents of mine from \u017ddala helped us. They sent piglets and flour, visited me. They offered to be godparents when I got married. They came to the wedding when my older daughter got married, and I went to a wedding of their granddaughter, in Zagreb,\u201d \u017divko recounts.<\/p>\n\n\n\n<figure class=\"wp-block-image size-large\"><a href=\"http:\/\/serbiantimes.info\/wp-content\/uploads\/2024\/03\/image-67.png\"><img loading=\"lazy\" decoding=\"async\" width=\"717\" height=\"1024\" src=\"http:\/\/serbiantimes.info\/wp-content\/uploads\/sites\/2\/2026\/01\/image-67-717x1024.png\" alt=\"\" class=\"wp-image-197080\" srcset=\"https:\/\/serbiantimes.info\/en\/wp-content\/uploads\/sites\/2\/2026\/01\/image-67-717x1024.png 717w, https:\/\/serbiantimes.info\/en\/wp-content\/uploads\/sites\/2\/2026\/01\/image-67-210x300.png 210w, https:\/\/serbiantimes.info\/en\/wp-content\/uploads\/sites\/2\/2026\/01\/image-67-768x1097.png 768w, https:\/\/serbiantimes.info\/en\/wp-content\/uploads\/sites\/2\/2026\/01\/image-67.png 770w\" sizes=\"auto, (max-width: 717px) 100vw, 717px\" \/><\/a><\/figure>\n\n\n\n<p>He still remembers that he and his mother lived in great poverty after the war, that they were often hungry, and that his mother was arrested because she did not want to join a cooperative. Recently, he visited her grave in Lisi\u010dine with his daughters.<\/p>\n\n\n\n<p>\u201cThe trip exhausted me, it\u2019s far away, I think that was my last visit,\u201d says \u017divko.<\/p>\n\n\n\n<p>According to Jasmina Tutunovi\u0107 Trifunov from the Museum of Genocide Victims, employees are currently checking available documents to see whether another child with the same name, surname, and parents\u2019 personal data as \u017divko Ivan\u010devi\u0107, who according to the papers was adopted by the Zelenbrz family, was recorded.<\/p>\n\n\n\n<p>\u201cIt happened that during the copying of various records, errors unintentionally crept in, which still happens today in all databases, especially in wartime circumstances,\u201d our interlocutor says. \u201cWe have already had cases where two children had identical names and surnames, even though they came from different families. That is why it is necessary to carefully check the data, since in the end it always turns out that some detail differs.\u201d<\/p>\n\n\n\n<p>There were also examples where one child died and another, with exactly the same name, survived. There were also cases where a person had a twin they did not know about, who was killed or died in the war, and only learned about a brother or sister when they began searching for records. This happened especially with very young children, those born while fleeing or in camps.<\/p>\n\n\n\n<p>A collection that might help the Museum of Genocide Victims determine the fate of both \u017divkos is the personal archive of Dragoje Luki\u0107. For three full decades, he dealt with the suffering of children and helped survivors find family members. Luki\u0107 himself, as a war child who survived a camp, searched for his brothers and sisters.<\/p>\n\n\n\n<p>If, however, data in the archives cannot be found, \u017divko from In\u0111ija is ready to meet \u017divko from Zagreb and determine through personal experience whether life truly writes novels.<\/p>\n\n\n\n<p>\u0160TRBAC FIRST MET \u017dIVKO<\/p>\n\n\n\n<p>Savo \u0160trbac from the Documentation and Information Center \u201cVeritas,\u201d who first made contact with \u017divko from In\u0111ija, says that both \u017divkos survived enormous horrors and were fortunate to be taken in and cared for by normal people in abnormal times:<\/p>\n\n\n\n<p>\u201cI believe that \u017divko Ivan\u010devi\u0107 from In\u0111ija is the \u2018real\u2019 one, because he has carried that name his entire life. He never had a number. That, however, does not diminish the importance of Diana\u2019s list, and I hope that the full truth about the origin of both \u017divkos will be established.\u201d<\/p>\n\n\n\n<h4 class=\"wp-block-heading\"><mark style=\"background-color:#FFFFFF;color:#d21414\" class=\"has-inline-color\">FIND OUT MORE:<\/mark><\/h4>\n\n\n\n<p><strong><a href=\"https:\/\/serbiantimes.info\/en\/sad-death-of-serbian-onlyfans-star-girl-who-died-during-intimate-relations-was-known-on-adult-platform-new-details-emerge\/\" target=\"_blank\" rel=\"noopener\" title=\"\">SAD DEATH OF SERBIAN \u201cONLYFANS\u201d STAR: Girl who died during intimate relations was known on adult platform; new details emerge\u2026<\/a><\/strong><\/p>\n\n\n\n<p><strong><a href=\"https:\/\/serbiantimes.info\/en\/latest-news-four-serbs-among-the-injured-in-crans-montana-fire-stefan-31-still-missing-video\/\" target=\"_blank\" rel=\"noopener\" title=\"\">LATEST NEWS: Four Serbs Among the Injured in Crans-Montana Fire; Stefan (31) Still Missing! (VIDEO)<\/a><\/strong><\/p>\n\n\n\n<p><strong><a href=\"https:\/\/serbiantimes.info\/en\/the-manager-shares-good-news-serbian-rising-nba-star-nikola-topic-completes-chemotherapy-and-begins-return-to-training\/\" target=\"_blank\" rel=\"noopener\" title=\"\">THE MANAGER SHARES GOOD NEWS: Serbian Rising NBA star Nikola Topi\u0107 Completes Chemotherapy and Begins Return to Training!<\/a><\/strong><\/p>\n\n\n\n<p><strong>Source:<\/strong> <a href=\"https:\/\/www.novosti.rs\/drustvo\/vesti\/1341238\/ime-isto-zivko-sudbine-razlicite-obe-teske-prica-prvog-spasenog-dianinog-deteta-zagreba-dobila-gotovo-filmski-zaplet\" target=\"_blank\" rel=\"noopener\" title=\"\">Novosti<\/a> <strong>Foto<\/strong>: Privatna arhiva; Igor Marinkovi\u0107; Printscreen &#8220;Veritas&#8221;<\/p>\n","protected":false},"excerpt":{"rendered":"<p>\u017divko Ivan\u010devi\u0107, the son of father Ljuboj and mother Smilja, a Serb from Croatia, was separated from his parents as a five-year-old and sent to the children\u2019s camp in Sisak, in the Independent State of Croatia (NDH), and from there, thanks to the \u201cDiana Budisavljevi\u0107 Action,\u201d transferred to the Zagreb Institute for Deaf-Mute Children. From [&hellip;]<\/p>\n","protected":false},"author":2169,"featured_media":197081,"comment_status":"open","ping_status":"open","sticky":false,"template":"","format":"standard","meta":{"newspack_featured_image_position":"","newspack_post_subtitle":"","newspack_article_summary_title":"Overview:","newspack_article_summary":"","newspack_hide_updated_date":false,"newspack_show_updated_date":false,"footnotes":""},"categories":[11],"tags":[1437,117,634,761,5917,3220,10531,113,3224,3043,10532],"class_list":["post-197077","post","type-post","status-publish","format-standard","has-post-thumbnail","hentry","category-history","tag-drugi-svetski-rat","tag-hrvatska","tag-istorija","tag-left","tag-logor","tag-ndh","tag-spisak-dece","tag-srbija","tag-ustase","tag-zagreb","tag-zivko-ivancevic","entry"],"aioseo_notices":[],"distributor_meta":false,"distributor_terms":false,"distributor_media":false,"distributor_original_site_name":"Serbiantimes.info EN","distributor_original_site_url":"https:\/\/serbiantimes.info\/en","push-errors":false,"_links":{"self":[{"href":"https:\/\/serbiantimes.info\/en\/wp-json\/wp\/v2\/posts\/197077","targetHints":{"allow":["GET"]}}],"collection":[{"href":"https:\/\/serbiantimes.info\/en\/wp-json\/wp\/v2\/posts"}],"about":[{"href":"https:\/\/serbiantimes.info\/en\/wp-json\/wp\/v2\/types\/post"}],"author":[{"embeddable":true,"href":"https:\/\/serbiantimes.info\/en\/wp-json\/wp\/v2\/users\/2169"}],"replies":[{"embeddable":true,"href":"https:\/\/serbiantimes.info\/en\/wp-json\/wp\/v2\/comments?post=197077"}],"version-history":[{"count":3,"href":"https:\/\/serbiantimes.info\/en\/wp-json\/wp\/v2\/posts\/197077\/revisions"}],"predecessor-version":[{"id":197135,"href":"https:\/\/serbiantimes.info\/en\/wp-json\/wp\/v2\/posts\/197077\/revisions\/197135"}],"wp:featuredmedia":[{"embeddable":true,"href":"https:\/\/serbiantimes.info\/en\/wp-json\/wp\/v2\/media\/197081"}],"wp:attachment":[{"href":"https:\/\/serbiantimes.info\/en\/wp-json\/wp\/v2\/media?parent=197077"}],"wp:term":[{"taxonomy":"category","embeddable":true,"href":"https:\/\/serbiantimes.info\/en\/wp-json\/wp\/v2\/categories?post=197077"},{"taxonomy":"post_tag","embeddable":true,"href":"https:\/\/serbiantimes.info\/en\/wp-json\/wp\/v2\/tags?post=197077"}],"curies":[{"name":"wp","href":"https:\/\/api.w.org\/{rel}","templated":true}]}}