{"id":196543,"date":"2025-12-27T07:54:30","date_gmt":"2025-12-27T05:54:30","guid":{"rendered":"https:\/\/serbiantimes.info\/en\/?p=196543"},"modified":"2025-12-27T07:54:31","modified_gmt":"2025-12-27T05:54:31","slug":"responsible-for-the-death-of-more-than-6000-serbs-how-serbian-peasants-captured-and-killed-the-ustasa-monster-francetic","status":"publish","type":"post","link":"https:\/\/serbiantimes.info\/en\/responsible-for-the-death-of-more-than-6000-serbs-how-serbian-peasants-captured-and-killed-the-ustasa-monster-francetic\/","title":{"rendered":"RESPONSIBLE FOR THE DEATH OF MORE THAN 6,000 SERBS: How Serbian peasants captured and killed the Usta\u0161a monster Franceti\u0107!"},"content":{"rendered":"\n<p>Jure Franceti\u0107 was the commander of the Black Legion, an Usta\u0161a unit that massacred and killed thousands of Serbs. Wherever he went, Franceti\u0107 left bloody traces of crimes against Serbs.<\/p>\n\n\n\n<p>\u2013 When it comes to his death, some would say that Franceti\u0107 was unlucky. Others will say that there is a God \u2013 it is stated on the Facebook page \u201cInteresting History and Geography,\u201d which recalled Franceti\u0107, his deeds that left horrific consequences, and the way he died.<\/p>\n\n\n\n<p>The plane he was flying in malfunctioned above Slunj. Franceti\u0107 had to land not far from the village of Mo\u010dila. The malfunction was allegedly sabotaged by the Italians.<\/p>\n\n\n\n<p>Franceti\u0107 ordered the assembled peasants, Serbs, to find some transportation for him and the pilot. However, the peasants recognized Franceti\u0107, who was widely known for his atrocities.<\/p>\n\n\n\n<p>\u2013 They tried to capture him, but Franceti\u0107 began firing from a submachine gun. One of the peasants, Petar Trbojevi\u0107, fired an old hunting rifle and hit Franceti\u0107\u2019s submachine gun in the part that holds the magazine. The weapon was disabled and the peasants captured Franceti\u0107 with their bare hands. While he was resisting, one of the peasants struck him on the head with the blunt end of an axe. In a Partisan report, it is stated that this was done by Mile Trbojevi\u0107. Franceti\u0107\u2019s skull cracked \u2013 it is stated on this page.<\/p>\n\n\n\n<p>Soon the Partisans arrived and transported him to Slunj, to the hospital where he was operated on. The Partisans wanted to exchange him for 100 prisoners from Jasenovac. Ante Paveli\u0107 would probably have agreed to release more Jasenovac sufferers, because Franceti\u0107 held the rank of Usta\u0161a general and was extremely well known and popular in the NDH:<\/p>\n\n\n\n<p>\u2013 Franceti\u0107 did not survive. After five days during which he was in a coma, he briefly regained consciousness. He called out for Paveli\u0107, and then on the caps of the Partisans guarding him he saw five-pointed stars. He died on December 27, 1942, not understanding how he had ended up among enemies.<\/p>\n\n\n\n<h4 class=\"wp-block-heading\"><mark style=\"background-color:#FFFFFF;color:#d21414\" class=\"has-inline-color\">FIND OUT MORE:<\/mark><\/h4>\n\n\n\n<figure class=\"wp-block-embed is-type-wp-embed is-provider-serbiantimes-info wp-block-embed-serbiantimes-info\"><div class=\"wp-block-embed__wrapper\">\n<blockquote class=\"wp-embedded-content\" data-secret=\"u7riereY7B\"><a href=\"https:\/\/serbiantimes.info\/na-cvarkijadi-u-cikagu-majstori-odavali-recepte-posle-par-rakija-jos-da-su-amiske-svinje-masne-ko-one-nase-srpske-video\/\">NA &#8222;\u010cVARKIJADI&#8220; U \u010cIKAGU MAJSTORI ODAVALI RECEPTE POSLE PAR RAKIJA! &#8222;Jo\u0161 da su ami\u0161ke svinje masne ko one na\u0161e, srpske!&#8220; (VIDEO)<\/a><\/blockquote><iframe loading=\"lazy\" class=\"wp-embedded-content\" sandbox=\"allow-scripts\" security=\"restricted\" style=\"position: absolute; visibility: hidden;\" title=\"&#132;NA &#8222;\u010cVARKIJADI&#8220; U \u010cIKAGU MAJSTORI ODAVALI RECEPTE POSLE PAR RAKIJA! &#8222;Jo\u0161 da su ami\u0161ke svinje masne ko one na\u0161e, srpske!&#8220; (VIDEO)&#147; &#8212; Serbiantimes.info\" src=\"https:\/\/serbiantimes.info\/na-cvarkijadi-u-cikagu-majstori-odavali-recepte-posle-par-rakija-jos-da-su-amiske-svinje-masne-ko-one-nase-srpske-video\/embed\/#?secret=luL0tFucaa#?secret=u7riereY7B\" data-secret=\"u7riereY7B\" width=\"500\" height=\"282\" frameborder=\"0\" marginwidth=\"0\" marginheight=\"0\" scrolling=\"no\"><\/iframe>\n<\/div><\/figure>\n\n\n\n<p>The Usta\u0161e hid the news of Franceti\u0107\u2019s death for three months and declared eight days of mourning. Only on March 30, 1943, did the NDH announce the news of Franceti\u0107\u2019s death.<\/p>\n\n\n\n<p>The Partisans transported Franceti\u0107\u2019s body by truck in an unknown direction, and to this day it is not known where he was buried. Croatian right-wing groups have been trying for decades to find his grave, which would probably become a gathering place for Usta\u0161e.<\/p>\n\n\n\n<p>Let us recall that Juraj Jure Franceti\u0107 (1912\u20131942), one of the most notorious Usta\u0161a commanders during World War II, is remembered as the commander of the Black Legion, a unit responsible for mass crimes against Serbs, Jews, and members of the National Liberation Movement in Bosnia and Herzegovina.<\/p>\n\n\n\n<p>Born on July 3, 1912, in the vicinity of Oto\u010dac, Franceti\u0107 began studying law in Zagreb after completing high school, where he joined the Usta\u0161a movement. Due to political activity against the Kingdom of Yugoslavia, he was soon expelled and then emigrated to Italy, where he took the Usta\u0161a oath in 1933. The following year he spent in emigration in Italy, Austria, and Hungary, including stays in Usta\u0161a camps and terrorist groups.<\/p>\n\n\n\n<p>After the assassination of King Alexander in 1934, he was interned, and he returned to Yugoslavia at the end of 1937. New arrests and internments followed, and in early 1941 he fled to Germany, avoiding a new detention.<\/p>\n\n\n\n<p>After the proclamation of the Independent State of Croatia in April 1941, Franceti\u0107 rapidly advanced in the Usta\u0161a hierarchy. He became a colonel of the Usta\u0161a Militia and commander of the Black Legion, a formation that operated primarily in eastern Bosnia.<\/p>\n\n\n\n<p>Although without serious military education, he was given broad authority. Under his command, mass deportations, arrests, and killings were carried out, as well as the persecution and destruction of the Jewish population, in line with the racial and repressive policies of the NDH.<\/p>\n\n\n\n<p>The Black Legion was officially presented as a force for the \u201cdefense of the border\u201d on the Drina, but its actions were marked by brutal repression of the civilian population. The crimes caused concern even among German military authorities, who demanded Franceti\u0107\u2019s removal.<\/p>\n\n\n\n<p>Despite this, Poglavnik Ante Paveli\u0107 promoted him to commander of all Usta\u0161a units in Bosnia and Herzegovina.<\/p>\n\n\n\n<p>During 1942, the Usta\u0161a authorities, partly due to political pressure and relations with the local population, removed Franceti\u0107 from duty.<\/p>\n\n\n\n<p>That same year, in December, his plane made a forced landing in territory controlled by the Partisans near Slunj. Franceti\u0107 was seriously wounded on that occasion and soon died, on December 27, 1942.<\/p>\n\n\n\n<p>Decades later, Franceti\u0107\u2019s name has periodically caused political and social controversy.<\/p>\n\n\n\n<p>Attempts at his rehabilitation, including the erection of memorials and the naming of streets after him during the 1990s and early 2000s, met with strong protests in Croatia and abroad. Most of these memorials were later removed, and streets were renamed, as local authorities sought to distance themselves from the legacy of the Usta\u0161a regime.<\/p>\n\n\n\n<p>Today, Franceti\u0107 remains a historical figure whose name is associated with one of the darkest periods in the history of the region and with a policy of systematic violence and persecution during World War II.<\/p>\n\n\n\n<h4 class=\"wp-block-heading\"><mark style=\"background-color:#FFFFFF;color:#d21414\" class=\"has-inline-color\">MORE TOPICS:<\/mark><\/h4>\n\n\n\n<p><strong><a href=\"https:\/\/serbiantimes.info\/en\/today-is-christmas-according-to-the-gregorian-calendar-catholics-practice-these-customs-on-this-day\/\" target=\"_blank\" rel=\"noopener\" title=\"\">TODAY IS CHRISTMAS ACCORDING TO THE GREGORIAN CALENDAR: Catholics practice these customs on this day!<\/a><\/strong><\/p>\n\n\n\n<p><strong><a href=\"https:\/\/serbiantimes.info\/en\/it-is-time-to-fulfill-the-promise-he-held-the-seriously-ill-milica-vucic-in-his-arms-12-years-ago-and-today-she-is-protesting-in-front-of-the-government\/\" target=\"_blank\" rel=\"noopener\" title=\"\">\u201cIT IS TIME TO FULFILL THE PROMISE\u201d: He held the seriously ill Milica Vu\u010di\u0107 in his arms 12 years ago, and today she is protesting in front of the Government!<\/a><\/strong><\/p>\n\n\n\n<p><strong><a href=\"https:\/\/serbiantimes.info\/en\/who-took-the-weapons-out-of-serbia-zastava-revolvers-with-ministry-of-interior-markings-are-being-sold-on-the-american-market\/\" target=\"_blank\" rel=\"noopener\" title=\"\">WHO TOOK THE WEAPONS OUT OF SERBIA?: Zastava revolvers with Ministry of Interior markings are being sold on the American market!<\/a><\/strong><\/p>\n\n\n\n<p><strong><a href=\"https:\/\/serbiantimes.info\/en\/nis-received-a-new-american-license-negotiations-on-the-russian-share-are-allowed-but-not-business-operations\/\" target=\"_blank\" rel=\"noopener\" title=\"\">NIS RECEIVED A NEW AMERICAN LICENSE: Negotiations on the Russian share are allowed, but not business operations!<\/a><\/strong><\/p>\n\n\n\n<p><strong><a href=\"https:\/\/serbiantimes.info\/en\/a-million-dollars-for-the-most-vulnerable-the-ana-and-vlade-divac-foundation-achieved-its-humane-goal-they-helped-more-than-10000-people\/\" target=\"_blank\" rel=\"noopener\" title=\"\">A MILLION DOLLARS FOR THE MOST VULNERABLE: The Ana and Vlade Divac Foundation achieved its humane goal, they helped more than 10,000 people!<\/a><\/strong><\/p>\n\n\n\n<p><strong><a href=\"https:\/\/serbiantimes.info\/en\/hilarious-comedy-arrives-in-america-montenegrin-in-bed-is-my-life-story-that-is-why-the-play-is-so-funny-video\/\" target=\"_blank\" rel=\"noopener\" title=\"\">HILARIOUS COMEDY ARRIVES IN AMERICA!: \u201cMontenegrin in bed\u201d is my life story, that is why the play is so funny! (VIDEO)<\/a><\/strong><\/p>\n\n\n\n<p><strong><strong>Source<\/strong><\/strong>:  <a href=\"https:\/\/www.kurir.rs\/vesti\/drustvo\/9866524\/kako-su-seljaci-ubili-ustasu-jura-francetica?utm_source=sa14&amp;utm_medium=referral&amp;utm_campaign=sa14&amp;utm_content=img&amp;fbclid=IwY2xjawO6NqpleHRuA2FlbQIxMABicmlkETFDY0xmVjA2UTVIQmtVbldIc3J0YwZhcHBfaWQQMjIyMDM5MTc4ODIwMDg5MgABHmu2CdITWPFIyb1_SAteQdWEiYCzUZZAqZX3Jsrw-RiATXGbDSIz-iyTBqgJ_aem_8j0hJ5gnqHv_DjO95rCYsQ&amp;brid=E7rweIeMeZgJaErf_KrWtw\" target=\"_blank\" rel=\"noopener\" title=\"\">Kurir<\/a>; <strong>Foto<\/strong>: Printscreen Facebook<\/p>\n","protected":false},"excerpt":{"rendered":"<p>Jure Franceti\u0107 was the commander of the Black Legion, an Usta\u0161a unit that massacred and killed thousands of Serbs. Wherever he went, Franceti\u0107 left bloody traces of crimes against Serbs. \u2013 When it comes to his death, some would say that Franceti\u0107 was unlucky. Others will say that there is a God \u2013 it is [&hellip;]<\/p>\n","protected":false},"author":2169,"featured_media":196544,"comment_status":"open","ping_status":"open","sticky":false,"template":"","format":"standard","meta":{"newspack_featured_image_position":"","newspack_post_subtitle":"","newspack_article_summary_title":"Overview:","newspack_article_summary":"","newspack_hide_updated_date":false,"newspack_show_updated_date":false,"footnotes":""},"categories":[11],"tags":[1437,6268,634,10399,113,3224],"class_list":["post-196543","post","type-post","status-publish","format-standard","has-post-thumbnail","hentry","category-history","tag-drugi-svetski-rat","tag-genocid-nad-srbima","tag-istorija","tag-jure-francetic","tag-srbija","tag-ustase","entry"],"aioseo_notices":[],"distributor_meta":false,"distributor_terms":false,"distributor_media":false,"distributor_original_site_name":"Serbiantimes.info EN","distributor_original_site_url":"https:\/\/serbiantimes.info\/en","push-errors":false,"_links":{"self":[{"href":"https:\/\/serbiantimes.info\/en\/wp-json\/wp\/v2\/posts\/196543","targetHints":{"allow":["GET"]}}],"collection":[{"href":"https:\/\/serbiantimes.info\/en\/wp-json\/wp\/v2\/posts"}],"about":[{"href":"https:\/\/serbiantimes.info\/en\/wp-json\/wp\/v2\/types\/post"}],"author":[{"embeddable":true,"href":"https:\/\/serbiantimes.info\/en\/wp-json\/wp\/v2\/users\/2169"}],"replies":[{"embeddable":true,"href":"https:\/\/serbiantimes.info\/en\/wp-json\/wp\/v2\/comments?post=196543"}],"version-history":[{"count":2,"href":"https:\/\/serbiantimes.info\/en\/wp-json\/wp\/v2\/posts\/196543\/revisions"}],"predecessor-version":[{"id":196547,"href":"https:\/\/serbiantimes.info\/en\/wp-json\/wp\/v2\/posts\/196543\/revisions\/196547"}],"wp:featuredmedia":[{"embeddable":true,"href":"https:\/\/serbiantimes.info\/en\/wp-json\/wp\/v2\/media\/196544"}],"wp:attachment":[{"href":"https:\/\/serbiantimes.info\/en\/wp-json\/wp\/v2\/media?parent=196543"}],"wp:term":[{"taxonomy":"category","embeddable":true,"href":"https:\/\/serbiantimes.info\/en\/wp-json\/wp\/v2\/categories?post=196543"},{"taxonomy":"post_tag","embeddable":true,"href":"https:\/\/serbiantimes.info\/en\/wp-json\/wp\/v2\/tags?post=196543"}],"curies":[{"name":"wp","href":"https:\/\/api.w.org\/{rel}","templated":true}]}}