{"id":196181,"date":"2025-12-23T17:02:18","date_gmt":"2025-12-23T15:02:18","guid":{"rendered":"https:\/\/serbiantimes.info\/en\/?p=196181"},"modified":"2025-12-23T17:02:19","modified_gmt":"2025-12-23T15:02:19","slug":"tenants-in-their-own-patrimony-brnabic-and-nikolic-cost-more-than-the-entire-karadordevic-royal-complex","status":"publish","type":"post","link":"https:\/\/serbiantimes.info\/en\/tenants-in-their-own-patrimony-brnabic-and-nikolic-cost-more-than-the-entire-karadordevic-royal-complex\/","title":{"rendered":"&#8220;TENANTS IN THEIR OWN PATRIMONY&#8221;: Brnabi\u0107 and Nikoli\u0107 cost more than the entire Kara\u0111or\u0111evi\u0107 Royal Complex!"},"content":{"rendered":"\n<p><strong><em>The MONARCHISTS Alliance \u2013 Movement for the Kingdom of Serbia announced that the maintenance costs of the state villas where Ana Brnabi\u0107 and Tomislav Nikoli\u0107 live, as well as the financing of the Office of the National Council for Coordination of Cooperation with Russia and China, exceed the amount that the state previously allocated for the maintenance of the entire Royal Complex in Dedinje.<\/em><\/strong><\/p>\n\n\n\n<p>The statement notes that the 2026 budget proposal has, for the first time, abolished the financing for the maintenance of the Royal Complex, even though, as they claim, the state is legally obliged to care for it as a cultural monument of special significance.<\/p>\n\n\n\n<p>At the same time, according to their allegations, the budget provides 45 million dinars for the office of Tomislav Nikoli\u0107, for which, as they say, the public has no insight into its work.<\/p>\n\n\n\n<h4 class=\"wp-block-heading\"><mark style=\"background-color:#FFFFFF;color:#d21414\" class=\"has-inline-color\">FIND OUT MORE<\/mark><\/h4>\n\n\n\n<figure class=\"wp-block-embed is-type-wp-embed is-provider-serbiantimes-info-en wp-block-embed-serbiantimes-info-en\"><div class=\"wp-block-embed__wrapper\">\n<blockquote class=\"wp-embedded-content\" data-secret=\"SbWPGNmo6h\"><a href=\"https:\/\/serbiantimes.info\/en\/interview-father-nenad-ilic-porfirijes-tattle-telling-on-serbian-youth-to-putin-is-a-great-scandal-a-number-of-spc-bishops-seem-to-be-blackmailed-by-information-from-state-services-photo\/\">INTERVIEW, FATHER NENAD ILI\u0106: Porfirije&#8217;s tattle-telling on Serbian youth to Putin is a great scandal! A number of SPC bishops seem to be blackmailed by information from state services\u2026 (PHOTO)<\/a><\/blockquote><iframe loading=\"lazy\" class=\"wp-embedded-content\" sandbox=\"allow-scripts\" security=\"restricted\" style=\"position: absolute; visibility: hidden;\" title=\"&#8220;INTERVIEW, FATHER NENAD ILI\u0106: Porfirije&#8217;s tattle-telling on Serbian youth to Putin is a great scandal! A number of SPC bishops seem to be blackmailed by information from state services\u2026 (PHOTO)&#8221; &#8212; Serbiantimes.info EN\" src=\"https:\/\/serbiantimes.info\/en\/interview-father-nenad-ilic-porfirijes-tattle-telling-on-serbian-youth-to-putin-is-a-great-scandal-a-number-of-spc-bishops-seem-to-be-blackmailed-by-information-from-state-services-photo\/embed\/#?secret=Ay2QCewOgP#?secret=SbWPGNmo6h\" data-secret=\"SbWPGNmo6h\" width=\"500\" height=\"282\" frameborder=\"0\" marginwidth=\"0\" marginheight=\"0\" scrolling=\"no\"><\/iframe>\n<\/div><\/figure>\n\n\n\n<p>Co-president of the Monarchists and Member of Parliament for the NADA coalition, Du\u0161an Radosavljevi\u0107, stated that when the maintenance costs for the villas where Brnabi\u0107 and Nikoli\u0107 live with their families are included, the total amount exceeds the funds necessary for the maintenance of the entire Royal Complex.<\/p>\n\n\n\n<p>&#8220;Ana Brnabi\u0107 and Tomislav Nikoli\u0107, who live with their entourage and servants in seized villas, cost this people more than the entire Royal Complex in Dedinje. If Prince Filip&#8217;s critical words were not the reason for cutting the finances for the Palace, but rather a desire for savings, then one should have started with these two first,&#8221; Radosavljevi\u0107 stated, as reported in the press release.<\/p>\n\n\n\n<p>He also reminded that the Kara\u0111or\u0111evi\u0107 family, as he stated, lives as a tenant in its own &#8216;patrimony&#8217; which was taken from them after World War II and has not been returned in the restitution process, assessing that the decay of the Royal Complex is simultaneously being allowed while significant funds are being allocated for the accommodation of certain state officials.<\/p>\n\n\n\n<h4 class=\"wp-block-heading\"><mark style=\"background-color:#FFFFFF;color:#d21414\" class=\"has-inline-color\">MORE TOPICS:<\/mark><\/h4>\n\n\n\n<p><strong><a href=\"https:\/\/serbiantimes.info\/en\/denver-broke-the-record-in-three-pointers-counted-to-24-nikola-jokic-easily-to-his-14th-triple-double-of-the-season-video\/\" target=\"_blank\" rel=\"noopener\" title=\"\">DENVER BROKE THE RECORD IN THREE-POINTERS, COUNTED TO 24! Nikola Joki\u0107 easily to his 14th triple-double of the season! (VIDEO)<\/a><\/strong><\/p>\n\n\n\n<p><strong><a href=\"https:\/\/serbiantimes.info\/en\/on-the-initiative-of-the-austrian-diaspora-mileva-maric-einstein-honored-in-the-serbian-parliament-photo\/\" target=\"_blank\" rel=\"noopener\" title=\"\">ON THE INITIATIVE OF THE AUSTRIAN DIASPORA: Mileva Mari\u0107 Einstein honored in the Serbian Parliament! (PHOTO)<\/a><\/strong><\/p>\n\n\n\n<p><strong><a href=\"https:\/\/serbiantimes.info\/en\/veljko-returned-from-america-after-13-years-he-made-a-free-application-for-learning-the-alphabet-then-moved-to-belgrade-with-his-family\/\" target=\"_blank\" rel=\"noopener\" title=\"\">VELJKO RETURNED FROM AMERICA AFTER 13 YEARS: He made a free application for learning the alphabet, then moved to Belgrade with his family!<\/a><\/strong><\/p>\n\n\n\n<p><strong><a href=\"https:\/\/serbiantimes.info\/en\/reunion-of-sava-and-nadija-photos-of-the-emotional-moment-in-novi-pazar-went-around-the-region-photo-video\/\" target=\"_blank\" rel=\"noopener\" title=\"\">REUNION OF SAVA AND NADIJA: Photos of the emotional moment in Novi Pazar went around the region! (PHOTO, VIDEO)<\/a><\/strong><\/p>\n\n\n\n<p><strong><a href=\"https:\/\/serbiantimes.info\/en\/justice-for-the-serb-from-leposavic-dusan-milanovic-acquitted-of-terrorism-charges\/\" target=\"_blank\" rel=\"noopener\" title=\"\">JUSTICE FOR THE SERB FROM LEPOSAVI\u0106: Du\u0161an Milanovi\u0107 acquitted of terrorism charges!<\/a><\/strong><\/p>\n\n\n\n<p><strong>Source<\/strong>: Danas; <strong>Photo<\/strong>: Printscreen Instagram @royalserbia<\/p>\n","protected":false},"excerpt":{"rendered":"<p>The MONARCHISTS Alliance \u2013 Movement for the Kingdom of Serbia announced that the maintenance costs of the state villas where Ana Brnabi\u0107 and Tomislav Nikoli\u0107 live, as well as the financing of the Office of the National Council for Coordination of Cooperation with Russia and China, exceed the amount that the state previously allocated for [&hellip;]<\/p>\n","protected":false},"author":2169,"featured_media":196182,"comment_status":"open","ping_status":"open","sticky":false,"template":"","format":"standard","meta":{"newspack_featured_image_position":"","newspack_post_subtitle":"","newspack_article_summary_title":"Overview:","newspack_article_summary":"","newspack_hide_updated_date":false,"newspack_show_updated_date":false,"footnotes":""},"categories":[7],"tags":[4311,10194,6671,10310,10311,2609,113,10312],"class_list":["post-196181","post","type-post","status-publish","format-standard","has-post-thumbnail","hentry","category-serbia","tag-ana-brnabic","tag-dvorski-kompleks","tag-karadordevici","tag-monarhisti","tag-pokret-za-kraljevinu-srbiju","tag-sns","tag-srbija","tag-tomislav-nikolic","entry"],"aioseo_notices":[],"distributor_meta":false,"distributor_terms":false,"distributor_media":false,"distributor_original_site_name":"Serbiantimes.info EN","distributor_original_site_url":"https:\/\/serbiantimes.info\/en","push-errors":false,"_links":{"self":[{"href":"https:\/\/serbiantimes.info\/en\/wp-json\/wp\/v2\/posts\/196181","targetHints":{"allow":["GET"]}}],"collection":[{"href":"https:\/\/serbiantimes.info\/en\/wp-json\/wp\/v2\/posts"}],"about":[{"href":"https:\/\/serbiantimes.info\/en\/wp-json\/wp\/v2\/types\/post"}],"author":[{"embeddable":true,"href":"https:\/\/serbiantimes.info\/en\/wp-json\/wp\/v2\/users\/2169"}],"replies":[{"embeddable":true,"href":"https:\/\/serbiantimes.info\/en\/wp-json\/wp\/v2\/comments?post=196181"}],"version-history":[{"count":1,"href":"https:\/\/serbiantimes.info\/en\/wp-json\/wp\/v2\/posts\/196181\/revisions"}],"predecessor-version":[{"id":196184,"href":"https:\/\/serbiantimes.info\/en\/wp-json\/wp\/v2\/posts\/196181\/revisions\/196184"}],"wp:featuredmedia":[{"embeddable":true,"href":"https:\/\/serbiantimes.info\/en\/wp-json\/wp\/v2\/media\/196182"}],"wp:attachment":[{"href":"https:\/\/serbiantimes.info\/en\/wp-json\/wp\/v2\/media?parent=196181"}],"wp:term":[{"taxonomy":"category","embeddable":true,"href":"https:\/\/serbiantimes.info\/en\/wp-json\/wp\/v2\/categories?post=196181"},{"taxonomy":"post_tag","embeddable":true,"href":"https:\/\/serbiantimes.info\/en\/wp-json\/wp\/v2\/tags?post=196181"}],"curies":[{"name":"wp","href":"https:\/\/api.w.org\/{rel}","templated":true}]}}