{"id":196150,"date":"2025-12-23T14:59:25","date_gmt":"2025-12-23T12:59:25","guid":{"rendered":"https:\/\/serbiantimes.info\/en\/?p=196150"},"modified":"2025-12-23T14:59:26","modified_gmt":"2025-12-23T12:59:26","slug":"euroleague-merciless-towards-the-eternals-partizan-and-crvena-zvezda-punished-for-incidents-at-the-derby","status":"publish","type":"post","link":"https:\/\/serbiantimes.info\/en\/euroleague-merciless-towards-the-eternals-partizan-and-crvena-zvezda-punished-for-incidents-at-the-derby\/","title":{"rendered":"EUROLEAGUE MERCILESS TOWARDS THE ETERNALS: Partizan and Crvena Zvezda punished for incidents at the derby!"},"content":{"rendered":"\n<p><strong><em>EuroLeague has published the decisions of the disciplinary commission regarding the incidents recorded in the 15th and 16th rounds of the EuroLeague. Partizan and Crvena Zvezda will pay dearly for the behavior of fans at the eternal derby.<\/em><\/strong><\/p>\n\n\n\n<p>Partizan was fined more than twice as much as its eternal rival, and the fines are increasing from round to round.<\/p>\n\n\n\n<h3 class=\"wp-block-heading\">Fines for the 15th round of the EuroLeague:<\/h3>\n\n\n\n<p>Partizan was fined 59,000 euros for the use of lasers, throwing objects onto the court, lighting flares, offensive slogans shouted by fans, and for inadequate control at the entrances during the Partizan \u2013 Crvena Zvezda match.<\/p>\n\n\n\n<p>Crvena Zvezda was fined 28,000 euros and one away game at which the attendance of fans will be prohibited, due to displaying an oversized flag that blocked the scoreboard, and the lighting and throwing of flares after the match, which required the intervention of security and firefighters at the Partizan \u2013 Crvena Zvezda match.<\/p>\n\n\n\n<h4 class=\"wp-block-heading\"><mark style=\"background-color:#FFFFFF;color:#d21414\" class=\"has-inline-color\">FIND OUT MORE<\/mark><\/h4>\n\n\n\n<figure class=\"wp-block-embed is-type-wp-embed is-provider-serbiantimes-info-en wp-block-embed-serbiantimes-info-en\"><div class=\"wp-block-embed__wrapper\">\n<blockquote class=\"wp-embedded-content\" data-secret=\"ogpduhfsZG\"><a href=\"https:\/\/serbiantimes.info\/en\/exclusive-interview-nba-star-in-tears-enes-freedom-i-fear-that-erdogans-killers-will-find-me-in-america-they-kicked-me-out-of-the-nba-for-criticizing-china-for-them-everything-is-profit-video\/\">EXCLUSIVE INTERVIEW, NBA STAR IN TEARS: Enes Freedom: I fear that Erdogan&#8217;s killers will find me in America! They kicked me out of the NBA for criticizing China, for them everything is profit! (VIDEO)<\/a><\/blockquote><iframe loading=\"lazy\" class=\"wp-embedded-content\" sandbox=\"allow-scripts\" security=\"restricted\" style=\"position: absolute; visibility: hidden;\" title=\"&#8220;EXCLUSIVE INTERVIEW, NBA STAR IN TEARS: Enes Freedom: I fear that Erdogan&#8217;s killers will find me in America! They kicked me out of the NBA for criticizing China, for them everything is profit! (VIDEO)&#8221; &#8212; Serbiantimes.info EN\" src=\"https:\/\/serbiantimes.info\/en\/exclusive-interview-nba-star-in-tears-enes-freedom-i-fear-that-erdogans-killers-will-find-me-in-america-they-kicked-me-out-of-the-nba-for-criticizing-china-for-them-everything-is-profit-video\/embed\/#?secret=MfotQu4ASh#?secret=ogpduhfsZG\" data-secret=\"ogpduhfsZG\" width=\"500\" height=\"282\" frameborder=\"0\" marginwidth=\"0\" marginheight=\"0\" scrolling=\"no\"><\/iframe>\n<\/div><\/figure>\n\n\n\n<h3 class=\"wp-block-heading\">Fines for the 16th round of the EuroLeague:<\/h3>\n\n\n\n<p>EuroLeague fined Fenerbah\u00e7e 12,000 euros for offensive chants and the behavior of fans sitting in courtside seats at the end of the Fenerbah\u00e7e \u2013 Panathinaikos match.<\/p>\n\n\n\n<p>Olympiacos was fined 5,000 euros for insults heard from the stands during the Olympiacos \u2013 Valencia match.<\/p>\n\n\n\n<h4 class=\"wp-block-heading\"><mark style=\"background-color:#FFFFFF;color:#d21414\" class=\"has-inline-color\">MORE TOPICS:<\/mark><\/h4>\n\n\n\n<p><strong><a href=\"https:\/\/serbiantimes.info\/en\/denver-broke-the-record-in-three-pointers-counted-to-24-nikola-jokic-easily-to-his-14th-triple-double-of-the-season-video\/\" target=\"_blank\" rel=\"noopener\" title=\"\">DENVER BROKE THE RECORD IN THREE-POINTERS, COUNTED TO 24! Nikola Joki\u0107 easily to his 14th triple-double of the season! (VIDEO)<\/a><\/strong><\/p>\n\n\n\n<p><strong><a href=\"https:\/\/serbiantimes.info\/en\/on-the-initiative-of-the-austrian-diaspora-mileva-maric-einstein-honored-in-the-serbian-parliament-photo\/\" target=\"_blank\" rel=\"noopener\" title=\"\">ON THE INITIATIVE OF THE AUSTRIAN DIASPORA: Mileva Mari\u0107 Einstein honored in the Serbian Parliament! (PHOTO)<\/a><\/strong><\/p>\n\n\n\n<p><strong><a href=\"https:\/\/serbiantimes.info\/en\/veljko-returned-from-america-after-13-years-he-made-a-free-application-for-learning-the-alphabet-then-moved-to-belgrade-with-his-family\/\" target=\"_blank\" rel=\"noopener\" title=\"\">VELJKO RETURNED FROM AMERICA AFTER 13 YEARS: He made a free application for learning the alphabet, then moved to Belgrade with his family!<\/a><\/strong><\/p>\n\n\n\n<p><strong><a href=\"https:\/\/serbiantimes.info\/en\/reunion-of-sava-and-nadija-photos-of-the-emotional-moment-in-novi-pazar-went-around-the-region-photo-video\/\" target=\"_blank\" rel=\"noopener\" title=\"\">REUNION OF SAVA AND NADIJA: Photos of the emotional moment in Novi Pazar went around the region! (PHOTO, VIDEO)<\/a><\/strong><\/p>\n\n\n\n<p><strong><a href=\"https:\/\/serbiantimes.info\/en\/justice-for-the-serb-from-leposavic-dusan-milanovic-acquitted-of-terrorism-charges\/\" target=\"_blank\" rel=\"noopener\" title=\"\">JUSTICE FOR THE SERB FROM LEPOSAVI\u0106: Du\u0161an Milanovi\u0107 acquitted of terrorism charges!<\/a><\/strong><\/p>\n\n\n\n<p><strong>Source<\/strong>: <a href=\"https:\/\/nova.rs\/sport\/evroliga\/partizan-crvena-zvezda-evroliga-kazna\/\" target=\"_blank\" rel=\"noopener\" title=\"\">Nova.rs<\/a>; <strong>Photo<\/strong>: ATA Images<\/p>\n\n\n\n<p><\/p>\n","protected":false},"excerpt":{"rendered":"<p>EuroLeague has published the decisions of the disciplinary commission regarding the incidents recorded in the 15th and 16th rounds of the EuroLeague. Partizan and Crvena Zvezda will pay dearly for the behavior of fans at the eternal derby. Partizan was fined more than twice as much as its eternal rival, and the fines are increasing [&hellip;]<\/p>\n","protected":false},"author":2169,"featured_media":196151,"comment_status":"open","ping_status":"open","sticky":false,"template":"","format":"standard","meta":{"newspack_featured_image_position":"","newspack_post_subtitle":"","newspack_article_summary_title":"Overview:","newspack_article_summary":"","newspack_hide_updated_date":false,"newspack_show_updated_date":false,"footnotes":""},"categories":[10],"tags":[391,392,1356,249,920,91,113],"class_list":["post-196150","post","type-post","status-publish","format-standard","has-post-thumbnail","hentry","category-sport","tag-crvena-zvezda","tag-evroliga","tag-kazna","tag-kosarka-2","tag-partizan","tag-sport","tag-srbija","entry"],"aioseo_notices":[],"distributor_meta":false,"distributor_terms":false,"distributor_media":false,"distributor_original_site_name":"Serbiantimes.info EN","distributor_original_site_url":"https:\/\/serbiantimes.info\/en","push-errors":false,"_links":{"self":[{"href":"https:\/\/serbiantimes.info\/en\/wp-json\/wp\/v2\/posts\/196150","targetHints":{"allow":["GET"]}}],"collection":[{"href":"https:\/\/serbiantimes.info\/en\/wp-json\/wp\/v2\/posts"}],"about":[{"href":"https:\/\/serbiantimes.info\/en\/wp-json\/wp\/v2\/types\/post"}],"author":[{"embeddable":true,"href":"https:\/\/serbiantimes.info\/en\/wp-json\/wp\/v2\/users\/2169"}],"replies":[{"embeddable":true,"href":"https:\/\/serbiantimes.info\/en\/wp-json\/wp\/v2\/comments?post=196150"}],"version-history":[{"count":1,"href":"https:\/\/serbiantimes.info\/en\/wp-json\/wp\/v2\/posts\/196150\/revisions"}],"predecessor-version":[{"id":196157,"href":"https:\/\/serbiantimes.info\/en\/wp-json\/wp\/v2\/posts\/196150\/revisions\/196157"}],"wp:featuredmedia":[{"embeddable":true,"href":"https:\/\/serbiantimes.info\/en\/wp-json\/wp\/v2\/media\/196151"}],"wp:attachment":[{"href":"https:\/\/serbiantimes.info\/en\/wp-json\/wp\/v2\/media?parent=196150"}],"wp:term":[{"taxonomy":"category","embeddable":true,"href":"https:\/\/serbiantimes.info\/en\/wp-json\/wp\/v2\/categories?post=196150"},{"taxonomy":"post_tag","embeddable":true,"href":"https:\/\/serbiantimes.info\/en\/wp-json\/wp\/v2\/tags?post=196150"}],"curies":[{"name":"wp","href":"https:\/\/api.w.org\/{rel}","templated":true}]}}