{"id":196038,"date":"2025-12-22T16:51:27","date_gmt":"2025-12-22T14:51:27","guid":{"rendered":"https:\/\/serbiantimes.info\/en\/?p=196038"},"modified":"2025-12-22T16:51:28","modified_gmt":"2025-12-22T14:51:28","slug":"municipality-paid-for-a-fan-whim-with-citizens-money-entire-neighborhood-in-belgrade-painted-in-red-and-white-video","status":"publish","type":"post","link":"https:\/\/serbiantimes.info\/en\/municipality-paid-for-a-fan-whim-with-citizens-money-entire-neighborhood-in-belgrade-painted-in-red-and-white-video\/","title":{"rendered":"MUNICIPALITY PAID FOR A FAN WHIM WITH CITIZENS&#8217; MONEY: Entire neighborhood in Belgrade painted in red-and-white! (VIDEO)"},"content":{"rendered":"\n<p><strong><em>For some time now, there has been talk about what happened at Be\u017eanijska Kosa. One morning everything was painted in red-and-white, even things that should not have been.<\/em><\/strong><\/p>\n\n\n\n<p>And while the government constantly says it has problems balancing the budget and finding money when something is done for the general good, there is indeed money to finance the wishes of fans.<\/p>\n\n\n\n<p>In Ljubinka Bobi\u0107 Street, curbs, facades, and even walls in parks have been painted in red-and-white colors. In addition, there are graffiti in honor of Red Star.<\/p>\n\n\n\n<blockquote class=\"twitter-tweet\"><p lang=\"und\" dir=\"ltr\">Hahahahahaha&#8230; Da li mene neko zajebava? Op\u0161tina Novi Beograd platila navija\u010de da ofarbaju celu Be\u017eaniju u crveno-belo??? <br>\ud83e\udd2f\ud83e\udd2f\ud83e\udd2f <a href=\"https:\/\/t.co\/GIGtWio44S\">pic.twitter.com\/GIGtWio44S<\/a><\/p>&mdash; Obi-Wan (@KenobiSRB) <a href=\"https:\/\/twitter.com\/KenobiSRB\/status\/2002839405229379671?ref_src=twsrc%5Etfw\">December 21, 2025<\/a><\/blockquote> <script async src=\"https:\/\/platform.twitter.com\/widgets.js\" charset=\"utf-8\"><\/script>\n\n\n\n<p>This is practically a reaction to the fact that Partizan fans previously decorated Karaburma, but this time the municipality, i.e., the taxpayers, financed this act.<\/p>\n\n\n\n<p>Slobodan Maldini, a well-known architect, explained how it all unfolded. He mentioned unidentified persons in hoodies who painted the buildings in the neighborhood.<\/p>\n\n\n\n<p>&#8220;After the tenants rebelled and after they called the police. The tenants noted that the buildings are private property, and they repainted what was painted red-and-white into gray. However, the next day they came with a decision from the municipality of Novi Beograd, and they were led by a member of the Municipal Council to protect them from the police. He said that they are an ecological green patrol and that they are painting the whole of Novi Beograd in red-and-white,&#8221; Maldini told TV Nova S.<\/p>\n\n\n\n<blockquote class=\"twitter-tweet\"><p lang=\"zxx\" dir=\"ltr\"><a href=\"https:\/\/t.co\/0vS5magKQ1\">pic.twitter.com\/0vS5magKQ1<\/a><\/p>&mdash; Zvondu\u0161no \ud83d\udd14 (@zvondusno) <a href=\"https:\/\/twitter.com\/zvondusno\/status\/2001991963898491121?ref_src=twsrc%5Etfw\">December 19, 2025<\/a><\/blockquote> <script async src=\"https:\/\/platform.twitter.com\/widgets.js\" charset=\"utf-8\"><\/script>\n\n\n\n<p>He called on SD Red Star to distance itself from the building painting project; he also pointed out that neighbors are afraid of being physically attacked for expressing their stance. He noted that he called the Communal Militia, but was told that it is all being done only with a municipal decision. Because of that, they are powerless.<\/p>\n\n\n\n<p>&#8220;Our children are neither &#8216;Delije&#8217; nor &#8216;Grobari&#8217; and they should not be divided. This is a yard that belongs to all children, and not just the red-and-whites. I am telling the municipality of Novi Beograd to disband that ecological patrol and the project of painting Novi Beograd in red-and-white,&#8221; Maldini said.<\/p>\n\n\n\n<h4 class=\"wp-block-heading\"><mark style=\"background-color:#FFFFFF;color:#d21414\" class=\"has-inline-color\">MORE TOPICS:<\/mark><\/h4>\n\n\n\n<p><strong><a href=\"https:\/\/serbiantimes.info\/en\/momcilovic-ispisao-istoriju-talentovani-amerikanac-srpskog-porekla-ubacio-6-vezanih-trojki-video\/\" target=\"_blank\" rel=\"noopener\" title=\"\">MOM\u010cILOVI\u0106 WROTE HISTORY: Talented American of Serbian origin hit 6 consecutive three-pointers! (VIDEO)<\/a><\/strong><\/p>\n\n\n\n<p><strong><a href=\"https:\/\/serbiantimes.info\/en\/auuu-kakvu-bananu-je-tristan-zalepio-vembiju-vukcevic-blokirao-najboljeg-blokadera-nba-lige-francuz-vise-nije-nedodirljiv-video\/\" target=\"_blank\" rel=\"noopener\" title=\"\">WOW, WHAT A \u201cBLOCK\u201d TRISTAN PINNED ON WEMBY! Vuk\u010devi\u0107 blocked the best blocker in the NBA league, the Frenchman is no longer untouchable! (VIDEO)<\/a><\/strong><\/p>\n\n\n\n<p><strong><a href=\"https:\/\/serbiantimes.info\/en\/serbian-chef-wins-michelin-award-nemanja-refused-to-collect-secure-votes-for-sns-from-the-poorest-municipality-in-serbia-he-reached-european-recognition-video\/\" target=\"_blank\" rel=\"noopener\" title=\"\">SERBIAN CHEF WINS \u201cMICHELIN\u201d AWARD! Nemanja refused to collect \u201csecure votes\u201d for SNS, from the poorest municipality in Serbia he reached European recognition! (VIDEO)<\/a><\/strong><\/p>\n\n\n\n<p><strong><a href=\"https:\/\/serbiantimes.info\/en\/cameron-payne-in-partizan-black-and-whites-brought-in-an-nba-playmaker-and-will-pay-him-a-million-euros-for-6-months\/\" target=\"_blank\" rel=\"noopener\" title=\"\">CAMERON PAYNE IN PARTIZAN: Black-and-whites brought in an NBA playmaker and will pay him a million euros for 6 months!<\/a><\/strong><\/p>\n\n\n\n<p><strong><a href=\"https:\/\/serbiantimes.info\/en\/tax-strike-in-chicago-home-and-apartment-owners-shocked-by-bills-taxes-jumped-drastically-rent-increase-expected-in-2026\/\" target=\"_blank\" rel=\"noopener\" title=\"\">TAX STRIKE IN CHICAGO: Home and apartment owners shocked by bills, taxes jumped drastically, rent increase expected in 2026!<\/a><\/strong><\/p>\n\n\n\n<p><strong><strong>Source<\/strong><\/strong>: <a href=\"https:\/\/nova.rs\/sport\/sport-ostalo\/bezanijska-kosa-farbanje-slobodan-maldini\/\" target=\"_blank\" rel=\"noopener\" title=\"\">Nova.rs<\/a>; <strong>Photo<\/strong>: Printscreen X<\/p>\n","protected":false},"excerpt":{"rendered":"<p>For some time now, there has been talk about what happened at Be\u017eanijska Kosa. One morning everything was painted in red-and-white, even things that should not have been. And while the government constantly says it has problems balancing the budget and finding money when something is done for the general good, there is indeed money [&hellip;]<\/p>\n","protected":false},"author":2169,"featured_media":196039,"comment_status":"open","ping_status":"open","sticky":false,"template":"","format":"standard","meta":{"newspack_featured_image_position":"","newspack_post_subtitle":"","newspack_article_summary_title":"Overview:","newspack_article_summary":"","newspack_hide_updated_date":false,"newspack_show_updated_date":false,"footnotes":""},"categories":[7],"tags":[253,10280,391,1080,113,6316],"class_list":["post-196038","post","type-post","status-publish","format-standard","has-post-thumbnail","hentry","category-serbia","tag-beograd","tag-bezanijska-kosa","tag-crvena-zvezda","tag-navijaci","tag-srbija","tag-vandalizam","entry"],"aioseo_notices":[],"distributor_meta":false,"distributor_terms":false,"distributor_media":false,"distributor_original_site_name":"Serbiantimes.info EN","distributor_original_site_url":"https:\/\/serbiantimes.info\/en","push-errors":false,"_links":{"self":[{"href":"https:\/\/serbiantimes.info\/en\/wp-json\/wp\/v2\/posts\/196038","targetHints":{"allow":["GET"]}}],"collection":[{"href":"https:\/\/serbiantimes.info\/en\/wp-json\/wp\/v2\/posts"}],"about":[{"href":"https:\/\/serbiantimes.info\/en\/wp-json\/wp\/v2\/types\/post"}],"author":[{"embeddable":true,"href":"https:\/\/serbiantimes.info\/en\/wp-json\/wp\/v2\/users\/2169"}],"replies":[{"embeddable":true,"href":"https:\/\/serbiantimes.info\/en\/wp-json\/wp\/v2\/comments?post=196038"}],"version-history":[{"count":1,"href":"https:\/\/serbiantimes.info\/en\/wp-json\/wp\/v2\/posts\/196038\/revisions"}],"predecessor-version":[{"id":196065,"href":"https:\/\/serbiantimes.info\/en\/wp-json\/wp\/v2\/posts\/196038\/revisions\/196065"}],"wp:featuredmedia":[{"embeddable":true,"href":"https:\/\/serbiantimes.info\/en\/wp-json\/wp\/v2\/media\/196039"}],"wp:attachment":[{"href":"https:\/\/serbiantimes.info\/en\/wp-json\/wp\/v2\/media?parent=196038"}],"wp:term":[{"taxonomy":"category","embeddable":true,"href":"https:\/\/serbiantimes.info\/en\/wp-json\/wp\/v2\/categories?post=196038"},{"taxonomy":"post_tag","embeddable":true,"href":"https:\/\/serbiantimes.info\/en\/wp-json\/wp\/v2\/tags?post=196038"}],"curies":[{"name":"wp","href":"https:\/\/api.w.org\/{rel}","templated":true}]}}