{"id":195948,"date":"2025-12-20T22:50:09","date_gmt":"2025-12-20T20:50:09","guid":{"rendered":"https:\/\/serbiantimes.info\/en\/?p=195948"},"modified":"2025-12-20T22:50:10","modified_gmt":"2025-12-20T20:50:10","slug":"belgrade-is-choking-air-in-the-capital-very-polluted-here-is-where-the-situation-is-alarming","status":"publish","type":"post","link":"https:\/\/serbiantimes.info\/en\/belgrade-is-choking-air-in-the-capital-very-polluted-here-is-where-the-situation-is-alarming\/","title":{"rendered":"BELGRADE IS CHOKING: Air in the Capital Very Polluted, Here Is Where the Situation Is Alarming!"},"content":{"rendered":"\n<p>According to data from the Beoeko website, the average air quality in the area of Belgrade is again \u201cpolluted\u201d today.<\/p>\n\n\n\n<p>According to data from 30 monitoring stations between 11:00 and 11:59 a.m., air quality was \u201cexcellent\u201d only at the \u201cObrenovac\u201d station, and \u201cacceptable\u201d at the \u201cObrenovac U\u0161\u0107e\u201d and \u201cSopot\u201d stations.<\/p>\n\n\n\n<p>\u201cVery polluted\u201d air was recorded at the \u201cMirijevo\u201d and \u201cDespota Stefana\u201d stations, the website states.<\/p>\n\n\n\n<figure class=\"wp-block-embed is-type-wp-embed is-provider-serbiantimes-info wp-block-embed-serbiantimes-info\"><div class=\"wp-block-embed__wrapper\">\n<blockquote class=\"wp-embedded-content\" data-secret=\"d2bk97hNbl\"><a href=\"https:\/\/serbiantimes.info\/procureli-novi-epstajnovi-fajlovi-na-fotkama-golisavi-bil-klinton-u-djakuziju-i-bazenu-druzenje-sa-majklom-dzeksonom-foto-galerija\/\">PROCURELI NOVI EP\u0160TAJNOVI FAJLOVI: Na fotkama goli\u0161avi Bil Klinton u \u0111akuziju i bazenu, dru\u017eenje sa Majklom D\u017eeksonom! (FOTO GALERIJA)<\/a><\/blockquote><iframe loading=\"lazy\" class=\"wp-embedded-content\" sandbox=\"allow-scripts\" security=\"restricted\" style=\"position: absolute; visibility: hidden;\" title=\"&#132;PROCURELI NOVI EP\u0160TAJNOVI FAJLOVI: Na fotkama goli\u0161avi Bil Klinton u \u0111akuziju i bazenu, dru\u017eenje sa Majklom D\u017eeksonom! (FOTO GALERIJA)&#147; &#8212; Serbiantimes.info\" src=\"https:\/\/serbiantimes.info\/procureli-novi-epstajnovi-fajlovi-na-fotkama-golisavi-bil-klinton-u-djakuziju-i-bazenu-druzenje-sa-majklom-dzeksonom-foto-galerija\/embed\/#?secret=gsyaro6qdT#?secret=d2bk97hNbl\" data-secret=\"d2bk97hNbl\" width=\"500\" height=\"282\" frameborder=\"0\" marginwidth=\"0\" marginheight=\"0\" scrolling=\"no\"><\/iframe>\n<\/div><\/figure>\n\n\n\n<p>Air in the \u201cpolluted\u201d category was recorded at all other stations \u2013 \u201cOv\u010da,\u201d \u201cZemun TV,\u201d \u201cOmladinskih brigada,\u201d \u201cLazarevac,\u201d \u201cVin\u010da,\u201d \u201cDragi\u0161a Mi\u0161ovi\u0107,\u201d \u201cJajinci,\u201d \u201cVeliki Crljeni,\u201d \u201cTop\u010diderska zvezda,\u201d \u201cVra\u010dar Health Center,\u201d and \u201cBe\u017eanijska kosa.\u201d<\/p>\n\n\n\n<p>The same air quality was recorded at the \u201cBanovo brdo,\u201d \u201cAda petlja,\u201d \u201cSur\u010din,\u201d \u201cZemun Ugrinova\u010dka,\u201d \u201cBor\u010da,\u201d \u201cFran\u0161a Deperea,\u201d \u201cLe\u0161tane,\u201d \u201cStoj\u010dino Brdo,\u201d \u201cBarajevo,\u201d \u201cAda Marina,\u201d \u201cMladenovac,\u201d \u201cResnik,\u201d \u201cBelgrade Waterfront,\u201d and \u201cDanijelova\u201d stations.<\/p>\n\n\n\n<p>The average air quality value is \u201cpolluted,\u201d the website states.<\/p>\n\n\n\n<h3 class=\"wp-block-heading\"><mark style=\"background-color:#FFFFFF;color:#d21414\" class=\"has-inline-color\">MORE TOPICS:<\/mark><\/h3>\n\n\n\n<p><strong><a href=\"https:\/\/serbiantimes.info\/en\/student-olga-20-has-passed-away-succumbed-to-injuries-from-a-fall-down-the-stairs-in-student-city\/\" target=\"_blank\" rel=\"noopener\" title=\"\">STUDENT OLGA (20) HAS PASSED AWAY: Succumbed to injuries from a fall down the stairs in Student City!<\/a><\/strong><\/p>\n\n\n\n<p><strong><a href=\"https:\/\/serbiantimes.info\/en\/putin-spoke-about-nis-for-the-first-time-we-have-an-agreement-with-serbia-we-hope-the-government-will-fulfill-its-obligations\/\" target=\"_blank\" rel=\"noopener\" title=\"\">PUTIN SPOKE ABOUT NIS FOR THE FIRST TIME: We have an agreement with Serbia, we hope the government will fulfill its obligations!<\/a><\/strong><\/p>\n\n\n\n<p><strong><a href=\"https:\/\/serbiantimes.info\/en\/jacimovic-unwavering-i-will-drive-students-to-the-protests-even-if-they-seize-my-buses-again\/\" target=\"_blank\" rel=\"noopener\" title=\"\">JA\u0106IMOVI\u0106 UNWAVERING: I will drive students to the protests even if they seize my buses again!<\/a><\/strong><\/p>\n\n\n\n<p><strong><a href=\"https:\/\/serbiantimes.info\/en\/the-most-beautiful-possible-return-nikola-topic-took-to-the-court-after-testicular-cancer-surgery-and-chemotherapy-video\/\" target=\"_blank\" rel=\"noopener\" title=\"\">THE MOST BEAUTIFUL POSSIBLE RETURN: Nikola Topi\u0107 took to the court after testicular cancer surgery and chemotherapy! (VIDEO)<\/a><\/strong><\/p>\n\n\n\n<p><strong><a href=\"https:\/\/serbiantimes.info\/en\/due-to-forced-labor-in-the-zrenjanin-factory-america-ordered-the-retention-of-goods-from-linglong\/\" target=\"_blank\" rel=\"noopener\" title=\"\">DUE TO FORCED LABOR IN THE ZRENJANIN FACTORY: America ordered the retention of goods from Linglong!<\/a><\/strong><\/p>\n\n\n\n<p><strong><a href=\"https:\/\/serbiantimes.info\/en\/justice-is-served-but-it-is-in-vain-since-my-child-is-gone-anas-mother-reacted-to-the-verdict-against-brian-walshe\/\" target=\"_blank\" rel=\"noopener\" title=\"\">JUSTICE IS SERVED, BUT IT IS IN VAIN SINCE MY CHILD IS GONE: Ana\u2019s mother reacted to the verdict against Brian Walshe!<\/a><\/strong><\/p>\n\n\n\n<p><strong>Source<\/strong>:  <a href=\"https:\/\/www.nedeljnik.rs\/beoeko-vazduh-i-danas-zagadjen-na-skoro-svim-mernim-mestima-u-beogradu\/\" target=\"_blank\" rel=\"noopener\" title=\"\">Nedeljnik<\/a>, <strong>Foto<\/strong>: Printscreen X<\/p>\n","protected":false},"excerpt":{"rendered":"<p>According to data from the Beoeko website, the average air quality in the area of Belgrade is again \u201cpolluted\u201d today. According to data from 30 monitoring stations between 11:00 and 11:59 a.m., air quality was \u201cexcellent\u201d only at the \u201cObrenovac\u201d station, and \u201cacceptable\u201d at the \u201cObrenovac U\u0161\u0107e\u201d and \u201cSopot\u201d stations. \u201cVery polluted\u201d air was recorded [&hellip;]<\/p>\n","protected":false},"author":2169,"featured_media":195949,"comment_status":"open","ping_status":"open","sticky":false,"template":"","format":"standard","meta":{"newspack_featured_image_position":"","newspack_post_subtitle":"","newspack_article_summary_title":"Overview:","newspack_article_summary":"","newspack_hide_updated_date":false,"newspack_show_updated_date":false,"footnotes":""},"categories":[7],"tags":[253,10249,947,10250,10251],"class_list":["post-195948","post","type-post","status-publish","format-standard","has-post-thumbnail","hentry","category-serbia","tag-beograd","tag-merenje-kvaliteta-vazduha","tag-opasnost","tag-vazduh","tag-zagaden-vazduh","entry"],"aioseo_notices":[],"distributor_meta":false,"distributor_terms":false,"distributor_media":false,"distributor_original_site_name":"Serbiantimes.info EN","distributor_original_site_url":"https:\/\/serbiantimes.info\/en","push-errors":false,"_links":{"self":[{"href":"https:\/\/serbiantimes.info\/en\/wp-json\/wp\/v2\/posts\/195948","targetHints":{"allow":["GET"]}}],"collection":[{"href":"https:\/\/serbiantimes.info\/en\/wp-json\/wp\/v2\/posts"}],"about":[{"href":"https:\/\/serbiantimes.info\/en\/wp-json\/wp\/v2\/types\/post"}],"author":[{"embeddable":true,"href":"https:\/\/serbiantimes.info\/en\/wp-json\/wp\/v2\/users\/2169"}],"replies":[{"embeddable":true,"href":"https:\/\/serbiantimes.info\/en\/wp-json\/wp\/v2\/comments?post=195948"}],"version-history":[{"count":2,"href":"https:\/\/serbiantimes.info\/en\/wp-json\/wp\/v2\/posts\/195948\/revisions"}],"predecessor-version":[{"id":195951,"href":"https:\/\/serbiantimes.info\/en\/wp-json\/wp\/v2\/posts\/195948\/revisions\/195951"}],"wp:featuredmedia":[{"embeddable":true,"href":"https:\/\/serbiantimes.info\/en\/wp-json\/wp\/v2\/media\/195949"}],"wp:attachment":[{"href":"https:\/\/serbiantimes.info\/en\/wp-json\/wp\/v2\/media?parent=195948"}],"wp:term":[{"taxonomy":"category","embeddable":true,"href":"https:\/\/serbiantimes.info\/en\/wp-json\/wp\/v2\/categories?post=195948"},{"taxonomy":"post_tag","embeddable":true,"href":"https:\/\/serbiantimes.info\/en\/wp-json\/wp\/v2\/tags?post=195948"}],"curies":[{"name":"wp","href":"https:\/\/api.w.org\/{rel}","templated":true}]}}