{"id":195611,"date":"2025-12-17T17:32:23","date_gmt":"2025-12-17T15:32:23","guid":{"rendered":"https:\/\/serbiantimes.info\/en\/?p=195611"},"modified":"2025-12-17T17:32:24","modified_gmt":"2025-12-17T15:32:24","slug":"state-blocked-his-farm-because-of-protests-farmer-nemanja-starts-a-hunger-strike","status":"publish","type":"post","link":"https:\/\/serbiantimes.info\/en\/state-blocked-his-farm-because-of-protests-farmer-nemanja-starts-a-hunger-strike\/","title":{"rendered":"STATE BLOCKED HIS FARM BECAUSE OF PROTESTS: Farmer Nemanja starts a hunger strike!"},"content":{"rendered":"\n<p class=\"wp-block-paragraph\"><strong><em>The farm of another protesting farmer has been placed in passive status, and as a result, he will go on a hunger strike on Wednesday (December 17).<\/em><\/strong><\/p>\n\n\n\n<p class=\"wp-block-paragraph\">A farmer from the village of Klenje in Ma\u010dva received a decision by which his farm is being placed into a three-year passive status.<\/p>\n\n\n\n<p class=\"wp-block-paragraph\">Nemanja Lackovi\u0107 received passive status and because of that, as he tells &#8220;Vreme&#8221;, he will go on a hunger strike on Wednesday (December 17) in front of the police station in Bogati\u0107. He states that he will go there by tractor.<\/p>\n\n\n\n<p class=\"wp-block-paragraph\">One in a series of cases<\/p>\n\n\n\n<p class=\"wp-block-paragraph\">This is one in a series of cases in which the Ministry of Agriculture decided to prevent protesting farmers from receiving subsidies for the next few years.<\/p>\n\n\n\n<p class=\"wp-block-paragraph\">Passive status was determined for him after an agricultural inspector came to inspect his farm several times in the last few months.<\/p>\n\n\n\n<p class=\"wp-block-paragraph\">The last time was in early November, when the republic agricultural inspector came to the front of his house for the fourth time in the last two months.<\/p>\n\n\n\n<p class=\"wp-block-paragraph\">The goal then, Lackovi\u0107 claimed for &#8220;Vreme&#8221;, was to strip him of his status as an active farmer, all because of his support for students.<\/p>\n\n\n\n<p class=\"wp-block-paragraph\">&#8220;With a passive status, I am a dead man. I have two small children,&#8221; Lackovi\u0107 said at the time.<\/p>\n\n\n\n<p class=\"wp-block-paragraph\">Farmers who receive passive status for their farms are denied all incentives for agricultural development, namely subsidies. Furthermore, they cannot register another agricultural farm on the same land.<\/p>\n\n\n\n<h3 class=\"wp-block-heading\">What preceded this?<\/h3>\n\n\n\n<p class=\"wp-block-paragraph\">Lackovi\u0107&#8217;s colleagues then prevented the inspector from getting out of the car, as he was without a valid warrant, and the hours-long saga ended after a call Lackovi\u0107 received from the BIA (Security Intelligence Agency) and a promise that the repression would stop.<\/p>\n\n\n\n<p class=\"wp-block-paragraph\">Lackovi\u0107 claimed then that the inspector was persistently circling around the six of them because they support the students.<\/p>\n\n\n\n<p class=\"wp-block-paragraph\">After that, Lackovi\u0107 and his colleagues were called for questioning by the police, and in the meantime, several of them received decisions on passivization.<\/p>\n\n\n\n<h4 class=\"wp-block-heading\"><mark style=\"background-color:#FFFFFF;color:#d21414\" class=\"has-inline-color\">MORE TOPICS:<\/mark><\/h4>\n\n\n\n<p class=\"wp-block-paragraph\"><strong><a href=\"https:\/\/serbiantimes.info\/en\/dodik-we-love-serbia-and-we-cooperate-with-croats-in-what-is-our-interest\/\" target=\"_blank\" rel=\"noopener\" title=\"\">DODIK: We love Serbia, and we cooperate with Croats in what is our interest!<\/a><\/strong><\/p>\n\n\n\n<p class=\"wp-block-paragraph\"><strong><a href=\"https:\/\/serbiantimes.info\/en\/we-slept-like-sardines-confession-of-a-serbian-truck-driver-who-spent-six-weeks-in-ice-detention\/\" target=\"_blank\" rel=\"noopener\" title=\"\">\u201cWE SLEPT LIKE SARDINES\u201d: Confession of a Serbian truck driver who spent six weeks in ICE detention!<\/a><\/strong><\/p>\n\n\n\n<p class=\"wp-block-paragraph\"><strong><a href=\"https:\/\/serbiantimes.info\/en\/third-verdict-in-the-canopy-case-higher-court-awarded-million-dollar-compensation-to-the-victims-family\/\" target=\"_blank\" rel=\"noopener\" title=\"\">THIRD VERDICT IN THE CANOPY CASE: Higher court awarded million-dollar compensation to the victim\u2019s family!<\/a><\/strong><\/p>\n\n\n\n<p class=\"wp-block-paragraph\"><strong><a href=\"https:\/\/serbiantimes.info\/en\/serbian-medicine-writes-history-our-doctors-performed-the-first-robotically-assisted-heart-surgery-in-the-region\/\" target=\"_blank\" rel=\"noopener\" title=\"\">SERBIAN MEDICINE WRITES HISTORY: Our doctors performed the first robotically assisted heart surgery in the region!<\/a><\/strong><\/p>\n\n\n\n<p class=\"wp-block-paragraph\"><strong><a href=\"https:\/\/serbiantimes.info\/en\/serbian-orthodox-church-received-part-of-the-holy-land-in-jordan-new-decani-are-rising-at-the-place-where-saint-john-baptized-jesus-christ\/\" target=\"_blank\" rel=\"noopener\" title=\"\">SERBIAN ORTHODOX CHURCH RECEIVED PART OF THE HOLY LAND IN JORDAN: New De\u010dani are rising at the place where Saint John baptized Jesus Christ!<\/a><\/strong><\/p>\n\n\n\n<p class=\"wp-block-paragraph\"><strong>Source:\u00a0<\/strong><a href=\"https:\/\/vreme.com\/drustvo\/zemljoradnik-iz-klenja-stupa-u-strajk-gladju-zbog-pasivizacije-gazdinstva\/\" target=\"_blank\" rel=\"noopener\" title=\"\">Vreme.com<\/a>, <strong>Photo: <\/strong>Printscreen Instagram<\/p>\n","protected":false},"excerpt":{"rendered":"<p>The farm of another protesting farmer has been placed in passive status, and as a result, he will go on a hunger strike on Wednesday (December 17). A farmer from the village of Klenje in Ma\u010dva received a decision by which his farm is being placed into a three-year passive status. Nemanja Lackovi\u0107 received passive [&hellip;]<\/p>\n","protected":false},"author":2169,"featured_media":195612,"comment_status":"open","ping_status":"open","sticky":false,"template":"","format":"standard","meta":{"newspack_featured_image_position":"","newspack_post_subtitle":"","newspack_article_summary_title":"Overview:","newspack_article_summary":"","newspack_hide_updated_date":false,"newspack_show_updated_date":false,"footnotes":""},"categories":[7],"tags":[10167,10168,10169,4614,5959,10170,113,9570],"class_list":["post-195611","post","type-post","status-publish","format-standard","has-post-thumbnail","hentry","category-serbia","tag-gazdinstvo","tag-macva","tag-nemalja-lackovic","tag-podrska-studentima","tag-represija","tag-selo-klenje","tag-srbija","tag-stajk-gladju","entry"],"aioseo_notices":[],"aioseo_head":"\n\t\t<!-- All in One SEO 5.0.1.1 - aioseo.com -->\n\t<meta name=\"description\" content=\"The farm of another protesting farmer has been placed in passive status, and as a result, he will go on a hunger strike on Wednesday (December 17). A farmer from the village of Klenje in Ma\u010dva received a decision by which his farm is being placed into a three-year passive status. Nemanja Lackovi\u0107 received passive\" \/>\n\t<meta name=\"robots\" content=\"max-image-preview:large\" \/>\n\t<meta name=\"author\" content=\"Serbian Times\"\/>\n\t<link rel=\"canonical\" href=\"https:\/\/serbiantimes.info\/en\/state-blocked-his-farm-because-of-protests-farmer-nemanja-starts-a-hunger-strike\/\" \/>\n\t<meta name=\"generator\" content=\"All in One SEO (AIOSEO) 5.0.1.1\" \/>\n\t\t<meta property=\"og:locale\" content=\"en_US\" \/>\n\t\t<meta property=\"og:site_name\" content=\"Serbiantimes.info EN |\" \/>\n\t\t<meta property=\"og:type\" content=\"article\" \/>\n\t\t<meta property=\"og:title\" content=\"STATE BLOCKED HIS FARM BECAUSE OF PROTESTS: Farmer Nemanja starts a hunger strike! | Serbiantimes.info EN\" \/>\n\t\t<meta property=\"og:description\" content=\"The farm of another protesting farmer has been placed in passive status, and as a result, he will go on a hunger strike on Wednesday (December 17). A farmer from the village of Klenje in Ma\u010dva received a decision by which his farm is being placed into a three-year passive status. Nemanja Lackovi\u0107 received passive\" \/>\n\t\t<meta property=\"og:url\" content=\"https:\/\/serbiantimes.info\/en\/state-blocked-his-farm-because-of-protests-farmer-nemanja-starts-a-hunger-strike\/\" \/>\n\t\t<meta property=\"og:image\" content=\"https:\/\/serbiantimes.info\/en\/wp-content\/uploads\/sites\/2\/2025\/12\/image-1200x750-3-10.png\" \/>\n\t\t<meta property=\"og:image:secure_url\" content=\"https:\/\/serbiantimes.info\/en\/wp-content\/uploads\/sites\/2\/2025\/12\/image-1200x750-3-10.png\" \/>\n\t\t<meta property=\"og:image:width\" content=\"1200\" \/>\n\t\t<meta property=\"og:image:height\" content=\"750\" \/>\n\t\t<meta property=\"article:published_time\" content=\"2025-12-17T15:32:23+00:00\" \/>\n\t\t<meta property=\"article:modified_time\" content=\"2025-12-17T15:32:24+00:00\" \/>\n\t\t<meta name=\"twitter:card\" content=\"summary_large_image\" \/>\n\t\t<meta name=\"twitter:title\" content=\"STATE BLOCKED HIS FARM BECAUSE OF PROTESTS: Farmer Nemanja starts a hunger strike! | Serbiantimes.info EN\" \/>\n\t\t<meta name=\"twitter:description\" content=\"The farm of another protesting farmer has been placed in passive status, and as a result, he will go on a hunger strike on Wednesday (December 17). A farmer from the village of Klenje in Ma\u010dva received a decision by which his farm is being placed into a three-year passive status. Nemanja Lackovi\u0107 received passive\" \/>\n\t\t<meta name=\"twitter:image\" content=\"https:\/\/serbiantimes.info\/en\/wp-content\/uploads\/sites\/2\/2025\/12\/image-1200x750-3-10.png\" \/>\n\t\t<script type=\"application\/ld+json\" class=\"aioseo-schema\">\n\t\t\t{\"@context\":\"https:\\\/\\\/schema.org\",\"@graph\":[{\"@type\":\"BlogPosting\",\"@id\":\"https:\\\/\\\/serbiantimes.info\\\/en\\\/state-blocked-his-farm-because-of-protests-farmer-nemanja-starts-a-hunger-strike\\\/#blogposting\",\"name\":\"STATE BLOCKED HIS FARM BECAUSE OF PROTESTS: Farmer Nemanja starts a hunger strike! | Serbiantimes.info EN\",\"headline\":\"STATE BLOCKED HIS FARM BECAUSE OF PROTESTS: Farmer Nemanja starts a hunger strike!\",\"author\":{\"@id\":\"https:\\\/\\\/serbiantimes.info\\\/en\\\/author\\\/serbiantimes-portal\\\/#author\"},\"publisher\":{\"@id\":\"https:\\\/\\\/serbiantimes.info\\\/en\\\/#organization\"},\"image\":{\"@type\":\"ImageObject\",\"url\":\"https:\\\/\\\/serbiantimes.info\\\/en\\\/wp-content\\\/uploads\\\/sites\\\/2\\\/2025\\\/12\\\/image-1200x750-3-10.png\",\"width\":1200,\"height\":750},\"datePublished\":\"2025-12-17T17:32:23+02:00\",\"dateModified\":\"2025-12-17T17:32:24+02:00\",\"inLanguage\":\"en-US\",\"mainEntityOfPage\":{\"@id\":\"https:\\\/\\\/serbiantimes.info\\\/en\\\/state-blocked-his-farm-because-of-protests-farmer-nemanja-starts-a-hunger-strike\\\/#webpage\"},\"isPartOf\":{\"@id\":\"https:\\\/\\\/serbiantimes.info\\\/en\\\/state-blocked-his-farm-because-of-protests-farmer-nemanja-starts-a-hunger-strike\\\/#webpage\"},\"articleSection\":\"SERBIA, gazdinstvo, Ma\\u010dva, nemalja lackovi\\u0107, podr\\u0161ka studentima, represija, selo klenje, Srbija, \\u0161tajk gla\\u0111u\"},{\"@type\":\"BreadcrumbList\",\"@id\":\"https:\\\/\\\/serbiantimes.info\\\/en\\\/state-blocked-his-farm-because-of-protests-farmer-nemanja-starts-a-hunger-strike\\\/#breadcrumblist\",\"itemListElement\":[{\"@type\":\"ListItem\",\"@id\":\"https:\\\/\\\/serbiantimes.info\\\/en#listItem\",\"position\":1,\"name\":\"Home\",\"item\":\"https:\\\/\\\/serbiantimes.info\\\/en\",\"nextItem\":{\"@type\":\"ListItem\",\"@id\":\"https:\\\/\\\/serbiantimes.info\\\/en\\\/category\\\/serbia\\\/#listItem\",\"name\":\"SERBIA\"}},{\"@type\":\"ListItem\",\"@id\":\"https:\\\/\\\/serbiantimes.info\\\/en\\\/category\\\/serbia\\\/#listItem\",\"position\":2,\"name\":\"SERBIA\",\"item\":\"https:\\\/\\\/serbiantimes.info\\\/en\\\/category\\\/serbia\\\/\",\"nextItem\":{\"@type\":\"ListItem\",\"@id\":\"https:\\\/\\\/serbiantimes.info\\\/en\\\/state-blocked-his-farm-because-of-protests-farmer-nemanja-starts-a-hunger-strike\\\/#listItem\",\"name\":\"STATE BLOCKED HIS FARM BECAUSE OF PROTESTS: Farmer Nemanja starts a hunger strike!\"},\"previousItem\":{\"@type\":\"ListItem\",\"@id\":\"https:\\\/\\\/serbiantimes.info\\\/en#listItem\",\"name\":\"Home\"}},{\"@type\":\"ListItem\",\"@id\":\"https:\\\/\\\/serbiantimes.info\\\/en\\\/state-blocked-his-farm-because-of-protests-farmer-nemanja-starts-a-hunger-strike\\\/#listItem\",\"position\":3,\"name\":\"STATE BLOCKED HIS FARM BECAUSE OF PROTESTS: Farmer Nemanja starts a hunger strike!\",\"previousItem\":{\"@type\":\"ListItem\",\"@id\":\"https:\\\/\\\/serbiantimes.info\\\/en\\\/category\\\/serbia\\\/#listItem\",\"name\":\"SERBIA\"}}]},{\"@type\":\"Organization\",\"@id\":\"https:\\\/\\\/serbiantimes.info\\\/en\\\/#organization\",\"name\":\"Serbiantimes.info EN\",\"url\":\"https:\\\/\\\/serbiantimes.info\\\/en\\\/\",\"logo\":{\"@type\":\"ImageObject\",\"url\":\"https:\\\/\\\/serbiantimes.info\\\/en\\\/wp-content\\\/uploads\\\/sites\\\/2\\\/2024\\\/10\\\/cropped-cropped-Serbian-Times-Header-Logo-1.png\",\"@id\":\"https:\\\/\\\/serbiantimes.info\\\/en\\\/state-blocked-his-farm-because-of-protests-farmer-nemanja-starts-a-hunger-strike\\\/#organizationLogo\",\"width\":480,\"height\":100},\"image\":{\"@id\":\"https:\\\/\\\/serbiantimes.info\\\/en\\\/state-blocked-his-farm-because-of-protests-farmer-nemanja-starts-a-hunger-strike\\\/#organizationLogo\"}},{\"@type\":\"Person\",\"@id\":\"https:\\\/\\\/serbiantimes.info\\\/en\\\/author\\\/serbiantimes-portal\\\/#author\",\"url\":\"https:\\\/\\\/serbiantimes.info\\\/en\\\/author\\\/serbiantimes-portal\\\/\",\"name\":\"Serbian Times\",\"image\":{\"@type\":\"ImageObject\",\"@id\":\"https:\\\/\\\/serbiantimes.info\\\/en\\\/state-blocked-his-farm-because-of-protests-farmer-nemanja-starts-a-hunger-strike\\\/#authorImage\",\"url\":\"https:\\\/\\\/secure.gravatar.com\\\/avatar\\\/ea76e009769270b4193e2bc7e032c096b4ae135483ec03b396fd0f520bc3dcfd?s=96&d=mm&r=g\",\"width\":96,\"height\":96,\"caption\":\"Serbian Times\"}},{\"@type\":\"WebPage\",\"@id\":\"https:\\\/\\\/serbiantimes.info\\\/en\\\/state-blocked-his-farm-because-of-protests-farmer-nemanja-starts-a-hunger-strike\\\/#webpage\",\"url\":\"https:\\\/\\\/serbiantimes.info\\\/en\\\/state-blocked-his-farm-because-of-protests-farmer-nemanja-starts-a-hunger-strike\\\/\",\"name\":\"STATE BLOCKED HIS FARM BECAUSE OF PROTESTS: Farmer Nemanja starts a hunger strike! | Serbiantimes.info EN\",\"description\":\"The farm of another protesting farmer has been placed in passive status, and as a result, he will go on a hunger strike on Wednesday (December 17). A farmer from the village of Klenje in Ma\\u010dva received a decision by which his farm is being placed into a three-year passive status. Nemanja Lackovi\\u0107 received passive\",\"inLanguage\":\"en-US\",\"isPartOf\":{\"@id\":\"https:\\\/\\\/serbiantimes.info\\\/en\\\/#website\"},\"breadcrumb\":{\"@id\":\"https:\\\/\\\/serbiantimes.info\\\/en\\\/state-blocked-his-farm-because-of-protests-farmer-nemanja-starts-a-hunger-strike\\\/#breadcrumblist\"},\"author\":{\"@id\":\"https:\\\/\\\/serbiantimes.info\\\/en\\\/author\\\/serbiantimes-portal\\\/#author\"},\"creator\":{\"@id\":\"https:\\\/\\\/serbiantimes.info\\\/en\\\/author\\\/serbiantimes-portal\\\/#author\"},\"image\":{\"@type\":\"ImageObject\",\"url\":\"https:\\\/\\\/serbiantimes.info\\\/en\\\/wp-content\\\/uploads\\\/sites\\\/2\\\/2025\\\/12\\\/image-1200x750-3-10.png\",\"@id\":\"https:\\\/\\\/serbiantimes.info\\\/en\\\/state-blocked-his-farm-because-of-protests-farmer-nemanja-starts-a-hunger-strike\\\/#mainImage\",\"width\":1200,\"height\":750},\"primaryImageOfPage\":{\"@id\":\"https:\\\/\\\/serbiantimes.info\\\/en\\\/state-blocked-his-farm-because-of-protests-farmer-nemanja-starts-a-hunger-strike\\\/#mainImage\"},\"datePublished\":\"2025-12-17T17:32:23+02:00\",\"dateModified\":\"2025-12-17T17:32:24+02:00\"},{\"@type\":\"WebSite\",\"@id\":\"https:\\\/\\\/serbiantimes.info\\\/en\\\/#website\",\"url\":\"https:\\\/\\\/serbiantimes.info\\\/en\\\/\",\"name\":\"Serbiantimes.info EN\",\"inLanguage\":\"en-US\",\"publisher\":{\"@id\":\"https:\\\/\\\/serbiantimes.info\\\/en\\\/#organization\"}}]}\n\t\t<\/script>\n\t\t<!-- All in One SEO -->\n\n","aioseo_head_json":{"title":"STATE BLOCKED HIS FARM BECAUSE OF PROTESTS: Farmer Nemanja starts a hunger strike! | Serbiantimes.info EN","description":"The farm of another protesting farmer has been placed in passive status, and as a result, he will go on a hunger strike on Wednesday (December 17). A farmer from the village of Klenje in Ma\u010dva received a decision by which his farm is being placed into a three-year passive status. Nemanja Lackovi\u0107 received passive","canonical_url":"https:\/\/serbiantimes.info\/en\/state-blocked-his-farm-because-of-protests-farmer-nemanja-starts-a-hunger-strike\/","robots":"max-image-preview:large","keywords":"","webmasterTools":{"miscellaneous":""},"schema":{"@context":"https:\/\/schema.org","@graph":[{"@type":"BlogPosting","@id":"https:\/\/serbiantimes.info\/en\/state-blocked-his-farm-because-of-protests-farmer-nemanja-starts-a-hunger-strike\/#blogposting","name":"STATE BLOCKED HIS FARM BECAUSE OF PROTESTS: Farmer Nemanja starts a hunger strike! | Serbiantimes.info EN","headline":"STATE BLOCKED HIS FARM BECAUSE OF PROTESTS: Farmer Nemanja starts a hunger strike!","author":{"@id":"https:\/\/serbiantimes.info\/en\/author\/serbiantimes-portal\/#author"},"publisher":{"@id":"https:\/\/serbiantimes.info\/en\/#organization"},"image":{"@type":"ImageObject","url":"https:\/\/serbiantimes.info\/en\/wp-content\/uploads\/sites\/2\/2025\/12\/image-1200x750-3-10.png","width":1200,"height":750},"datePublished":"2025-12-17T17:32:23+02:00","dateModified":"2025-12-17T17:32:24+02:00","inLanguage":"en-US","mainEntityOfPage":{"@id":"https:\/\/serbiantimes.info\/en\/state-blocked-his-farm-because-of-protests-farmer-nemanja-starts-a-hunger-strike\/#webpage"},"isPartOf":{"@id":"https:\/\/serbiantimes.info\/en\/state-blocked-his-farm-because-of-protests-farmer-nemanja-starts-a-hunger-strike\/#webpage"},"articleSection":"SERBIA, gazdinstvo, Ma\u010dva, nemalja lackovi\u0107, podr\u0161ka studentima, represija, selo klenje, Srbija, \u0161tajk gla\u0111u"},{"@type":"BreadcrumbList","@id":"https:\/\/serbiantimes.info\/en\/state-blocked-his-farm-because-of-protests-farmer-nemanja-starts-a-hunger-strike\/#breadcrumblist","itemListElement":[{"@type":"ListItem","@id":"https:\/\/serbiantimes.info\/en#listItem","position":1,"name":"Home","item":"https:\/\/serbiantimes.info\/en","nextItem":{"@type":"ListItem","@id":"https:\/\/serbiantimes.info\/en\/category\/serbia\/#listItem","name":"SERBIA"}},{"@type":"ListItem","@id":"https:\/\/serbiantimes.info\/en\/category\/serbia\/#listItem","position":2,"name":"SERBIA","item":"https:\/\/serbiantimes.info\/en\/category\/serbia\/","nextItem":{"@type":"ListItem","@id":"https:\/\/serbiantimes.info\/en\/state-blocked-his-farm-because-of-protests-farmer-nemanja-starts-a-hunger-strike\/#listItem","name":"STATE BLOCKED HIS FARM BECAUSE OF PROTESTS: Farmer Nemanja starts a hunger strike!"},"previousItem":{"@type":"ListItem","@id":"https:\/\/serbiantimes.info\/en#listItem","name":"Home"}},{"@type":"ListItem","@id":"https:\/\/serbiantimes.info\/en\/state-blocked-his-farm-because-of-protests-farmer-nemanja-starts-a-hunger-strike\/#listItem","position":3,"name":"STATE BLOCKED HIS FARM BECAUSE OF PROTESTS: Farmer Nemanja starts a hunger strike!","previousItem":{"@type":"ListItem","@id":"https:\/\/serbiantimes.info\/en\/category\/serbia\/#listItem","name":"SERBIA"}}]},{"@type":"Organization","@id":"https:\/\/serbiantimes.info\/en\/#organization","name":"Serbiantimes.info EN","url":"https:\/\/serbiantimes.info\/en\/","logo":{"@type":"ImageObject","url":"https:\/\/serbiantimes.info\/en\/wp-content\/uploads\/sites\/2\/2024\/10\/cropped-cropped-Serbian-Times-Header-Logo-1.png","@id":"https:\/\/serbiantimes.info\/en\/state-blocked-his-farm-because-of-protests-farmer-nemanja-starts-a-hunger-strike\/#organizationLogo","width":480,"height":100},"image":{"@id":"https:\/\/serbiantimes.info\/en\/state-blocked-his-farm-because-of-protests-farmer-nemanja-starts-a-hunger-strike\/#organizationLogo"}},{"@type":"Person","@id":"https:\/\/serbiantimes.info\/en\/author\/serbiantimes-portal\/#author","url":"https:\/\/serbiantimes.info\/en\/author\/serbiantimes-portal\/","name":"Serbian Times","image":{"@type":"ImageObject","@id":"https:\/\/serbiantimes.info\/en\/state-blocked-his-farm-because-of-protests-farmer-nemanja-starts-a-hunger-strike\/#authorImage","url":"https:\/\/secure.gravatar.com\/avatar\/ea76e009769270b4193e2bc7e032c096b4ae135483ec03b396fd0f520bc3dcfd?s=96&d=mm&r=g","width":96,"height":96,"caption":"Serbian Times"}},{"@type":"WebPage","@id":"https:\/\/serbiantimes.info\/en\/state-blocked-his-farm-because-of-protests-farmer-nemanja-starts-a-hunger-strike\/#webpage","url":"https:\/\/serbiantimes.info\/en\/state-blocked-his-farm-because-of-protests-farmer-nemanja-starts-a-hunger-strike\/","name":"STATE BLOCKED HIS FARM BECAUSE OF PROTESTS: Farmer Nemanja starts a hunger strike! | Serbiantimes.info EN","description":"The farm of another protesting farmer has been placed in passive status, and as a result, he will go on a hunger strike on Wednesday (December 17). A farmer from the village of Klenje in Ma\u010dva received a decision by which his farm is being placed into a three-year passive status. Nemanja Lackovi\u0107 received passive","inLanguage":"en-US","isPartOf":{"@id":"https:\/\/serbiantimes.info\/en\/#website"},"breadcrumb":{"@id":"https:\/\/serbiantimes.info\/en\/state-blocked-his-farm-because-of-protests-farmer-nemanja-starts-a-hunger-strike\/#breadcrumblist"},"author":{"@id":"https:\/\/serbiantimes.info\/en\/author\/serbiantimes-portal\/#author"},"creator":{"@id":"https:\/\/serbiantimes.info\/en\/author\/serbiantimes-portal\/#author"},"image":{"@type":"ImageObject","url":"https:\/\/serbiantimes.info\/en\/wp-content\/uploads\/sites\/2\/2025\/12\/image-1200x750-3-10.png","@id":"https:\/\/serbiantimes.info\/en\/state-blocked-his-farm-because-of-protests-farmer-nemanja-starts-a-hunger-strike\/#mainImage","width":1200,"height":750},"primaryImageOfPage":{"@id":"https:\/\/serbiantimes.info\/en\/state-blocked-his-farm-because-of-protests-farmer-nemanja-starts-a-hunger-strike\/#mainImage"},"datePublished":"2025-12-17T17:32:23+02:00","dateModified":"2025-12-17T17:32:24+02:00"},{"@type":"WebSite","@id":"https:\/\/serbiantimes.info\/en\/#website","url":"https:\/\/serbiantimes.info\/en\/","name":"Serbiantimes.info EN","inLanguage":"en-US","publisher":{"@id":"https:\/\/serbiantimes.info\/en\/#organization"}}]},"og:locale":"en_US","og:site_name":"Serbiantimes.info EN |","og:type":"article","og:title":"STATE BLOCKED HIS FARM BECAUSE OF PROTESTS: Farmer Nemanja starts a hunger strike! | Serbiantimes.info EN","og:description":"The farm of another protesting farmer has been placed in passive status, and as a result, he will go on a hunger strike on Wednesday (December 17). A farmer from the village of Klenje in Ma\u010dva received a decision by which his farm is being placed into a three-year passive status. Nemanja Lackovi\u0107 received passive","og:url":"https:\/\/serbiantimes.info\/en\/state-blocked-his-farm-because-of-protests-farmer-nemanja-starts-a-hunger-strike\/","og:image":"https:\/\/serbiantimes.info\/en\/wp-content\/uploads\/sites\/2\/2025\/12\/image-1200x750-3-10.png","og:image:secure_url":"https:\/\/serbiantimes.info\/en\/wp-content\/uploads\/sites\/2\/2025\/12\/image-1200x750-3-10.png","og:image:width":1200,"og:image:height":750,"article:published_time":"2025-12-17T15:32:23+00:00","article:modified_time":"2025-12-17T15:32:24+00:00","twitter:card":"summary_large_image","twitter:title":"STATE BLOCKED HIS FARM BECAUSE OF PROTESTS: Farmer Nemanja starts a hunger strike! | Serbiantimes.info EN","twitter:description":"The farm of another protesting farmer has been placed in passive status, and as a result, he will go on a hunger strike on Wednesday (December 17). A farmer from the village of Klenje in Ma\u010dva received a decision by which his farm is being placed into a three-year passive status. Nemanja Lackovi\u0107 received passive","twitter:image":"https:\/\/serbiantimes.info\/en\/wp-content\/uploads\/sites\/2\/2025\/12\/image-1200x750-3-10.png"},"aioseo_meta_data":{"post_id":"195611","title":null,"description":null,"keywords":null,"keyphrases":{"focus":{"keyphrase":"","score":0,"analysis":{"keyphraseInTitle":{"score":0,"maxScore":9,"error":1}}},"additional":[]},"primary_term":null,"canonical_url":null,"og_title":null,"og_description":null,"og_object_type":"default","og_image_type":"default","og_image_url":null,"og_image_width":null,"og_image_height":null,"og_image_custom_url":null,"og_image_custom_fields":null,"og_video":"","og_custom_url":null,"og_article_section":null,"og_article_tags":null,"twitter_use_og":false,"twitter_card":"default","twitter_image_type":"default","twitter_image_url":null,"twitter_image_custom_url":null,"twitter_image_custom_fields":null,"twitter_title":null,"twitter_description":null,"schema":{"blockGraphs":[],"customGraphs":[],"default":{"data":{"Article":[],"Course":[],"Dataset":[],"FAQPage":[],"Movie":[],"Person":[],"Product":[],"ProductReview":[],"Car":[],"Recipe":[],"Service":[],"SoftwareApplication":[],"WebPage":[]},"graphName":"BlogPosting","isEnabled":true},"graphs":[]},"schema_type":"default","schema_type_options":null,"pillar_content":false,"robots_default":true,"robots_noindex":false,"robots_noarchive":false,"robots_nosnippet":false,"robots_nofollow":false,"robots_noimageindex":false,"robots_noodp":false,"robots_notranslate":false,"robots_max_snippet":"-1","robots_max_videopreview":"-1","robots_max_imagepreview":"large","priority":null,"frequency":"default","local_seo":null,"breadcrumb_settings":null,"limit_modified_date":false,"ai":{"faqs":[],"keyPoints":[],"titles":[],"descriptions":[],"socialPosts":{"email":[],"linkedin":[],"twitter":[],"facebook":[],"instagram":[]}},"created":"2025-12-17 15:32:24","updated":"2025-12-17 15:44:35","focus_keyword":null,"additional_keywords":null,"truseo_locale":null,"seo_analyzer_scan_date":null},"aioseo_breadcrumb":"<div class=\"aioseo-breadcrumbs\"><span class=\"aioseo-breadcrumb\">\n\t\t\t<a href=\"https:\/\/serbiantimes.info\/en\" title=\"Home\">Home<\/a>\n\t\t<\/span><span class=\"aioseo-breadcrumb-separator\">&raquo;<\/span><span class=\"aioseo-breadcrumb\">\n\t\t\t<a href=\"https:\/\/serbiantimes.info\/en\/category\/serbia\/\" title=\"SERBIA\">SERBIA<\/a>\n\t\t<\/span><span class=\"aioseo-breadcrumb-separator\">&raquo;<\/span><span class=\"aioseo-breadcrumb\">\n\t\t\tSTATE BLOCKED HIS FARM BECAUSE OF PROTESTS: Farmer Nemanja starts a hunger strike!\n\t\t<\/span><\/div>","aioseo_breadcrumb_json":[{"label":"Home","link":"https:\/\/serbiantimes.info\/en"},{"label":"SERBIA","link":"https:\/\/serbiantimes.info\/en\/category\/serbia\/"},{"label":"STATE BLOCKED HIS FARM BECAUSE OF PROTESTS: Farmer Nemanja starts a hunger strike!","link":"https:\/\/serbiantimes.info\/en\/state-blocked-his-farm-because-of-protests-farmer-nemanja-starts-a-hunger-strike\/"}],"distributor_meta":false,"distributor_terms":false,"distributor_media":false,"distributor_original_site_name":"Serbiantimes.info EN","distributor_original_site_url":"https:\/\/serbiantimes.info\/en","push-errors":false,"_links":{"self":[{"href":"https:\/\/serbiantimes.info\/en\/wp-json\/wp\/v2\/posts\/195611","targetHints":{"allow":["GET"]}}],"collection":[{"href":"https:\/\/serbiantimes.info\/en\/wp-json\/wp\/v2\/posts"}],"about":[{"href":"https:\/\/serbiantimes.info\/en\/wp-json\/wp\/v2\/types\/post"}],"author":[{"embeddable":true,"href":"https:\/\/serbiantimes.info\/en\/wp-json\/wp\/v2\/users\/2169"}],"replies":[{"embeddable":true,"href":"https:\/\/serbiantimes.info\/en\/wp-json\/wp\/v2\/comments?post=195611"}],"version-history":[{"count":1,"href":"https:\/\/serbiantimes.info\/en\/wp-json\/wp\/v2\/posts\/195611\/revisions"}],"predecessor-version":[{"id":195683,"href":"https:\/\/serbiantimes.info\/en\/wp-json\/wp\/v2\/posts\/195611\/revisions\/195683"}],"wp:featuredmedia":[{"embeddable":true,"href":"https:\/\/serbiantimes.info\/en\/wp-json\/wp\/v2\/media\/195612"}],"wp:attachment":[{"href":"https:\/\/serbiantimes.info\/en\/wp-json\/wp\/v2\/media?parent=195611"}],"wp:term":[{"taxonomy":"category","embeddable":true,"href":"https:\/\/serbiantimes.info\/en\/wp-json\/wp\/v2\/categories?post=195611"},{"taxonomy":"post_tag","embeddable":true,"href":"https:\/\/serbiantimes.info\/en\/wp-json\/wp\/v2\/tags?post=195611"}],"curies":[{"name":"wp","href":"https:\/\/api.w.org\/{rel}","templated":true}]}}