{"id":195478,"date":"2025-12-15T23:48:54","date_gmt":"2025-12-15T21:48:54","guid":{"rendered":"https:\/\/serbiantimes.info\/en\/?p=195478"},"modified":"2025-12-15T23:49:07","modified_gmt":"2025-12-15T21:49:07","slug":"serbs-in-chicago-remembered-forgotten-lands-a-folklore-concert-that-was-more-than-a-dance-and-that-will-be-remembered-for-a-long-time-video-photo","status":"publish","type":"post","link":"https:\/\/serbiantimes.info\/en\/serbs-in-chicago-remembered-forgotten-lands-a-folklore-concert-that-was-more-than-a-dance-and-that-will-be-remembered-for-a-long-time-video-photo\/","title":{"rendered":"SERBS IN CHICAGO REMEMBERED \u201cFORGOTTEN LANDS\u201d: A folklore concert that was more than a dance and that will be remembered for a long time! (VIDEO, PHOTO)"},"content":{"rendered":"\n<p><strong><em>Last night in Chicago, the third, final part of the traditional concert of the &#8220;Oko sokolovo&#8221; ensemble was held, with which this group, along with its admirers, closed and celebrated another year of successful work.<\/em><\/strong><\/p>\n\n\n\n<p>The concert, symbolically named \u201cSerbian land is where the Serbian soul sings and dances,\u201d which was actually much more than a concert, premiered 8 new choreographies, as well as several traditional songs from centuries-old Serbian regions, including some where Serbs with their culture are no longer welcome, but no one can forbid us from remembering and mentioning them: from Baranja, through the Sarajevo Field and Herzegovina, all the way to Dalmatia and Vrlika!<\/p>\n\n\n\n<figure class=\"wp-block-image size-large is-resized\"><img loading=\"lazy\" decoding=\"async\" width=\"850\" height=\"1024\" src=\"http:\/\/serbiantimes.info\/wp-content\/uploads\/sites\/2\/2025\/12\/Oko-sokolovo4-850x1024.jpg\" alt=\"\" class=\"wp-image-195479\" style=\"aspect-ratio:0.8300907911802854;width:555px;height:auto\" srcset=\"https:\/\/serbiantimes.info\/en\/wp-content\/uploads\/sites\/2\/2025\/12\/Oko-sokolovo4-850x1024.jpg 850w, https:\/\/serbiantimes.info\/en\/wp-content\/uploads\/sites\/2\/2025\/12\/Oko-sokolovo4-249x300.jpg 249w, https:\/\/serbiantimes.info\/en\/wp-content\/uploads\/sites\/2\/2025\/12\/Oko-sokolovo4-768x925.jpg 768w, https:\/\/serbiantimes.info\/en\/wp-content\/uploads\/sites\/2\/2025\/12\/Oko-sokolovo4-1276x1536.jpg 1276w, https:\/\/serbiantimes.info\/en\/wp-content\/uploads\/sites\/2\/2025\/12\/Oko-sokolovo4-1568x1888.jpg 1568w, https:\/\/serbiantimes.info\/en\/wp-content\/uploads\/sites\/2\/2025\/12\/Oko-sokolovo4-1200x1445.jpg 1200w, https:\/\/serbiantimes.info\/en\/wp-content\/uploads\/sites\/2\/2025\/12\/Oko-sokolovo4.jpg 1700w\" sizes=\"auto, (max-width: 850px) 100vw, 850px\" \/><\/figure>\n\n\n\n<p>Every concert of this ensemble, and those who have been to at least one know this very well, besides dance and song, brings with it fragments of history, legends, and legacies, in a format that is at times more theatrical than the classical folklore one to which we are all accustomed.<\/p>\n\n\n\n<figure class=\"wp-block-image size-large is-resized\"><img loading=\"lazy\" decoding=\"async\" width=\"768\" height=\"1024\" src=\"http:\/\/serbiantimes.info\/wp-content\/uploads\/sites\/2\/2025\/12\/Oko-sokolovo11-768x1024.jpg\" alt=\"\" class=\"wp-image-195481\" style=\"width:563px;height:auto\" srcset=\"https:\/\/serbiantimes.info\/en\/wp-content\/uploads\/sites\/2\/2025\/12\/Oko-sokolovo11-768x1024.jpg 768w, https:\/\/serbiantimes.info\/en\/wp-content\/uploads\/sites\/2\/2025\/12\/Oko-sokolovo11-225x300.jpg 225w, https:\/\/serbiantimes.info\/en\/wp-content\/uploads\/sites\/2\/2025\/12\/Oko-sokolovo11-1152x1536.jpg 1152w, https:\/\/serbiantimes.info\/en\/wp-content\/uploads\/sites\/2\/2025\/12\/Oko-sokolovo11-1200x1600.jpg 1200w, https:\/\/serbiantimes.info\/en\/wp-content\/uploads\/sites\/2\/2025\/12\/Oko-sokolovo11.jpg 1536w\" sizes=\"auto, (max-width: 768px) 100vw, 768px\" \/><\/figure>\n\n\n\n<p>And last night&#8217;s was no exception to the rule, to the delight of the numerous audience that filled the hall and brought back with applause, and finally sent off Milan Andrijani\u0107 (who did all the dance choreographies) and his prot\u00e9g\u00e9s from the stage with ovations!<\/p>\n\n\n\n<iframe loading=\"lazy\" src=\"https:\/\/www.facebook.com\/plugins\/video.php?height=314&#038;href=https%3A%2F%2Fwww.facebook.com%2Fantonije.kovacevic%2Fvideos%2F879903604625716%2F&#038;show_text=false&#038;width=560&#038;t=0\" width=\"560\" height=\"314\" style=\"border:none;overflow:hidden\" scrolling=\"no\" frameborder=\"0\" allowfullscreen=\"true\" allow=\"autoplay; clipboard-write; encrypted-media; picture-in-picture; web-share\" allowFullScreen=\"true\"><\/iframe>\n\n\n\n<iframe loading=\"lazy\" src=\"https:\/\/www.facebook.com\/plugins\/video.php?height=314&#038;href=https%3A%2F%2Fwww.facebook.com%2Fantonije.kovacevic%2Fvideos%2F26454564334133289%2F&#038;show_text=false&#038;width=560&#038;t=0\" width=\"560\" height=\"314\" style=\"border:none;overflow:hidden\" scrolling=\"no\" frameborder=\"0\" allowfullscreen=\"true\" allow=\"autoplay; clipboard-write; encrypted-media; picture-in-picture; web-share\" allowFullScreen=\"true\"><\/iframe>\n\n\n\n<iframe loading=\"lazy\" src=\"https:\/\/www.facebook.com\/plugins\/video.php?height=476&#038;href=https%3A%2F%2Fwww.facebook.com%2Fantonije.kovacevic%2Fvideos%2F1364208391859199%2F&#038;show_text=false&#038;width=267&#038;t=0\" width=\"267\" height=\"476\" style=\"border:none;overflow:hidden\" scrolling=\"no\" frameborder=\"0\" allowfullscreen=\"true\" allow=\"autoplay; clipboard-write; encrypted-media; picture-in-picture; web-share\" allowFullScreen=\"true\"><\/iframe>\n\n\n\n<iframe loading=\"lazy\" src=\"https:\/\/www.facebook.com\/plugins\/video.php?height=476&#038;href=https%3A%2F%2Fwww.facebook.com%2Fantonije.kovacevic%2Fvideos%2F836871795803441%2F&#038;show_text=false&#038;width=267&#038;t=0\" width=\"267\" height=\"476\" style=\"border:none;overflow:hidden\" scrolling=\"no\" frameborder=\"0\" allowfullscreen=\"true\" allow=\"autoplay; clipboard-write; encrypted-media; picture-in-picture; web-share\" allowFullScreen=\"true\"><\/iframe>\n\n\n\n<iframe loading=\"lazy\" src=\"https:\/\/www.facebook.com\/plugins\/video.php?height=476&#038;href=https%3A%2F%2Fwww.facebook.com%2Fantonije.kovacevic%2Fvideos%2F1555950735428770%2F&#038;show_text=false&#038;width=267&#038;t=0\" width=\"267\" height=\"476\" style=\"border:none;overflow:hidden\" scrolling=\"no\" frameborder=\"0\" allowfullscreen=\"true\" allow=\"autoplay; clipboard-write; encrypted-media; picture-in-picture; web-share\" allowFullScreen=\"true\"><\/iframe>\n\n\n\n<iframe loading=\"lazy\" src=\"https:\/\/www.facebook.com\/plugins\/video.php?height=476&#038;href=https%3A%2F%2Fwww.facebook.com%2Fantonije.kovacevic%2Fvideos%2F1135156485356953%2F&#038;show_text=false&#038;width=267&#038;t=0\" width=\"267\" height=\"476\" style=\"border:none;overflow:hidden\" scrolling=\"no\" frameborder=\"0\" allowfullscreen=\"true\" allow=\"autoplay; clipboard-write; encrypted-media; picture-in-picture; web-share\" allowFullScreen=\"true\"><\/iframe>\n\n\n\n<iframe loading=\"lazy\" src=\"https:\/\/www.facebook.com\/plugins\/video.php?height=476&#038;href=https%3A%2F%2Fwww.facebook.com%2Fantonije.kovacevic%2Fvideos%2F827193156809433%2F&#038;show_text=false&#038;width=267&#038;t=0\" width=\"267\" height=\"476\" style=\"border:none;overflow:hidden\" scrolling=\"no\" frameborder=\"0\" allowfullscreen=\"true\" allow=\"autoplay; clipboard-write; encrypted-media; picture-in-picture; web-share\" allowFullScreen=\"true\"><\/iframe>\n\n\n\n<iframe loading=\"lazy\" src=\"https:\/\/www.facebook.com\/plugins\/video.php?height=476&#038;href=https%3A%2F%2Fwww.facebook.com%2Fantonije.kovacevic%2Fvideos%2F1144258597697193%2F&#038;show_text=false&#038;width=267&#038;t=0\" width=\"267\" height=\"476\" style=\"border:none;overflow:hidden\" scrolling=\"no\" frameborder=\"0\" allowfullscreen=\"true\" allow=\"autoplay; clipboard-write; encrypted-media; picture-in-picture; web-share\" allowFullScreen=\"true\"><\/iframe>\n\n\n\n<iframe loading=\"lazy\" src=\"https:\/\/www.facebook.com\/plugins\/video.php?height=476&#038;href=https%3A%2F%2Fwww.facebook.com%2Fantonije.kovacevic%2Fvideos%2F1144258597697193%2F&#038;show_text=false&#038;width=267&#038;t=0\" width=\"267\" height=\"476\" style=\"border:none;overflow:hidden\" scrolling=\"no\" frameborder=\"0\" allowfullscreen=\"true\" allow=\"autoplay; clipboard-write; encrypted-media; picture-in-picture; web-share\" allowFullScreen=\"true\"><\/iframe>\n\n\n\n<iframe loading=\"lazy\" src=\"https:\/\/www.facebook.com\/plugins\/video.php?height=476&#038;href=https%3A%2F%2Fwww.facebook.com%2Fantonije.kovacevic%2Fvideos%2F3300183173477431%2F&#038;show_text=false&#038;width=267&#038;t=0\" width=\"267\" height=\"476\" style=\"border:none;overflow:hidden\" scrolling=\"no\" frameborder=\"0\" allowfullscreen=\"true\" allow=\"autoplay; clipboard-write; encrypted-media; picture-in-picture; web-share\" allowFullScreen=\"true\"><\/iframe>\n\n\n\n<iframe loading=\"lazy\" src=\"https:\/\/www.facebook.com\/plugins\/video.php?height=314&#038;href=https%3A%2F%2Fwww.facebook.com%2Fantonije.kovacevic%2Fvideos%2F1430409672081507%2F&#038;show_text=false&#038;width=560&#038;t=0\" width=\"560\" height=\"314\" style=\"border:none;overflow:hidden\" scrolling=\"no\" frameborder=\"0\" allowfullscreen=\"true\" allow=\"autoplay; clipboard-write; encrypted-media; picture-in-picture; web-share\" allowFullScreen=\"true\"><\/iframe>\n\n\n\n<iframe loading=\"lazy\" src=\"https:\/\/www.facebook.com\/plugins\/video.php?height=314&#038;href=https%3A%2F%2Fwww.facebook.com%2Fantonije.kovacevic%2Fvideos%2F1430409672081507%2F&#038;show_text=false&#038;width=560&#038;t=0\" width=\"560\" height=\"314\" style=\"border:none;overflow:hidden\" scrolling=\"no\" frameborder=\"0\" allowfullscreen=\"true\" allow=\"autoplay; clipboard-write; encrypted-media; picture-in-picture; web-share\" allowFullScreen=\"true\"><\/iframe>\n\n\n\n<iframe loading=\"lazy\" src=\"https:\/\/www.facebook.com\/plugins\/video.php?height=476&#038;href=https%3A%2F%2Fwww.facebook.com%2Fantonije.kovacevic%2Fvideos%2F1540662910552272%2F&#038;show_text=false&#038;width=267&#038;t=0\" width=\"267\" height=\"476\" style=\"border:none;overflow:hidden\" scrolling=\"no\" frameborder=\"0\" allowfullscreen=\"true\" allow=\"autoplay; clipboard-write; encrypted-media; picture-in-picture; web-share\" allowFullScreen=\"true\"><\/iframe>\n\n\n\n<iframe loading=\"lazy\" src=\"https:\/\/www.facebook.com\/plugins\/video.php?height=476&#038;href=https%3A%2F%2Fwww.facebook.com%2Fantonije.kovacevic%2Fvideos%2F707816965519844%2F&#038;show_text=false&#038;width=267&#038;t=0\" width=\"267\" height=\"476\" style=\"border:none;overflow:hidden\" scrolling=\"no\" frameborder=\"0\" allowfullscreen=\"true\" allow=\"autoplay; clipboard-write; encrypted-media; picture-in-picture; web-share\" allowFullScreen=\"true\"><\/iframe>\n\n\n\n<iframe loading=\"lazy\" src=\"https:\/\/www.facebook.com\/plugins\/video.php?height=476&#038;href=https%3A%2F%2Fwww.facebook.com%2Fantonije.kovacevic%2Fvideos%2F707816965519844%2F&#038;show_text=false&#038;width=267&#038;t=0\" width=\"267\" height=\"476\" style=\"border:none;overflow:hidden\" scrolling=\"no\" frameborder=\"0\" allowfullscreen=\"true\" allow=\"autoplay; clipboard-write; encrypted-media; picture-in-picture; web-share\" allowFullScreen=\"true\"><\/iframe>\n\n\n\n<iframe loading=\"lazy\" src=\"https:\/\/www.facebook.com\/plugins\/video.php?height=314&#038;href=https%3A%2F%2Fwww.facebook.com%2Fantonije.kovacevic%2Fvideos%2F1206724224717444%2F&#038;show_text=false&#038;width=560&#038;t=0\" width=\"560\" height=\"314\" style=\"border:none;overflow:hidden\" scrolling=\"no\" frameborder=\"0\" allowfullscreen=\"true\" allow=\"autoplay; clipboard-write; encrypted-media; picture-in-picture; web-share\" allowFullScreen=\"true\"><\/iframe>\n\n\n\n<iframe loading=\"lazy\" src=\"https:\/\/www.facebook.com\/plugins\/video.php?height=476&#038;href=https%3A%2F%2Fwww.facebook.com%2Fantonije.kovacevic%2Fvideos%2F1592914958380479%2F&#038;show_text=false&#038;width=267&#038;t=0\" width=\"267\" height=\"476\" style=\"border:none;overflow:hidden\" scrolling=\"no\" frameborder=\"0\" allowfullscreen=\"true\" allow=\"autoplay; clipboard-write; encrypted-media; picture-in-picture; web-share\" allowFullScreen=\"true\"><\/iframe>\n\n\n\n<iframe loading=\"lazy\" src=\"https:\/\/www.facebook.com\/plugins\/video.php?height=314&#038;href=https%3A%2F%2Fwww.facebook.com%2Fantonije.kovacevic%2Fvideos%2F1191134072588728%2F&#038;show_text=false&#038;width=560&#038;t=0\" width=\"560\" height=\"314\" style=\"border:none;overflow:hidden\" scrolling=\"no\" frameborder=\"0\" allowfullscreen=\"true\" allow=\"autoplay; clipboard-write; encrypted-media; picture-in-picture; web-share\" allowFullScreen=\"true\"><\/iframe>\n\n\n\n<p>The Consul General of the Republic of Serbia in Chicago, Marko Nikoli\u0107, also attended the concert.<\/p>\n\n\n\n<p>&#8220;Oko sokolovo&#8221; will celebrate a decade of existence next year, but what they have created so far will last, be remembered, and remain recorded for centuries in the collective memory of a nation that is forced to constantly remember its roots, culture, and history \u2013 so as not to forget it in a foreign land and in emigration, which is our tragic fate.<\/p>\n\n\n\n<p><em>Thank you to them for that. Thank you for igniting the fire and not letting the hearth go out.<\/em><\/p>\n\n\n\n<figure class=\"wp-block-gallery has-nested-images columns-default is-cropped wp-block-gallery-1 is-layout-flex wp-block-gallery-is-layout-flex\">\n<figure class=\"wp-block-image size-large\"><img loading=\"lazy\" decoding=\"async\" width=\"1024\" height=\"768\" data-id=\"195482\" src=\"http:\/\/serbiantimes.info\/wp-content\/uploads\/sites\/2\/2025\/12\/Oko-sokolovo-1024x768.jpg\" alt=\"\" class=\"wp-image-195482\" srcset=\"https:\/\/serbiantimes.info\/en\/wp-content\/uploads\/sites\/2\/2025\/12\/Oko-sokolovo-1024x768.jpg 1024w, https:\/\/serbiantimes.info\/en\/wp-content\/uploads\/sites\/2\/2025\/12\/Oko-sokolovo-300x225.jpg 300w, https:\/\/serbiantimes.info\/en\/wp-content\/uploads\/sites\/2\/2025\/12\/Oko-sokolovo-768x576.jpg 768w, https:\/\/serbiantimes.info\/en\/wp-content\/uploads\/sites\/2\/2025\/12\/Oko-sokolovo-1536x1152.jpg 1536w, https:\/\/serbiantimes.info\/en\/wp-content\/uploads\/sites\/2\/2025\/12\/Oko-sokolovo-800x600.jpg 800w, https:\/\/serbiantimes.info\/en\/wp-content\/uploads\/sites\/2\/2025\/12\/Oko-sokolovo-1568x1176.jpg 1568w, https:\/\/serbiantimes.info\/en\/wp-content\/uploads\/sites\/2\/2025\/12\/Oko-sokolovo-1200x900.jpg 1200w, https:\/\/serbiantimes.info\/en\/wp-content\/uploads\/sites\/2\/2025\/12\/Oko-sokolovo.jpg 2048w\" sizes=\"auto, (max-width: 1024px) 100vw, 1024px\" \/><\/figure>\n\n\n\n<figure class=\"wp-block-image size-large\"><img loading=\"lazy\" decoding=\"async\" width=\"958\" height=\"1024\" data-id=\"195483\" src=\"http:\/\/serbiantimes.info\/wp-content\/uploads\/sites\/2\/2025\/12\/Oko-sokolovo2-958x1024.jpg\" alt=\"\" class=\"wp-image-195483\" srcset=\"https:\/\/serbiantimes.info\/en\/wp-content\/uploads\/sites\/2\/2025\/12\/Oko-sokolovo2-958x1024.jpg 958w, https:\/\/serbiantimes.info\/en\/wp-content\/uploads\/sites\/2\/2025\/12\/Oko-sokolovo2-281x300.jpg 281w, https:\/\/serbiantimes.info\/en\/wp-content\/uploads\/sites\/2\/2025\/12\/Oko-sokolovo2-768x821.jpg 768w, https:\/\/serbiantimes.info\/en\/wp-content\/uploads\/sites\/2\/2025\/12\/Oko-sokolovo2-1438x1536.jpg 1438w, https:\/\/serbiantimes.info\/en\/wp-content\/uploads\/sites\/2\/2025\/12\/Oko-sokolovo2-1568x1675.jpg 1568w, https:\/\/serbiantimes.info\/en\/wp-content\/uploads\/sites\/2\/2025\/12\/Oko-sokolovo2-1200x1282.jpg 1200w, https:\/\/serbiantimes.info\/en\/wp-content\/uploads\/sites\/2\/2025\/12\/Oko-sokolovo2.jpg 1916w\" sizes=\"auto, (max-width: 958px) 100vw, 958px\" \/><\/figure>\n\n\n\n<figure class=\"wp-block-image size-large\"><img loading=\"lazy\" decoding=\"async\" width=\"587\" height=\"1024\" data-id=\"195485\" src=\"http:\/\/serbiantimes.info\/wp-content\/uploads\/sites\/2\/2025\/12\/Oko-sokolovo3-587x1024.jpg\" alt=\"\" class=\"wp-image-195485\" srcset=\"https:\/\/serbiantimes.info\/en\/wp-content\/uploads\/sites\/2\/2025\/12\/Oko-sokolovo3-587x1024.jpg 587w, https:\/\/serbiantimes.info\/en\/wp-content\/uploads\/sites\/2\/2025\/12\/Oko-sokolovo3-172x300.jpg 172w, https:\/\/serbiantimes.info\/en\/wp-content\/uploads\/sites\/2\/2025\/12\/Oko-sokolovo3-768x1341.jpg 768w, https:\/\/serbiantimes.info\/en\/wp-content\/uploads\/sites\/2\/2025\/12\/Oko-sokolovo3-880x1536.jpg 880w, https:\/\/serbiantimes.info\/en\/wp-content\/uploads\/sites\/2\/2025\/12\/Oko-sokolovo3.jpg 1172w\" sizes=\"auto, (max-width: 587px) 100vw, 587px\" \/><\/figure>\n\n\n\n<figure class=\"wp-block-image size-large\"><img loading=\"lazy\" decoding=\"async\" width=\"850\" height=\"1024\" data-id=\"195486\" src=\"http:\/\/serbiantimes.info\/wp-content\/uploads\/sites\/2\/2025\/12\/Oko-sokolovo4-1-850x1024.jpg\" alt=\"\" class=\"wp-image-195486\" srcset=\"https:\/\/serbiantimes.info\/en\/wp-content\/uploads\/sites\/2\/2025\/12\/Oko-sokolovo4-1-850x1024.jpg 850w, https:\/\/serbiantimes.info\/en\/wp-content\/uploads\/sites\/2\/2025\/12\/Oko-sokolovo4-1-249x300.jpg 249w, https:\/\/serbiantimes.info\/en\/wp-content\/uploads\/sites\/2\/2025\/12\/Oko-sokolovo4-1-768x925.jpg 768w, https:\/\/serbiantimes.info\/en\/wp-content\/uploads\/sites\/2\/2025\/12\/Oko-sokolovo4-1-1276x1536.jpg 1276w, https:\/\/serbiantimes.info\/en\/wp-content\/uploads\/sites\/2\/2025\/12\/Oko-sokolovo4-1-1568x1888.jpg 1568w, https:\/\/serbiantimes.info\/en\/wp-content\/uploads\/sites\/2\/2025\/12\/Oko-sokolovo4-1-1200x1445.jpg 1200w, https:\/\/serbiantimes.info\/en\/wp-content\/uploads\/sites\/2\/2025\/12\/Oko-sokolovo4-1.jpg 1700w\" sizes=\"auto, (max-width: 850px) 100vw, 850px\" \/><\/figure>\n\n\n\n<figure class=\"wp-block-image size-large\"><img loading=\"lazy\" decoding=\"async\" width=\"916\" height=\"1024\" data-id=\"195487\" src=\"http:\/\/serbiantimes.info\/wp-content\/uploads\/sites\/2\/2025\/12\/Oko-sokolovo5-916x1024.jpg\" alt=\"\" class=\"wp-image-195487\" srcset=\"https:\/\/serbiantimes.info\/en\/wp-content\/uploads\/sites\/2\/2025\/12\/Oko-sokolovo5-916x1024.jpg 916w, https:\/\/serbiantimes.info\/en\/wp-content\/uploads\/sites\/2\/2025\/12\/Oko-sokolovo5-268x300.jpg 268w, https:\/\/serbiantimes.info\/en\/wp-content\/uploads\/sites\/2\/2025\/12\/Oko-sokolovo5-768x859.jpg 768w, https:\/\/serbiantimes.info\/en\/wp-content\/uploads\/sites\/2\/2025\/12\/Oko-sokolovo5-1374x1536.jpg 1374w, https:\/\/serbiantimes.info\/en\/wp-content\/uploads\/sites\/2\/2025\/12\/Oko-sokolovo5-1568x1753.jpg 1568w, https:\/\/serbiantimes.info\/en\/wp-content\/uploads\/sites\/2\/2025\/12\/Oko-sokolovo5-1200x1341.jpg 1200w, https:\/\/serbiantimes.info\/en\/wp-content\/uploads\/sites\/2\/2025\/12\/Oko-sokolovo5.jpg 1832w\" sizes=\"auto, (max-width: 916px) 100vw, 916px\" \/><\/figure>\n\n\n\n<figure class=\"wp-block-image size-large\"><img loading=\"lazy\" decoding=\"async\" width=\"768\" height=\"1024\" data-id=\"195488\" src=\"http:\/\/serbiantimes.info\/wp-content\/uploads\/sites\/2\/2025\/12\/Oko-sokolovo6-768x1024.jpg\" alt=\"\" class=\"wp-image-195488\" srcset=\"https:\/\/serbiantimes.info\/en\/wp-content\/uploads\/sites\/2\/2025\/12\/Oko-sokolovo6-768x1024.jpg 768w, https:\/\/serbiantimes.info\/en\/wp-content\/uploads\/sites\/2\/2025\/12\/Oko-sokolovo6-225x300.jpg 225w, https:\/\/serbiantimes.info\/en\/wp-content\/uploads\/sites\/2\/2025\/12\/Oko-sokolovo6-1152x1536.jpg 1152w, https:\/\/serbiantimes.info\/en\/wp-content\/uploads\/sites\/2\/2025\/12\/Oko-sokolovo6-1200x1600.jpg 1200w, https:\/\/serbiantimes.info\/en\/wp-content\/uploads\/sites\/2\/2025\/12\/Oko-sokolovo6.jpg 1536w\" sizes=\"auto, (max-width: 768px) 100vw, 768px\" \/><\/figure>\n\n\n\n<figure class=\"wp-block-image size-large\"><img loading=\"lazy\" decoding=\"async\" width=\"768\" height=\"1024\" data-id=\"195489\" src=\"http:\/\/serbiantimes.info\/wp-content\/uploads\/sites\/2\/2025\/12\/Oko-sokolovo8-768x1024.jpg\" alt=\"\" class=\"wp-image-195489\" srcset=\"https:\/\/serbiantimes.info\/en\/wp-content\/uploads\/sites\/2\/2025\/12\/Oko-sokolovo8-768x1024.jpg 768w, https:\/\/serbiantimes.info\/en\/wp-content\/uploads\/sites\/2\/2025\/12\/Oko-sokolovo8-225x300.jpg 225w, https:\/\/serbiantimes.info\/en\/wp-content\/uploads\/sites\/2\/2025\/12\/Oko-sokolovo8-1152x1536.jpg 1152w, https:\/\/serbiantimes.info\/en\/wp-content\/uploads\/sites\/2\/2025\/12\/Oko-sokolovo8-1200x1600.jpg 1200w, https:\/\/serbiantimes.info\/en\/wp-content\/uploads\/sites\/2\/2025\/12\/Oko-sokolovo8.jpg 1536w\" sizes=\"auto, (max-width: 768px) 100vw, 768px\" \/><\/figure>\n\n\n\n<figure class=\"wp-block-image size-large\"><img loading=\"lazy\" decoding=\"async\" width=\"1024\" height=\"768\" data-id=\"195490\" src=\"http:\/\/serbiantimes.info\/wp-content\/uploads\/sites\/2\/2025\/12\/Oko-sokolovo9-1024x768.jpg\" alt=\"\" class=\"wp-image-195490\" srcset=\"https:\/\/serbiantimes.info\/en\/wp-content\/uploads\/sites\/2\/2025\/12\/Oko-sokolovo9-1024x768.jpg 1024w, https:\/\/serbiantimes.info\/en\/wp-content\/uploads\/sites\/2\/2025\/12\/Oko-sokolovo9-300x225.jpg 300w, https:\/\/serbiantimes.info\/en\/wp-content\/uploads\/sites\/2\/2025\/12\/Oko-sokolovo9-768x576.jpg 768w, https:\/\/serbiantimes.info\/en\/wp-content\/uploads\/sites\/2\/2025\/12\/Oko-sokolovo9-1536x1152.jpg 1536w, https:\/\/serbiantimes.info\/en\/wp-content\/uploads\/sites\/2\/2025\/12\/Oko-sokolovo9-800x600.jpg 800w, https:\/\/serbiantimes.info\/en\/wp-content\/uploads\/sites\/2\/2025\/12\/Oko-sokolovo9-1568x1176.jpg 1568w, https:\/\/serbiantimes.info\/en\/wp-content\/uploads\/sites\/2\/2025\/12\/Oko-sokolovo9-1200x900.jpg 1200w, https:\/\/serbiantimes.info\/en\/wp-content\/uploads\/sites\/2\/2025\/12\/Oko-sokolovo9.jpg 2048w\" sizes=\"auto, (max-width: 1024px) 100vw, 1024px\" \/><\/figure>\n\n\n\n<figure class=\"wp-block-image size-large\"><img loading=\"lazy\" decoding=\"async\" width=\"768\" height=\"1024\" data-id=\"195491\" src=\"http:\/\/serbiantimes.info\/wp-content\/uploads\/sites\/2\/2025\/12\/Oko-sokolovo10-768x1024.jpg\" alt=\"\" class=\"wp-image-195491\" srcset=\"https:\/\/serbiantimes.info\/en\/wp-content\/uploads\/sites\/2\/2025\/12\/Oko-sokolovo10-768x1024.jpg 768w, https:\/\/serbiantimes.info\/en\/wp-content\/uploads\/sites\/2\/2025\/12\/Oko-sokolovo10-225x300.jpg 225w, https:\/\/serbiantimes.info\/en\/wp-content\/uploads\/sites\/2\/2025\/12\/Oko-sokolovo10-1152x1536.jpg 1152w, https:\/\/serbiantimes.info\/en\/wp-content\/uploads\/sites\/2\/2025\/12\/Oko-sokolovo10-1200x1600.jpg 1200w, https:\/\/serbiantimes.info\/en\/wp-content\/uploads\/sites\/2\/2025\/12\/Oko-sokolovo10.jpg 1536w\" sizes=\"auto, (max-width: 768px) 100vw, 768px\" \/><\/figure>\n<\/figure>\n\n\n\n<h4 class=\"wp-block-heading\"><mark style=\"background-color:#FFFFFF;color:#d21414\" class=\"has-inline-color\">MORE TOPICS:<\/mark><\/h4>\n\n\n\n<p><strong><a href=\"https:\/\/serbiantimes.info\/en\/those-are-real-heroes-a-muslim-and-a-refugee-risked-their-lives-to-prevent-a-terrorist-attack-in-sydney\/\" target=\"_blank\" rel=\"noopener\" title=\"\">THOSE ARE REAL HEROES: A Muslim and a refugee risked their lives to prevent a terrorist attack in Sydney!<\/a><\/strong><\/p>\n\n\n\n<p><strong><a href=\"https:\/\/serbiantimes.info\/en\/without-mobile-phone-even-during-breaks-serbia-bans-the-use-of-phones-in-schools-bill-is-ready\/\" target=\"_blank\" rel=\"noopener\" title=\"\">WITHOUT MOBILE PHONE EVEN DURING BREAKS: Serbia bans the use of phones in schools, bill is ready!<\/a><\/strong><\/p>\n\n\n\n<p><strong><a href=\"https:\/\/serbiantimes.info\/en\/when-he-plays-basketball-is-an-easy-and-simple-game-vlade-divac-spoke-out-about-the-encounter-with-jokic\/\" target=\"_blank\" rel=\"noopener\" title=\"\">\u201cWHEN HE PLAYS, BASKETBALL IS AN EASY AND SIMPLE GAME\u201d: Vlade Divac spoke out about the encounter with Joki\u0107!<\/a><\/strong><\/p>\n\n\n\n<p><strong><a href=\"https:\/\/serbiantimes.info\/en\/jovanovic-took-office-the-serb-began-his-mandate-as-head-of-the-export-import-bank-of-the-united-states\/\" target=\"_blank\" rel=\"noopener\" title=\"\">JOVANOVI\u0106 TOOK OFFICE: The Serb began his mandate as head of the Export-Import Bank of the United States!<\/a><\/strong><\/p>\n\n\n\n<p><strong><a href=\"https:\/\/serbiantimes.info\/en\/we-havent-seen-him-for-five-years-a-serbian-hunting-club-membership-card-was-found-on-the-sydney-terrorist\/\" target=\"_blank\" rel=\"noopener\" title=\"\">\u201cWE HAVEN\u2019T SEEN HIM FOR FIVE YEARS\u201d: A Serbian hunting club membership card was found on the Sydney terrorist!<\/a><\/strong><\/p>\n\n\n\n<p><strong><a href=\"https:\/\/serbiantimes.info\/en\/dokovic-in-the-spotlight-donald-trumps-son-reacted-to-the-massacre-in-australia-with-a-brutal-post\/\" target=\"_blank\" rel=\"noopener\" title=\"\">\u0110OKOVI\u0106 IN THE SPOTLIGHT: Donald Trump\u2019s son reacted to the massacre in Australia with a brutal post!<\/a><\/strong><\/p>\n\n\n\n<p><strong>Author:<\/strong> Antonije Kova\u010devi\u0107.<strong><a href=\"https:\/\/serbiantimes.info\/djokovic-u-centru-paznje-sin-donalda-trampa-brutalnom-objavom-reagovao-na-masakr-u-australiji\/\" title=\"\"><br><\/a><a href=\"https:\/\/serbiantimes.info\/lazna-dojava-uznemirila-balkance-u-cikagu-nije-bilo-ice-racije-u-restoranu-skadarliya-montirana-ai-fotka-izazvala-uzbunu-foto\/\" title=\"\"><br><\/a><a href=\"https:\/\/serbiantimes.info\/srbin-novi-sef-bmw-a-evo-ko-je-milan-nedeljkovic-iz-krusevca-koji-ce-voditi-nemackog-auto-giganta-video\/\" title=\"\"><br><\/a><a href=\"https:\/\/serbiantimes.info\/porota-donela-odluku-brajan-vols-proglasen-krivim-za-ubistvo-supruge-ane-vols-video\/\" title=\"\"><br><\/a><\/strong><\/p>\n","protected":false},"excerpt":{"rendered":"<p>Last night in Chicago, the third, final part of the traditional concert of the &#8220;Oko sokolovo&#8221; ensemble was held, with which this group, along with its admirers, closed and celebrated another year of successful work. The concert, symbolically named \u201cSerbian land is where the Serbian soul sings and dances,\u201d which was actually much more than [&hellip;]<\/p>\n","protected":false},"author":8,"featured_media":195492,"comment_status":"open","ping_status":"open","sticky":false,"template":"","format":"standard","meta":{"newspack_featured_image_position":"","newspack_post_subtitle":"","newspack_article_summary_title":"Overview:","newspack_article_summary":"","newspack_hide_updated_date":false,"newspack_show_updated_date":false,"footnotes":""},"categories":[5],"tags":[10152,1778,4476,500,8103,2901,10153,7916,2902,10154,10155],"class_list":["post-195478","post","type-post","status-publish","format-standard","has-post-thumbnail","hentry","category-diaspora","tag-baranja","tag-cikago","tag-dalmacija","tag-dijaspora","tag-folklor","tag-folklorni-ansambl-oko-sokolovo","tag-kordun","tag-krajina","tag-milan-andrijanic","tag-srpska-zemlja-je-gde-zapeva-i-zaigra-srpska-dusa","tag-srpske-igre","entry"],"aioseo_notices":[],"distributor_meta":false,"distributor_terms":false,"distributor_media":false,"distributor_original_site_name":"Serbiantimes.info EN","distributor_original_site_url":"https:\/\/serbiantimes.info\/en","push-errors":false,"_links":{"self":[{"href":"https:\/\/serbiantimes.info\/en\/wp-json\/wp\/v2\/posts\/195478","targetHints":{"allow":["GET"]}}],"collection":[{"href":"https:\/\/serbiantimes.info\/en\/wp-json\/wp\/v2\/posts"}],"about":[{"href":"https:\/\/serbiantimes.info\/en\/wp-json\/wp\/v2\/types\/post"}],"author":[{"embeddable":true,"href":"https:\/\/serbiantimes.info\/en\/wp-json\/wp\/v2\/users\/8"}],"replies":[{"embeddable":true,"href":"https:\/\/serbiantimes.info\/en\/wp-json\/wp\/v2\/comments?post=195478"}],"version-history":[{"count":4,"href":"https:\/\/serbiantimes.info\/en\/wp-json\/wp\/v2\/posts\/195478\/revisions"}],"predecessor-version":[{"id":195514,"href":"https:\/\/serbiantimes.info\/en\/wp-json\/wp\/v2\/posts\/195478\/revisions\/195514"}],"wp:featuredmedia":[{"embeddable":true,"href":"https:\/\/serbiantimes.info\/en\/wp-json\/wp\/v2\/media\/195492"}],"wp:attachment":[{"href":"https:\/\/serbiantimes.info\/en\/wp-json\/wp\/v2\/media?parent=195478"}],"wp:term":[{"taxonomy":"category","embeddable":true,"href":"https:\/\/serbiantimes.info\/en\/wp-json\/wp\/v2\/categories?post=195478"},{"taxonomy":"post_tag","embeddable":true,"href":"https:\/\/serbiantimes.info\/en\/wp-json\/wp\/v2\/tags?post=195478"}],"curies":[{"name":"wp","href":"https:\/\/api.w.org\/{rel}","templated":true}]}}