{"id":194949,"date":"2025-12-10T19:42:00","date_gmt":"2025-12-10T17:42:00","guid":{"rendered":"https:\/\/serbiantimes.info\/en\/?p=194949"},"modified":"2025-12-10T21:57:59","modified_gmt":"2025-12-10T19:57:59","slug":"the-municipal-building-devastated-councilors-in-zvecan-found-demolished-offices-trash-scattered-through-the-hallways-video","status":"publish","type":"post","link":"https:\/\/serbiantimes.info\/en\/the-municipal-building-devastated-councilors-in-zvecan-found-demolished-offices-trash-scattered-through-the-hallways-video\/","title":{"rendered":"THE MUNICIPAL BUILDING DEVASTATED: Councilors in Zve\u010dan found demolished offices, trash scattered through the hallways! (VIDEO)"},"content":{"rendered":"\n<p>The newly elected leadership of the Municipality of Zve\u010dan toured the offices in the municipal building and found broken furniture piled up in heaps, scattered documents, and graffiti written on the walls.<\/p>\n\n\n\n<p>The rooms in the municipal building were demolished, binders with documents were thrown around, and trash was scattered throughout the offices and hallways.<\/p>\n\n\n\n<p>The mayor of Zve\u010dan, Dragi\u0161a Milovi\u0107, previously stated that the rooms in the municipal building were devastated, the basements were filled with water, and artworks and icons were destroyed. He emphasized that the responsible teams were working on repairing the damage in order to ensure the safety of the facility.<\/p>\n\n\n\n<p>He added that it is known that special police units had been stationed in the municipal building for three years.<\/p>\n\n\n\n<blockquote class=\"twitter-tweet\"><p lang=\"und\" dir=\"ltr\">Srpska lista objavila video prostorija zgrade op\u0161tine Zve\u010dan koje su, kako tvrde, zatekli pri ulasku u op\u0161tinu <a href=\"https:\/\/t.co\/tiUEuvnocv\">pic.twitter.com\/tiUEuvnocv<\/a><\/p>&mdash; KoSSev\/Kosovo Sever portal (@KoSSevnews) <a href=\"https:\/\/twitter.com\/KoSSevnews\/status\/1998755732544704597?ref_src=twsrc%5Etfw\">December 10, 2025<\/a><\/blockquote> <script async src=\"https:\/\/platform.twitter.com\/widgets.js\" charset=\"utf-8\"><\/script>\n\n\n\n<p>On Friday, assemblies were constituted in nine municipalities with a Serbian majority in Kosovo and Metohija, and newly elected mayors from the Serb List assumed office.<\/p>\n\n\n\n<p>In four municipalities in the north of KiM, the new mayors assumed their duties from Albanian mayors elected in the April 2023 elections, in which only 3.5 percent of registered voters participated. Those elections were held after Serbian representatives withdrew from provisional institutions due to Pristina\u2019s unilateral and escalatory actions and violations of agreements.<\/p>\n\n\n\n<p>During the time Albanian mayors led the four northern municipalities of KiM, Serbian institutions were removed from the buildings they had been using, street names were changed, signs with settlement names in Cyrillic were removed, and replaced with signs where names were written first in Albanian, then in Serbian using Latin script, often spelled incorrectly.<\/p>\n\n\n\n<h4 class=\"wp-block-heading\"><mark style=\"background-color:#FFFFFF;color:#d21414\" class=\"has-inline-color\">MORE TOPICS:<\/mark><\/h4>\n\n\n\n<p><strong><a href=\"https:\/\/serbiantimes.info\/en\/dodik-bih-will-not-become-a-member-of-nato-because-republika-srpska-opposes-it\/\" target=\"_blank\" rel=\"noopener\" title=\"\">DODIK: BiH will not become a member of NATO, because Republika Srpska opposes it!<\/a><\/strong><\/p>\n\n\n\n<p><strong><a href=\"https:\/\/serbiantimes.info\/en\/application-of-the-law-means-the-fall-of-the-regime-how-selakovics-response-to-the-prosecution-exposed-the-nature-of-the-rule-of-vucic-and-the-sns\/\" target=\"_blank\" rel=\"noopener\" title=\"\">\u201cAPPLICATION OF THE LAW MEANS THE FALL OF THE REGIME\u201d: How Selakovi\u0107\u2019s response to the prosecution exposed the nature of the rule of Vu\u010di\u0107 and the SNS<\/a><\/strong><\/p>\n\n\n\n<p><strong><a href=\"https:\/\/serbiantimes.info\/en\/great-response-from-citizens-over-19000-requests-for-the-legalization-of-buildings-on-the-first-day-of-the-svoj-na-svome-platform\/\" target=\"_blank\" rel=\"noopener\" title=\"\">GREAT RESPONSE FROM CITIZENS: Over 19,000 requests for the legalization of buildings on the first day of the \u201cSvoj na svome\u201d platform!<\/a><\/strong><\/p>\n\n\n\n<p><strong><a href=\"https:\/\/serbiantimes.info\/en\/double-murder-in-niksic-the-bodies-of-a-woman-and-a-man-were-found-the-police-identified-the-attacker\/\" target=\"_blank\" rel=\"noopener\" title=\"\">DOUBLE MURDER IN NIK\u0160I\u0106: The bodies of a woman and a man were found, the police identified the attacker!<\/a><\/strong><\/p>\n\n\n\n<p><strong><a href=\"https:\/\/serbiantimes.info\/en\/the-most-famous-love-of-serbian-literature-how-laza-kostic-and-lenka-dunderski-loved-each-other-and-how-santa-maria-della-salute-was-created\/\" target=\"_blank\" rel=\"noopener\" title=\"\">THE MOST FAMOUS LOVE OF SERBIAN LITERATURE: How Laza Kosti\u0107 and Lenka Dun\u0111erski loved each other and how \u2018Santa Maria della Salute\u2019 was created!<\/a><\/strong><\/p>\n\n\n\n<p><strong><a href=\"https:\/\/serbiantimes.info\/en\/today-we-celebrate-saint-alimpius-he-stopped-the-plague-and-leprosy-avoid-eating-this-today\/\" target=\"_blank\" rel=\"noopener\" title=\"\">TODAY WE CELEBRATE SAINT ALIMPIUS: He stopped the plague and leprosy, avoid eating this today!<\/a><\/strong><\/p>\n\n\n\n<p><strong>Source<\/strong>: <a href=\"https:\/\/www.euronews.rs\/srbija\/politika\/200627\/demolirane-prostorije-u-opstini-zvecan\/vest\" target=\"_blank\" rel=\"noopener\" title=\"\">Euronews<\/a>; <strong>Foto<\/strong>:<\/p>\n","protected":false},"excerpt":{"rendered":"<p>The newly elected leadership of the Municipality of Zve\u010dan toured the offices in the municipal building and found broken furniture piled up in heaps, scattered documents, and graffiti written on the walls. The rooms in the municipal building were demolished, binders with documents were thrown around, and trash was scattered throughout the offices and hallways. [&hellip;]<\/p>\n","protected":false},"author":2169,"featured_media":194950,"comment_status":"open","ping_status":"open","sticky":false,"template":"","format":"standard","meta":{"newspack_featured_image_position":"","newspack_post_subtitle":"","newspack_article_summary_title":"Overview:","newspack_article_summary":"","newspack_hide_updated_date":false,"newspack_show_updated_date":false,"footnotes":""},"categories":[7],"tags":[108,109,1199,10048,3677,113,4798,1160],"class_list":["post-194949","post","type-post","status-publish","format-standard","has-post-thumbnail","hentry","category-serbia","tag-kosovo","tag-kosovo-i-metohija","tag-nasilje-nad-srbima","tag-opstina-zvecan","tag-srbi-na-kosovu","tag-srbija","tag-srpska-lista","tag-zvecan","entry"],"aioseo_notices":[],"distributor_meta":false,"distributor_terms":false,"distributor_media":false,"distributor_original_site_name":"Serbiantimes.info EN","distributor_original_site_url":"https:\/\/serbiantimes.info\/en","push-errors":false,"_links":{"self":[{"href":"https:\/\/serbiantimes.info\/en\/wp-json\/wp\/v2\/posts\/194949","targetHints":{"allow":["GET"]}}],"collection":[{"href":"https:\/\/serbiantimes.info\/en\/wp-json\/wp\/v2\/posts"}],"about":[{"href":"https:\/\/serbiantimes.info\/en\/wp-json\/wp\/v2\/types\/post"}],"author":[{"embeddable":true,"href":"https:\/\/serbiantimes.info\/en\/wp-json\/wp\/v2\/users\/2169"}],"replies":[{"embeddable":true,"href":"https:\/\/serbiantimes.info\/en\/wp-json\/wp\/v2\/comments?post=194949"}],"version-history":[{"count":3,"href":"https:\/\/serbiantimes.info\/en\/wp-json\/wp\/v2\/posts\/194949\/revisions"}],"predecessor-version":[{"id":194995,"href":"https:\/\/serbiantimes.info\/en\/wp-json\/wp\/v2\/posts\/194949\/revisions\/194995"}],"wp:featuredmedia":[{"embeddable":true,"href":"https:\/\/serbiantimes.info\/en\/wp-json\/wp\/v2\/media\/194950"}],"wp:attachment":[{"href":"https:\/\/serbiantimes.info\/en\/wp-json\/wp\/v2\/media?parent=194949"}],"wp:term":[{"taxonomy":"category","embeddable":true,"href":"https:\/\/serbiantimes.info\/en\/wp-json\/wp\/v2\/categories?post=194949"},{"taxonomy":"post_tag","embeddable":true,"href":"https:\/\/serbiantimes.info\/en\/wp-json\/wp\/v2\/tags?post=194949"}],"curies":[{"name":"wp","href":"https:\/\/api.w.org\/{rel}","templated":true}]}}