{"id":194544,"date":"2025-12-05T18:20:15","date_gmt":"2025-12-05T16:20:15","guid":{"rendered":"https:\/\/serbiantimes.info\/en\/?p=194544"},"modified":"2025-12-05T18:20:16","modified_gmt":"2025-12-05T16:20:16","slug":"bad-news-for-travelers-america-expands-the-list-of-countries-whose-citizens-are-banned-from-entry-to-over-30","status":"publish","type":"post","link":"https:\/\/serbiantimes.info\/en\/bad-news-for-travelers-america-expands-the-list-of-countries-whose-citizens-are-banned-from-entry-to-over-30\/","title":{"rendered":"BAD NEWS FOR TRAVELERS: America Expands the List of Countries Whose Citizens Are Banned From Entry to Over 30!"},"content":{"rendered":"\n<p>The United States plans to expand the number of countries covered by the travel ban to more than 30, said U.S. Secretary of Homeland Security Kristi Noem.<\/p>\n\n\n\n<p>\u201cI will not be precise about the exact number, but it is higher than 30, and the president continues to assess the countries,\u201d Noem said in an interview with Fox News, responding to a question on whether the administration of U.S. President Donald Trump plans to increase the number of countries covered by the ban to 32.<\/p>\n\n\n\n<p>Noem did not specify which countries will be added to the list.<\/p>\n\n\n\n<p>\u201cIf they don\u2019t have a stable government, if they don\u2019t have a country that can sustain itself and tell us who these individuals are and help us vet them, why would we allow people from that country to come here to the United States,\u201d she said.<\/p>\n\n\n\n<h4 class=\"wp-block-heading\"><mark style=\"background-color:#FFFFFF;color:#d21414\" class=\"has-inline-color\">FIND OUT MORE: <\/mark><\/h4>\n\n\n\n<figure class=\"wp-block-embed is-type-wp-embed is-provider-serbiantimes-info wp-block-embed-serbiantimes-info\"><div class=\"wp-block-embed__wrapper\">\n<blockquote class=\"wp-embedded-content\" data-secret=\"XjgCHlyZXo\"><a href=\"https:\/\/serbiantimes.info\/nesa-roming-rusio-trampa-tajkun-blizak-sns-stoji-iza-firme-dominion-koju-predsednik-sad-optuzuje-za-kradju-izbora\/\">NE\u0160A ROMING RU\u0160IO TRAMPA? Tajkun blizak SNS stoji iza firme &#8222;Dominion&#8220;, koju predsednik SAD optu\u017euje za kra\u0111u izbora!<\/a><\/blockquote><iframe loading=\"lazy\" class=\"wp-embedded-content\" sandbox=\"allow-scripts\" security=\"restricted\" style=\"position: absolute; visibility: hidden;\" title=\"&#132;NE\u0160A ROMING RU\u0160IO TRAMPA? Tajkun blizak SNS stoji iza firme &#8222;Dominion&#8220;, koju predsednik SAD optu\u017euje za kra\u0111u izbora!&#147; &#8212; Serbiantimes.info\" src=\"https:\/\/serbiantimes.info\/nesa-roming-rusio-trampa-tajkun-blizak-sns-stoji-iza-firme-dominion-koju-predsednik-sad-optuzuje-za-kradju-izbora\/embed\/#?secret=q4gHTqhL3v#?secret=XjgCHlyZXo\" data-secret=\"XjgCHlyZXo\" width=\"500\" height=\"282\" frameborder=\"0\" marginwidth=\"0\" marginheight=\"0\" scrolling=\"no\"><\/iframe>\n<\/div><\/figure>\n\n\n\n<p>Trump signed a proclamation in June banning citizens of 12 countries from entering the United States and restricting entry for citizens of seven other countries, saying it was necessary for protection against foreign terrorists and other security threats.<\/p>\n\n\n\n<p>The bans apply both to immigrants and non-immigrants, such as tourists, students, and business travelers.<\/p>\n\n\n\n<h4 class=\"wp-block-heading\"><mark style=\"background-color:#FFFFFF;color:#d21414\" class=\"has-inline-color\">MORE TOPICS:<\/mark><\/h4>\n\n\n\n<p><strong><a href=\"https:\/\/serbiantimes.info\/en\/emotional-address-by-zeljko-obradovic-ostoja-mijailovic-bears-responsibility-for-the-situation-in-partizan-full-video\/\" target=\"_blank\" rel=\"noopener\" title=\"\">EMOTIONAL ADDRESS BY \u017dELJKO OBRADOVI\u0106: \u201cOstoja Mijailovi\u0107 bears responsibility for the situation in Partizan!\u201d (FULL VIDEO)<\/a><\/strong><\/p>\n\n\n\n<p><strong><a href=\"https:\/\/serbiantimes.info\/en\/confession-of-a-serbian-nurse-when-i-moved-to-norway-i-had-no-idea-what-would-befall-us-i-watched-my-children-crying-video\/\" target=\"_blank\" rel=\"noopener\" title=\"\">CONFESSION OF A SERBIAN NURSE: \u201cWhen I moved to Norway I had no idea what would befall us, I watched my children crying\u201d (VIDEO)<\/a><\/strong><\/p>\n\n\n\n<p><strong><a href=\"https:\/\/serbiantimes.info\/en\/brian-pushed-ana-in-a-panic-she-fell-off-the-bed-the-defense-presented-shocking-details-at-the-trial-in-the-case-of-the-murdered-serbian-woman\/\" target=\"_blank\" rel=\"noopener\" title=\"\">\u201cBRIAN PUSHED ANA IN A PANIC, SHE FELL OFF THE BED\u201d: The defense presented shocking details at the trial in the case of the murdered Serbian woman!<\/a><\/strong><\/p>\n\n\n\n<p><strong><a href=\"https:\/\/serbiantimes.info\/en\/prosecutors-office-for-organized-crime-ordered-the-arrest-of-the-minister-selakovic-came-in-front-of-the-building-and-insulted-the-prosecutors\/\" target=\"_blank\" rel=\"noopener\" title=\"\">PROSECUTOR\u2019S OFFICE FOR ORGANIZED CRIME ORDERED THE ARREST OF THE MINISTER: Selakovi\u0107 came in front of the building and insulted the prosecutors!<\/a><\/strong><\/p>\n\n\n\n<p><strong><a href=\"https:\/\/serbiantimes.info\/en\/arrested-serbian-policeman-from-chicago-returned-to-work-radule-bojovic-accused-of-overstaying-his-visa-then-put-on-his-uniform-again-video\/\" target=\"_blank\" rel=\"noopener\" title=\"\">ARRESTED SERBIAN POLICEMAN FROM CHICAGO RETURNED TO WORK: Radule Bojovi\u0107 accused of overstaying his visa, then put on his uniform again! (VIDEO)<\/a><\/strong><\/p>\n\n\n\n<p><strong><strong>Source<\/strong>:<\/strong> Tanjug; <strong>Foto<\/strong>: Pexels<\/p>\n","protected":false},"excerpt":{"rendered":"<p>The United States plans to expand the number of countries covered by the travel ban to more than 30, said U.S. Secretary of Homeland Security Kristi Noem. \u201cI will not be precise about the exact number, but it is higher than 30, and the president continues to assess the countries,\u201d Noem said in an interview [&hellip;]<\/p>\n","protected":false},"author":2169,"featured_media":194545,"comment_status":"open","ping_status":"open","sticky":false,"template":"","format":"standard","meta":{"newspack_featured_image_position":"","newspack_post_subtitle":"","newspack_article_summary_title":"Overview:","newspack_article_summary":"","newspack_hide_updated_date":false,"newspack_show_updated_date":false,"footnotes":""},"categories":[6],"tags":[71,24,1649,691,23,6907],"class_list":["post-194544","post","type-post","status-publish","format-standard","has-post-thumbnail","hentry","category-america","tag-amerika","tag-donald-tramp","tag-putovanja","tag-putovanje","tag-sad","tag-zabrana-ulaska","entry"],"aioseo_notices":[],"distributor_meta":false,"distributor_terms":false,"distributor_media":false,"distributor_original_site_name":"Serbiantimes.info EN","distributor_original_site_url":"https:\/\/serbiantimes.info\/en","push-errors":false,"_links":{"self":[{"href":"https:\/\/serbiantimes.info\/en\/wp-json\/wp\/v2\/posts\/194544","targetHints":{"allow":["GET"]}}],"collection":[{"href":"https:\/\/serbiantimes.info\/en\/wp-json\/wp\/v2\/posts"}],"about":[{"href":"https:\/\/serbiantimes.info\/en\/wp-json\/wp\/v2\/types\/post"}],"author":[{"embeddable":true,"href":"https:\/\/serbiantimes.info\/en\/wp-json\/wp\/v2\/users\/2169"}],"replies":[{"embeddable":true,"href":"https:\/\/serbiantimes.info\/en\/wp-json\/wp\/v2\/comments?post=194544"}],"version-history":[{"count":3,"href":"https:\/\/serbiantimes.info\/en\/wp-json\/wp\/v2\/posts\/194544\/revisions"}],"predecessor-version":[{"id":194582,"href":"https:\/\/serbiantimes.info\/en\/wp-json\/wp\/v2\/posts\/194544\/revisions\/194582"}],"wp:featuredmedia":[{"embeddable":true,"href":"https:\/\/serbiantimes.info\/en\/wp-json\/wp\/v2\/media\/194545"}],"wp:attachment":[{"href":"https:\/\/serbiantimes.info\/en\/wp-json\/wp\/v2\/media?parent=194544"}],"wp:term":[{"taxonomy":"category","embeddable":true,"href":"https:\/\/serbiantimes.info\/en\/wp-json\/wp\/v2\/categories?post=194544"},{"taxonomy":"post_tag","embeddable":true,"href":"https:\/\/serbiantimes.info\/en\/wp-json\/wp\/v2\/tags?post=194544"}],"curies":[{"name":"wp","href":"https:\/\/api.w.org\/{rel}","templated":true}]}}