{"id":194496,"date":"2025-12-05T01:10:32","date_gmt":"2025-12-04T23:10:32","guid":{"rendered":"https:\/\/serbiantimes.info\/en\/?p=194496"},"modified":"2025-12-05T01:10:34","modified_gmt":"2025-12-04T23:10:34","slug":"the-prosecutors-office-also-issued-a-statement-it-is-now-known-which-two-criminal-offenses-nikola-selakovic-is-suspected-of","status":"publish","type":"post","link":"https:\/\/serbiantimes.info\/en\/the-prosecutors-office-also-issued-a-statement-it-is-now-known-which-two-criminal-offenses-nikola-selakovic-is-suspected-of\/","title":{"rendered":"THE PROSECUTOR\u2019S OFFICE ALSO ISSUED A STATEMENT: It is now known which two criminal offenses Nikola Selakovi\u0107 is suspected of!"},"content":{"rendered":"\n<p class=\"wp-block-paragraph\">The Prosecutor\u2019s Office for Organized Crime announced that the minister is being charged with two criminal offenses.<\/p>\n\n\n\n<p class=\"wp-block-paragraph\">According to the POOC, these are abuse of official position and forgery of an official document.<\/p>\n\n\n\n<p class=\"wp-block-paragraph\">As stated, Minister of Culture Nikola Selakovi\u0107 was questioned on the premises of this prosecutor\u2019s office as part of the process of conducting evidentiary actions, and in connection with the removal of the status of cultural property from the General Staff buildings.<\/p>\n\n\n\n<p class=\"wp-block-paragraph\">Selakovi\u0107 was questioned in the capacity of a suspect, and today he presented his defense before the prosecutor.<\/p>\n\n\n\n<h4 class=\"wp-block-heading\"><mark style=\"background-color:#FFFFFF;color:#d21414\" class=\"has-inline-color\">MORE TOPICS:<\/mark><\/h4>\n\n\n\n<p class=\"wp-block-paragraph\"><strong><a href=\"https:\/\/serbiantimes.info\/en\/emotional-address-by-zeljko-obradovic-ostoja-mijailovic-bears-responsibility-for-the-situation-in-partizan-full-video\/\" target=\"_blank\" rel=\"noopener\" title=\"\">EMOTIONAL ADDRESS BY \u017dELJKO OBRADOVI\u0106: \u201cOstoja Mijailovi\u0107 bears responsibility for the situation in Partizan!\u201d (FULL VIDEO)<\/a><\/strong><\/p>\n\n\n\n<p class=\"wp-block-paragraph\"><strong><a href=\"https:\/\/serbiantimes.info\/en\/confession-of-a-serbian-nurse-when-i-moved-to-norway-i-had-no-idea-what-would-befall-us-i-watched-my-children-crying-video\/\" target=\"_blank\" rel=\"noopener\" title=\"\">CONFESSION OF A SERBIAN NURSE: \u201cWhen I moved to Norway I had no idea what would befall us, I watched my children crying\u201d (VIDEO)<\/a><\/strong><\/p>\n\n\n\n<p class=\"wp-block-paragraph\"><strong><a href=\"https:\/\/serbiantimes.info\/en\/brian-pushed-ana-in-a-panic-she-fell-off-the-bed-the-defense-presented-shocking-details-at-the-trial-in-the-case-of-the-murdered-serbian-woman\/\" target=\"_blank\" rel=\"noopener\" title=\"\">\u201cBRIAN PUSHED ANA IN A PANIC, SHE FELL OFF THE BED\u201d: The defense presented shocking details at the trial in the case of the murdered Serbian woman!<\/a><\/strong><\/p>\n\n\n\n<p class=\"wp-block-paragraph\"><strong><a href=\"https:\/\/serbiantimes.info\/en\/prosecutors-office-for-organized-crime-ordered-the-arrest-of-the-minister-selakovic-came-in-front-of-the-building-and-insulted-the-prosecutors\/\" target=\"_blank\" rel=\"noopener\" title=\"\">PROSECUTOR\u2019S OFFICE FOR ORGANIZED CRIME ORDERED THE ARREST OF THE MINISTER: Selakovi\u0107 came in front of the building and insulted the prosecutors!<\/a><\/strong><\/p>\n\n\n\n<p class=\"wp-block-paragraph\"><strong><a href=\"https:\/\/serbiantimes.info\/en\/arrested-serbian-policeman-from-chicago-returned-to-work-radule-bojovic-accused-of-overstaying-his-visa-then-put-on-his-uniform-again-video\/\" target=\"_blank\" rel=\"noopener\" title=\"\">ARRESTED SERBIAN POLICEMAN FROM CHICAGO RETURNED TO WORK: Radule Bojovi\u0107 accused of overstaying his visa, then put on his uniform again! (VIDEO)<\/a><\/strong><\/p>\n\n\n\n<p class=\"wp-block-paragraph\"><strong><strong>Source<\/strong>:<\/strong>&nbsp;N1,&nbsp;<strong>Foto:<\/strong>&nbsp;An\u0111elko Vasiljevi\u0107<\/p>\n","protected":false},"excerpt":{"rendered":"<p>The Prosecutor\u2019s Office for Organized Crime announced that the minister is being charged with two criminal offenses. According to the POOC, these are abuse of official position and forgery of an official document. As stated, Minister of Culture Nikola Selakovi\u0107 was questioned on the premises of this prosecutor\u2019s office as part of the process of [&hellip;]<\/p>\n","protected":false},"author":2169,"featured_media":194497,"comment_status":"open","ping_status":"open","sticky":false,"template":"","format":"standard","meta":{"newspack_featured_image_position":"","newspack_post_subtitle":"","newspack_article_summary_title":"Overview:","newspack_article_summary":"","newspack_hide_updated_date":false,"newspack_show_updated_date":false,"footnotes":""},"categories":[7],"tags":[4414,4354,9248,9876],"class_list":["post-194496","post","type-post","status-publish","format-standard","has-post-thumbnail","hentry","category-serbia","tag-generalstab","tag-krivicno-delo","tag-nikola-selakovic","tag-vladimir-djukanovic","entry"],"aioseo_notices":[],"aioseo_head":"\n\t\t<!-- All in One SEO 5.0.1.1 - aioseo.com -->\n\t<meta name=\"description\" content=\"The Prosecutor\u2019s Office for Organized Crime announced that the minister is being charged with two criminal offenses. According to the POOC, these are abuse of official position and forgery of an official document. As stated, Minister of Culture Nikola Selakovi\u0107 was questioned on the premises of this prosecutor\u2019s office as part of the process of\" \/>\n\t<meta name=\"robots\" content=\"max-image-preview:large\" \/>\n\t<meta name=\"author\" content=\"Serbian Times\"\/>\n\t<link rel=\"canonical\" href=\"https:\/\/serbiantimes.info\/en\/the-prosecutors-office-also-issued-a-statement-it-is-now-known-which-two-criminal-offenses-nikola-selakovic-is-suspected-of\/\" \/>\n\t<meta name=\"generator\" content=\"All in One SEO (AIOSEO) 5.0.1.1\" \/>\n\t\t<meta property=\"og:locale\" content=\"en_US\" \/>\n\t\t<meta property=\"og:site_name\" content=\"Serbiantimes.info EN |\" \/>\n\t\t<meta property=\"og:type\" content=\"article\" \/>\n\t\t<meta property=\"og:title\" content=\"THE PROSECUTOR\u2019S OFFICE ALSO ISSUED A STATEMENT: It is now known which two criminal offenses Nikola Selakovi\u0107 is suspected of! | Serbiantimes.info EN\" \/>\n\t\t<meta property=\"og:description\" content=\"The Prosecutor\u2019s Office for Organized Crime announced that the minister is being charged with two criminal offenses. According to the POOC, these are abuse of official position and forgery of an official document. As stated, Minister of Culture Nikola Selakovi\u0107 was questioned on the premises of this prosecutor\u2019s office as part of the process of\" \/>\n\t\t<meta property=\"og:url\" content=\"https:\/\/serbiantimes.info\/en\/the-prosecutors-office-also-issued-a-statement-it-is-now-known-which-two-criminal-offenses-nikola-selakovic-is-suspected-of\/\" \/>\n\t\t<meta property=\"og:image\" content=\"https:\/\/serbiantimes.info\/en\/wp-content\/uploads\/sites\/2\/2025\/12\/Nikola-Selakovic-ministar.jpg\" \/>\n\t\t<meta property=\"og:image:secure_url\" content=\"https:\/\/serbiantimes.info\/en\/wp-content\/uploads\/sites\/2\/2025\/12\/Nikola-Selakovic-ministar.jpg\" \/>\n\t\t<meta property=\"og:image:width\" content=\"1200\" \/>\n\t\t<meta property=\"og:image:height\" content=\"750\" \/>\n\t\t<meta property=\"article:published_time\" content=\"2025-12-04T23:10:32+00:00\" \/>\n\t\t<meta property=\"article:modified_time\" content=\"2025-12-04T23:10:34+00:00\" \/>\n\t\t<meta name=\"twitter:card\" content=\"summary_large_image\" \/>\n\t\t<meta name=\"twitter:title\" content=\"THE PROSECUTOR\u2019S OFFICE ALSO ISSUED A STATEMENT: It is now known which two criminal offenses Nikola Selakovi\u0107 is suspected of! | Serbiantimes.info EN\" \/>\n\t\t<meta name=\"twitter:description\" content=\"The Prosecutor\u2019s Office for Organized Crime announced that the minister is being charged with two criminal offenses. According to the POOC, these are abuse of official position and forgery of an official document. As stated, Minister of Culture Nikola Selakovi\u0107 was questioned on the premises of this prosecutor\u2019s office as part of the process of\" \/>\n\t\t<meta name=\"twitter:image\" content=\"https:\/\/serbiantimes.info\/en\/wp-content\/uploads\/sites\/2\/2025\/12\/Nikola-Selakovic-ministar.jpg\" \/>\n\t\t<script type=\"application\/ld+json\" class=\"aioseo-schema\">\n\t\t\t{\"@context\":\"https:\\\/\\\/schema.org\",\"@graph\":[{\"@type\":\"BlogPosting\",\"@id\":\"https:\\\/\\\/serbiantimes.info\\\/en\\\/the-prosecutors-office-also-issued-a-statement-it-is-now-known-which-two-criminal-offenses-nikola-selakovic-is-suspected-of\\\/#blogposting\",\"name\":\"THE PROSECUTOR\\u2019S OFFICE ALSO ISSUED A STATEMENT: It is now known which two criminal offenses Nikola Selakovi\\u0107 is suspected of! | Serbiantimes.info EN\",\"headline\":\"THE PROSECUTOR\\u2019S OFFICE ALSO ISSUED A STATEMENT: It is now known which two criminal offenses Nikola Selakovi\\u0107 is suspected of!\",\"author\":{\"@id\":\"https:\\\/\\\/serbiantimes.info\\\/en\\\/author\\\/serbiantimes-portal\\\/#author\"},\"publisher\":{\"@id\":\"https:\\\/\\\/serbiantimes.info\\\/en\\\/#organization\"},\"image\":{\"@type\":\"ImageObject\",\"url\":\"https:\\\/\\\/serbiantimes.info\\\/en\\\/wp-content\\\/uploads\\\/sites\\\/2\\\/2025\\\/12\\\/Nikola-Selakovic-ministar.jpg\",\"width\":1200,\"height\":750},\"datePublished\":\"2025-12-05T01:10:32+02:00\",\"dateModified\":\"2025-12-05T01:10:34+02:00\",\"inLanguage\":\"en-US\",\"mainEntityOfPage\":{\"@id\":\"https:\\\/\\\/serbiantimes.info\\\/en\\\/the-prosecutors-office-also-issued-a-statement-it-is-now-known-which-two-criminal-offenses-nikola-selakovic-is-suspected-of\\\/#webpage\"},\"isPartOf\":{\"@id\":\"https:\\\/\\\/serbiantimes.info\\\/en\\\/the-prosecutors-office-also-issued-a-statement-it-is-now-known-which-two-criminal-offenses-nikola-selakovic-is-suspected-of\\\/#webpage\"},\"articleSection\":\"SERBIA, General\\u0161tab, krivi\\u010dno delo, Nikola selakovi\\u0107, vladimir \\u0111ukanovi\\u0107\"},{\"@type\":\"BreadcrumbList\",\"@id\":\"https:\\\/\\\/serbiantimes.info\\\/en\\\/the-prosecutors-office-also-issued-a-statement-it-is-now-known-which-two-criminal-offenses-nikola-selakovic-is-suspected-of\\\/#breadcrumblist\",\"itemListElement\":[{\"@type\":\"ListItem\",\"@id\":\"https:\\\/\\\/serbiantimes.info\\\/en#listItem\",\"position\":1,\"name\":\"Home\",\"item\":\"https:\\\/\\\/serbiantimes.info\\\/en\",\"nextItem\":{\"@type\":\"ListItem\",\"@id\":\"https:\\\/\\\/serbiantimes.info\\\/en\\\/category\\\/serbia\\\/#listItem\",\"name\":\"SERBIA\"}},{\"@type\":\"ListItem\",\"@id\":\"https:\\\/\\\/serbiantimes.info\\\/en\\\/category\\\/serbia\\\/#listItem\",\"position\":2,\"name\":\"SERBIA\",\"item\":\"https:\\\/\\\/serbiantimes.info\\\/en\\\/category\\\/serbia\\\/\",\"nextItem\":{\"@type\":\"ListItem\",\"@id\":\"https:\\\/\\\/serbiantimes.info\\\/en\\\/the-prosecutors-office-also-issued-a-statement-it-is-now-known-which-two-criminal-offenses-nikola-selakovic-is-suspected-of\\\/#listItem\",\"name\":\"THE PROSECUTOR\\u2019S OFFICE ALSO ISSUED A STATEMENT: It is now known which two criminal offenses Nikola Selakovi\\u0107 is suspected of!\"},\"previousItem\":{\"@type\":\"ListItem\",\"@id\":\"https:\\\/\\\/serbiantimes.info\\\/en#listItem\",\"name\":\"Home\"}},{\"@type\":\"ListItem\",\"@id\":\"https:\\\/\\\/serbiantimes.info\\\/en\\\/the-prosecutors-office-also-issued-a-statement-it-is-now-known-which-two-criminal-offenses-nikola-selakovic-is-suspected-of\\\/#listItem\",\"position\":3,\"name\":\"THE PROSECUTOR\\u2019S OFFICE ALSO ISSUED A STATEMENT: It is now known which two criminal offenses Nikola Selakovi\\u0107 is suspected of!\",\"previousItem\":{\"@type\":\"ListItem\",\"@id\":\"https:\\\/\\\/serbiantimes.info\\\/en\\\/category\\\/serbia\\\/#listItem\",\"name\":\"SERBIA\"}}]},{\"@type\":\"Organization\",\"@id\":\"https:\\\/\\\/serbiantimes.info\\\/en\\\/#organization\",\"name\":\"Serbiantimes.info EN\",\"url\":\"https:\\\/\\\/serbiantimes.info\\\/en\\\/\",\"logo\":{\"@type\":\"ImageObject\",\"url\":\"https:\\\/\\\/serbiantimes.info\\\/en\\\/wp-content\\\/uploads\\\/sites\\\/2\\\/2024\\\/10\\\/cropped-cropped-Serbian-Times-Header-Logo-1.png\",\"@id\":\"https:\\\/\\\/serbiantimes.info\\\/en\\\/the-prosecutors-office-also-issued-a-statement-it-is-now-known-which-two-criminal-offenses-nikola-selakovic-is-suspected-of\\\/#organizationLogo\",\"width\":480,\"height\":100},\"image\":{\"@id\":\"https:\\\/\\\/serbiantimes.info\\\/en\\\/the-prosecutors-office-also-issued-a-statement-it-is-now-known-which-two-criminal-offenses-nikola-selakovic-is-suspected-of\\\/#organizationLogo\"}},{\"@type\":\"Person\",\"@id\":\"https:\\\/\\\/serbiantimes.info\\\/en\\\/author\\\/serbiantimes-portal\\\/#author\",\"url\":\"https:\\\/\\\/serbiantimes.info\\\/en\\\/author\\\/serbiantimes-portal\\\/\",\"name\":\"Serbian Times\",\"image\":{\"@type\":\"ImageObject\",\"@id\":\"https:\\\/\\\/serbiantimes.info\\\/en\\\/the-prosecutors-office-also-issued-a-statement-it-is-now-known-which-two-criminal-offenses-nikola-selakovic-is-suspected-of\\\/#authorImage\",\"url\":\"https:\\\/\\\/secure.gravatar.com\\\/avatar\\\/ea76e009769270b4193e2bc7e032c096b4ae135483ec03b396fd0f520bc3dcfd?s=96&d=mm&r=g\",\"width\":96,\"height\":96,\"caption\":\"Serbian Times\"}},{\"@type\":\"WebPage\",\"@id\":\"https:\\\/\\\/serbiantimes.info\\\/en\\\/the-prosecutors-office-also-issued-a-statement-it-is-now-known-which-two-criminal-offenses-nikola-selakovic-is-suspected-of\\\/#webpage\",\"url\":\"https:\\\/\\\/serbiantimes.info\\\/en\\\/the-prosecutors-office-also-issued-a-statement-it-is-now-known-which-two-criminal-offenses-nikola-selakovic-is-suspected-of\\\/\",\"name\":\"THE PROSECUTOR\\u2019S OFFICE ALSO ISSUED A STATEMENT: It is now known which two criminal offenses Nikola Selakovi\\u0107 is suspected of! | Serbiantimes.info EN\",\"description\":\"The Prosecutor\\u2019s Office for Organized Crime announced that the minister is being charged with two criminal offenses. According to the POOC, these are abuse of official position and forgery of an official document. As stated, Minister of Culture Nikola Selakovi\\u0107 was questioned on the premises of this prosecutor\\u2019s office as part of the process of\",\"inLanguage\":\"en-US\",\"isPartOf\":{\"@id\":\"https:\\\/\\\/serbiantimes.info\\\/en\\\/#website\"},\"breadcrumb\":{\"@id\":\"https:\\\/\\\/serbiantimes.info\\\/en\\\/the-prosecutors-office-also-issued-a-statement-it-is-now-known-which-two-criminal-offenses-nikola-selakovic-is-suspected-of\\\/#breadcrumblist\"},\"author\":{\"@id\":\"https:\\\/\\\/serbiantimes.info\\\/en\\\/author\\\/serbiantimes-portal\\\/#author\"},\"creator\":{\"@id\":\"https:\\\/\\\/serbiantimes.info\\\/en\\\/author\\\/serbiantimes-portal\\\/#author\"},\"image\":{\"@type\":\"ImageObject\",\"url\":\"https:\\\/\\\/serbiantimes.info\\\/en\\\/wp-content\\\/uploads\\\/sites\\\/2\\\/2025\\\/12\\\/Nikola-Selakovic-ministar.jpg\",\"@id\":\"https:\\\/\\\/serbiantimes.info\\\/en\\\/the-prosecutors-office-also-issued-a-statement-it-is-now-known-which-two-criminal-offenses-nikola-selakovic-is-suspected-of\\\/#mainImage\",\"width\":1200,\"height\":750},\"primaryImageOfPage\":{\"@id\":\"https:\\\/\\\/serbiantimes.info\\\/en\\\/the-prosecutors-office-also-issued-a-statement-it-is-now-known-which-two-criminal-offenses-nikola-selakovic-is-suspected-of\\\/#mainImage\"},\"datePublished\":\"2025-12-05T01:10:32+02:00\",\"dateModified\":\"2025-12-05T01:10:34+02:00\"},{\"@type\":\"WebSite\",\"@id\":\"https:\\\/\\\/serbiantimes.info\\\/en\\\/#website\",\"url\":\"https:\\\/\\\/serbiantimes.info\\\/en\\\/\",\"name\":\"Serbiantimes.info EN\",\"inLanguage\":\"en-US\",\"publisher\":{\"@id\":\"https:\\\/\\\/serbiantimes.info\\\/en\\\/#organization\"}}]}\n\t\t<\/script>\n\t\t<!-- All in One SEO -->\n\n","aioseo_head_json":{"title":"THE PROSECUTOR\u2019S OFFICE ALSO ISSUED A STATEMENT: It is now known which two criminal offenses Nikola Selakovi\u0107 is suspected of! | Serbiantimes.info EN","description":"The Prosecutor\u2019s Office for Organized Crime announced that the minister is being charged with two criminal offenses. According to the POOC, these are abuse of official position and forgery of an official document. As stated, Minister of Culture Nikola Selakovi\u0107 was questioned on the premises of this prosecutor\u2019s office as part of the process of","canonical_url":"https:\/\/serbiantimes.info\/en\/the-prosecutors-office-also-issued-a-statement-it-is-now-known-which-two-criminal-offenses-nikola-selakovic-is-suspected-of\/","robots":"max-image-preview:large","keywords":"","webmasterTools":{"miscellaneous":""},"schema":{"@context":"https:\/\/schema.org","@graph":[{"@type":"BlogPosting","@id":"https:\/\/serbiantimes.info\/en\/the-prosecutors-office-also-issued-a-statement-it-is-now-known-which-two-criminal-offenses-nikola-selakovic-is-suspected-of\/#blogposting","name":"THE PROSECUTOR\u2019S OFFICE ALSO ISSUED A STATEMENT: It is now known which two criminal offenses Nikola Selakovi\u0107 is suspected of! | Serbiantimes.info EN","headline":"THE PROSECUTOR\u2019S OFFICE ALSO ISSUED A STATEMENT: It is now known which two criminal offenses Nikola Selakovi\u0107 is suspected of!","author":{"@id":"https:\/\/serbiantimes.info\/en\/author\/serbiantimes-portal\/#author"},"publisher":{"@id":"https:\/\/serbiantimes.info\/en\/#organization"},"image":{"@type":"ImageObject","url":"https:\/\/serbiantimes.info\/en\/wp-content\/uploads\/sites\/2\/2025\/12\/Nikola-Selakovic-ministar.jpg","width":1200,"height":750},"datePublished":"2025-12-05T01:10:32+02:00","dateModified":"2025-12-05T01:10:34+02:00","inLanguage":"en-US","mainEntityOfPage":{"@id":"https:\/\/serbiantimes.info\/en\/the-prosecutors-office-also-issued-a-statement-it-is-now-known-which-two-criminal-offenses-nikola-selakovic-is-suspected-of\/#webpage"},"isPartOf":{"@id":"https:\/\/serbiantimes.info\/en\/the-prosecutors-office-also-issued-a-statement-it-is-now-known-which-two-criminal-offenses-nikola-selakovic-is-suspected-of\/#webpage"},"articleSection":"SERBIA, General\u0161tab, krivi\u010dno delo, Nikola selakovi\u0107, vladimir \u0111ukanovi\u0107"},{"@type":"BreadcrumbList","@id":"https:\/\/serbiantimes.info\/en\/the-prosecutors-office-also-issued-a-statement-it-is-now-known-which-two-criminal-offenses-nikola-selakovic-is-suspected-of\/#breadcrumblist","itemListElement":[{"@type":"ListItem","@id":"https:\/\/serbiantimes.info\/en#listItem","position":1,"name":"Home","item":"https:\/\/serbiantimes.info\/en","nextItem":{"@type":"ListItem","@id":"https:\/\/serbiantimes.info\/en\/category\/serbia\/#listItem","name":"SERBIA"}},{"@type":"ListItem","@id":"https:\/\/serbiantimes.info\/en\/category\/serbia\/#listItem","position":2,"name":"SERBIA","item":"https:\/\/serbiantimes.info\/en\/category\/serbia\/","nextItem":{"@type":"ListItem","@id":"https:\/\/serbiantimes.info\/en\/the-prosecutors-office-also-issued-a-statement-it-is-now-known-which-two-criminal-offenses-nikola-selakovic-is-suspected-of\/#listItem","name":"THE PROSECUTOR\u2019S OFFICE ALSO ISSUED A STATEMENT: It is now known which two criminal offenses Nikola Selakovi\u0107 is suspected of!"},"previousItem":{"@type":"ListItem","@id":"https:\/\/serbiantimes.info\/en#listItem","name":"Home"}},{"@type":"ListItem","@id":"https:\/\/serbiantimes.info\/en\/the-prosecutors-office-also-issued-a-statement-it-is-now-known-which-two-criminal-offenses-nikola-selakovic-is-suspected-of\/#listItem","position":3,"name":"THE PROSECUTOR\u2019S OFFICE ALSO ISSUED A STATEMENT: It is now known which two criminal offenses Nikola Selakovi\u0107 is suspected of!","previousItem":{"@type":"ListItem","@id":"https:\/\/serbiantimes.info\/en\/category\/serbia\/#listItem","name":"SERBIA"}}]},{"@type":"Organization","@id":"https:\/\/serbiantimes.info\/en\/#organization","name":"Serbiantimes.info EN","url":"https:\/\/serbiantimes.info\/en\/","logo":{"@type":"ImageObject","url":"https:\/\/serbiantimes.info\/en\/wp-content\/uploads\/sites\/2\/2024\/10\/cropped-cropped-Serbian-Times-Header-Logo-1.png","@id":"https:\/\/serbiantimes.info\/en\/the-prosecutors-office-also-issued-a-statement-it-is-now-known-which-two-criminal-offenses-nikola-selakovic-is-suspected-of\/#organizationLogo","width":480,"height":100},"image":{"@id":"https:\/\/serbiantimes.info\/en\/the-prosecutors-office-also-issued-a-statement-it-is-now-known-which-two-criminal-offenses-nikola-selakovic-is-suspected-of\/#organizationLogo"}},{"@type":"Person","@id":"https:\/\/serbiantimes.info\/en\/author\/serbiantimes-portal\/#author","url":"https:\/\/serbiantimes.info\/en\/author\/serbiantimes-portal\/","name":"Serbian Times","image":{"@type":"ImageObject","@id":"https:\/\/serbiantimes.info\/en\/the-prosecutors-office-also-issued-a-statement-it-is-now-known-which-two-criminal-offenses-nikola-selakovic-is-suspected-of\/#authorImage","url":"https:\/\/secure.gravatar.com\/avatar\/ea76e009769270b4193e2bc7e032c096b4ae135483ec03b396fd0f520bc3dcfd?s=96&d=mm&r=g","width":96,"height":96,"caption":"Serbian Times"}},{"@type":"WebPage","@id":"https:\/\/serbiantimes.info\/en\/the-prosecutors-office-also-issued-a-statement-it-is-now-known-which-two-criminal-offenses-nikola-selakovic-is-suspected-of\/#webpage","url":"https:\/\/serbiantimes.info\/en\/the-prosecutors-office-also-issued-a-statement-it-is-now-known-which-two-criminal-offenses-nikola-selakovic-is-suspected-of\/","name":"THE PROSECUTOR\u2019S OFFICE ALSO ISSUED A STATEMENT: It is now known which two criminal offenses Nikola Selakovi\u0107 is suspected of! | Serbiantimes.info EN","description":"The Prosecutor\u2019s Office for Organized Crime announced that the minister is being charged with two criminal offenses. According to the POOC, these are abuse of official position and forgery of an official document. As stated, Minister of Culture Nikola Selakovi\u0107 was questioned on the premises of this prosecutor\u2019s office as part of the process of","inLanguage":"en-US","isPartOf":{"@id":"https:\/\/serbiantimes.info\/en\/#website"},"breadcrumb":{"@id":"https:\/\/serbiantimes.info\/en\/the-prosecutors-office-also-issued-a-statement-it-is-now-known-which-two-criminal-offenses-nikola-selakovic-is-suspected-of\/#breadcrumblist"},"author":{"@id":"https:\/\/serbiantimes.info\/en\/author\/serbiantimes-portal\/#author"},"creator":{"@id":"https:\/\/serbiantimes.info\/en\/author\/serbiantimes-portal\/#author"},"image":{"@type":"ImageObject","url":"https:\/\/serbiantimes.info\/en\/wp-content\/uploads\/sites\/2\/2025\/12\/Nikola-Selakovic-ministar.jpg","@id":"https:\/\/serbiantimes.info\/en\/the-prosecutors-office-also-issued-a-statement-it-is-now-known-which-two-criminal-offenses-nikola-selakovic-is-suspected-of\/#mainImage","width":1200,"height":750},"primaryImageOfPage":{"@id":"https:\/\/serbiantimes.info\/en\/the-prosecutors-office-also-issued-a-statement-it-is-now-known-which-two-criminal-offenses-nikola-selakovic-is-suspected-of\/#mainImage"},"datePublished":"2025-12-05T01:10:32+02:00","dateModified":"2025-12-05T01:10:34+02:00"},{"@type":"WebSite","@id":"https:\/\/serbiantimes.info\/en\/#website","url":"https:\/\/serbiantimes.info\/en\/","name":"Serbiantimes.info EN","inLanguage":"en-US","publisher":{"@id":"https:\/\/serbiantimes.info\/en\/#organization"}}]},"og:locale":"en_US","og:site_name":"Serbiantimes.info EN |","og:type":"article","og:title":"THE PROSECUTOR\u2019S OFFICE ALSO ISSUED A STATEMENT: It is now known which two criminal offenses Nikola Selakovi\u0107 is suspected of! | Serbiantimes.info EN","og:description":"The Prosecutor\u2019s Office for Organized Crime announced that the minister is being charged with two criminal offenses. According to the POOC, these are abuse of official position and forgery of an official document. As stated, Minister of Culture Nikola Selakovi\u0107 was questioned on the premises of this prosecutor\u2019s office as part of the process of","og:url":"https:\/\/serbiantimes.info\/en\/the-prosecutors-office-also-issued-a-statement-it-is-now-known-which-two-criminal-offenses-nikola-selakovic-is-suspected-of\/","og:image":"https:\/\/serbiantimes.info\/en\/wp-content\/uploads\/sites\/2\/2025\/12\/Nikola-Selakovic-ministar.jpg","og:image:secure_url":"https:\/\/serbiantimes.info\/en\/wp-content\/uploads\/sites\/2\/2025\/12\/Nikola-Selakovic-ministar.jpg","og:image:width":1200,"og:image:height":750,"article:published_time":"2025-12-04T23:10:32+00:00","article:modified_time":"2025-12-04T23:10:34+00:00","twitter:card":"summary_large_image","twitter:title":"THE PROSECUTOR\u2019S OFFICE ALSO ISSUED A STATEMENT: It is now known which two criminal offenses Nikola Selakovi\u0107 is suspected of! | Serbiantimes.info EN","twitter:description":"The Prosecutor\u2019s Office for Organized Crime announced that the minister is being charged with two criminal offenses. According to the POOC, these are abuse of official position and forgery of an official document. As stated, Minister of Culture Nikola Selakovi\u0107 was questioned on the premises of this prosecutor\u2019s office as part of the process of","twitter:image":"https:\/\/serbiantimes.info\/en\/wp-content\/uploads\/sites\/2\/2025\/12\/Nikola-Selakovic-ministar.jpg"},"aioseo_meta_data":{"post_id":"194496","title":null,"description":null,"keywords":null,"keyphrases":{"focus":{"keyphrase":"","score":0,"analysis":{"keyphraseInTitle":{"score":0,"maxScore":9,"error":1}}},"additional":[]},"primary_term":null,"canonical_url":null,"og_title":null,"og_description":null,"og_object_type":"default","og_image_type":"default","og_image_url":null,"og_image_width":null,"og_image_height":null,"og_image_custom_url":null,"og_image_custom_fields":null,"og_video":"","og_custom_url":null,"og_article_section":null,"og_article_tags":null,"twitter_use_og":false,"twitter_card":"default","twitter_image_type":"default","twitter_image_url":null,"twitter_image_custom_url":null,"twitter_image_custom_fields":null,"twitter_title":null,"twitter_description":null,"schema":{"blockGraphs":[],"customGraphs":[],"default":{"data":{"Article":[],"Course":[],"Dataset":[],"FAQPage":[],"Movie":[],"Person":[],"Product":[],"ProductReview":[],"Car":[],"Recipe":[],"Service":[],"SoftwareApplication":[],"WebPage":[]},"graphName":"BlogPosting","isEnabled":true},"graphs":[]},"schema_type":"default","schema_type_options":null,"pillar_content":false,"robots_default":true,"robots_noindex":false,"robots_noarchive":false,"robots_nosnippet":false,"robots_nofollow":false,"robots_noimageindex":false,"robots_noodp":false,"robots_notranslate":false,"robots_max_snippet":"-1","robots_max_videopreview":"-1","robots_max_imagepreview":"large","priority":null,"frequency":"default","local_seo":null,"breadcrumb_settings":null,"limit_modified_date":false,"ai":{"faqs":[],"keyPoints":[],"titles":[],"descriptions":[],"socialPosts":{"email":[],"linkedin":[],"twitter":[],"facebook":[],"instagram":[]}},"created":"2025-12-04 23:04:07","updated":"2025-12-04 23:11:42","focus_keyword":null,"additional_keywords":null,"truseo_locale":null,"seo_analyzer_scan_date":null},"aioseo_breadcrumb":"<div class=\"aioseo-breadcrumbs\"><span class=\"aioseo-breadcrumb\">\n\t\t\t<a href=\"https:\/\/serbiantimes.info\/en\" title=\"Home\">Home<\/a>\n\t\t<\/span><span class=\"aioseo-breadcrumb-separator\">&raquo;<\/span><span class=\"aioseo-breadcrumb\">\n\t\t\t<a href=\"https:\/\/serbiantimes.info\/en\/category\/serbia\/\" title=\"SERBIA\">SERBIA<\/a>\n\t\t<\/span><span class=\"aioseo-breadcrumb-separator\">&raquo;<\/span><span class=\"aioseo-breadcrumb\">\n\t\t\tTHE PROSECUTOR\u2019S OFFICE ALSO ISSUED A STATEMENT: It is now known which two criminal offenses Nikola Selakovi\u0107 is suspected of!\n\t\t<\/span><\/div>","aioseo_breadcrumb_json":[{"label":"Home","link":"https:\/\/serbiantimes.info\/en"},{"label":"SERBIA","link":"https:\/\/serbiantimes.info\/en\/category\/serbia\/"},{"label":"THE PROSECUTOR\u2019S OFFICE ALSO ISSUED A STATEMENT: It is now known which two criminal offenses Nikola Selakovi\u0107 is suspected of!","link":"https:\/\/serbiantimes.info\/en\/the-prosecutors-office-also-issued-a-statement-it-is-now-known-which-two-criminal-offenses-nikola-selakovic-is-suspected-of\/"}],"distributor_meta":false,"distributor_terms":false,"distributor_media":false,"distributor_original_site_name":"Serbiantimes.info EN","distributor_original_site_url":"https:\/\/serbiantimes.info\/en","push-errors":false,"_links":{"self":[{"href":"https:\/\/serbiantimes.info\/en\/wp-json\/wp\/v2\/posts\/194496","targetHints":{"allow":["GET"]}}],"collection":[{"href":"https:\/\/serbiantimes.info\/en\/wp-json\/wp\/v2\/posts"}],"about":[{"href":"https:\/\/serbiantimes.info\/en\/wp-json\/wp\/v2\/types\/post"}],"author":[{"embeddable":true,"href":"https:\/\/serbiantimes.info\/en\/wp-json\/wp\/v2\/users\/2169"}],"replies":[{"embeddable":true,"href":"https:\/\/serbiantimes.info\/en\/wp-json\/wp\/v2\/comments?post=194496"}],"version-history":[{"count":2,"href":"https:\/\/serbiantimes.info\/en\/wp-json\/wp\/v2\/posts\/194496\/revisions"}],"predecessor-version":[{"id":194514,"href":"https:\/\/serbiantimes.info\/en\/wp-json\/wp\/v2\/posts\/194496\/revisions\/194514"}],"wp:featuredmedia":[{"embeddable":true,"href":"https:\/\/serbiantimes.info\/en\/wp-json\/wp\/v2\/media\/194497"}],"wp:attachment":[{"href":"https:\/\/serbiantimes.info\/en\/wp-json\/wp\/v2\/media?parent=194496"}],"wp:term":[{"taxonomy":"category","embeddable":true,"href":"https:\/\/serbiantimes.info\/en\/wp-json\/wp\/v2\/categories?post=194496"},{"taxonomy":"post_tag","embeddable":true,"href":"https:\/\/serbiantimes.info\/en\/wp-json\/wp\/v2\/tags?post=194496"}],"curies":[{"name":"wp","href":"https:\/\/api.w.org\/{rel}","templated":true}]}}