{"id":194494,"date":"2025-12-05T01:09:32","date_gmt":"2025-12-04T23:09:32","guid":{"rendered":"https:\/\/serbiantimes.info\/en\/?p=194494"},"modified":"2025-12-05T01:09:34","modified_gmt":"2025-12-04T23:09:34","slug":"another-defeat-for-serbia-in-kosmet-the-bust-of-the-famous-bogdan-radenkovic-removed-in-zvecan","status":"publish","type":"post","link":"https:\/\/serbiantimes.info\/en\/another-defeat-for-serbia-in-kosmet-the-bust-of-the-famous-bogdan-radenkovic-removed-in-zvecan\/","title":{"rendered":"ANOTHER DEFEAT FOR SERBIA IN KOSMET: The Bust of the Famous Bogdan Radenkovi\u0107 Removed in Zve\u010dan!"},"content":{"rendered":"\n<hr class=\"wp-block-separator has-alpha-channel-opacity\"\/>\n\n\n\n<p>In Zve\u010dan, the bust of Bogdan Radenkovi\u0107, one of the most prominent political and cultural figures among Serbs in the former Ottoman Empire, was removed from in front of the premises where the JSKP \u201cStandard\u201d used to be located.<\/p>\n\n\n\n<p>The elected mayor of the municipality of Zve\u010dan, Dragi\u0161a Milovi\u0107, stated that he does not know who made the decision for the bust of Bogdan Radenkovi\u0107 to be removed and emphasized that this is yet another in a series of provocations and an unreasonable move by the outgoing illegitimate mayor of Zve\u010dan.<\/p>\n\n\n\n<p>\u201cI don\u2019t know whose decision it was to remove it, whether it was the decision of the outgoing municipal leadership, which has been devastating the municipality of Zve\u010dan for three years. In my opinion, this is another provocation, an unreasonable move,\u201d Milovi\u0107 said, as reported by TV Most.<\/p>\n\n\n\n<hr class=\"wp-block-separator has-alpha-channel-opacity\"\/>\n\n\n\n<figure class=\"wp-block-embed is-type-wp-embed is-provider-serbiantimes-info wp-block-embed-serbiantimes-info\"><div class=\"wp-block-embed__wrapper\">\n<blockquote class=\"wp-embedded-content\" data-secret=\"AKqtffJ0jH\"><a href=\"https:\/\/serbiantimes.info\/ostetio-budzet-za-milion-evra-suboticanin-uhapsen-zbog-falsifikovanja-papira-za-polovna-vozila\/\">O\u0160TETIO BUD\u017dET ZA MILION EVRA: Suboti\u010danin uhap\u0161en zbog falsifikovanja papira za polovna vozila!<\/a><\/blockquote><iframe loading=\"lazy\" class=\"wp-embedded-content\" sandbox=\"allow-scripts\" security=\"restricted\" style=\"position: absolute; visibility: hidden;\" title=\"&#132;O\u0160TETIO BUD\u017dET ZA MILION EVRA: Suboti\u010danin uhap\u0161en zbog falsifikovanja papira za polovna vozila!&#147; &#8212; Serbiantimes.info\" src=\"https:\/\/serbiantimes.info\/ostetio-budzet-za-milion-evra-suboticanin-uhapsen-zbog-falsifikovanja-papira-za-polovna-vozila\/embed\/#?secret=BQLgwvKwZm#?secret=AKqtffJ0jH\" data-secret=\"AKqtffJ0jH\" width=\"500\" height=\"282\" frameborder=\"0\" marginwidth=\"0\" marginheight=\"0\" scrolling=\"no\"><\/iframe>\n<\/div><\/figure>\n\n\n\n<p>He stressed that citizens should remain calm because, as he noted, there will be more provocations.<\/p>\n\n\n\n<p>\u201cWhat is most important is that tomorrow in the municipality of Zve\u010dan, the legal and legitimate representatives of our citizens will take over the municipality. And I hope that together, because Zve\u010dan is our common home, we will restore to Zve\u010dan the shine it deserves. Therefore, tomorrow we will find out whether this outgoing leadership, which has done almost nothing in Zve\u010dan for three years, illegally made such a decision,\u201d Milovi\u0107 stated.<\/p>\n\n\n\n<p>Sculptor Nenad Radenkovi\u0107 Jero, who created the bust, emphasized that the removal of the bust of Bogdan Radenkovi\u0107 is an anti-civilizational act and that, by an assembly decision, the bust will be returned to where it previously stood.<\/p>\n\n\n\n<p>\u201cOne of the greatest intellectuals from this region, who spoke seven languages, who was a representative of the Serbs in Constantinople, who was a candidate for bishop, cannot simply be removed with unilateral actions and erased from an important part of Serbian history, not only of this area, but of the Serbian people in general. If the bust is not returned within a certain period, we will return it ourselves by an assembly decision,\u201d Radenkovi\u0107 stressed.<\/p>\n\n\n\n<p>He pointed out that in his work, Bogdan Radenkovi\u0107 never engaged in any activity directed against the Albanian people.<\/p>\n\n\n\n<h2 class=\"wp-block-heading\"><mark style=\"background-color:#FFFFFF;color:#d21414\" class=\"has-inline-color\">MORE TOPICS:<\/mark><\/h2>\n\n\n\n<p><strong><a href=\"https:\/\/serbiantimes.info\/en\/emotional-address-by-zeljko-obradovic-ostoja-mijailovic-bears-responsibility-for-the-situation-in-partizan-full-video\/\" target=\"_blank\" rel=\"noopener\" title=\"\">EMOTIONAL ADDRESS BY \u017dELJKO OBRADOVI\u0106: \u201cOstoja Mijailovi\u0107 bears responsibility for the situation in Partizan!\u201d (FULL VIDEO)<\/a><\/strong><\/p>\n\n\n\n<p><strong><a href=\"https:\/\/serbiantimes.info\/en\/confession-of-a-serbian-nurse-when-i-moved-to-norway-i-had-no-idea-what-would-befall-us-i-watched-my-children-crying-video\/\" target=\"_blank\" rel=\"noopener\" title=\"\">CONFESSION OF A SERBIAN NURSE: \u201cWhen I moved to Norway I had no idea what would befall us, I watched my children crying\u201d (VIDEO)<\/a><\/strong><\/p>\n\n\n\n<p><strong><a href=\"https:\/\/serbiantimes.info\/en\/brian-pushed-ana-in-a-panic-she-fell-off-the-bed-the-defense-presented-shocking-details-at-the-trial-in-the-case-of-the-murdered-serbian-woman\/\" target=\"_blank\" rel=\"noopener\" title=\"\">\u201cBRIAN PUSHED ANA IN A PANIC, SHE FELL OFF THE BED\u201d: The defense presented shocking details at the trial in the case of the murdered Serbian woman!<\/a><\/strong><\/p>\n\n\n\n<p><strong><a href=\"https:\/\/serbiantimes.info\/en\/prosecutors-office-for-organized-crime-ordered-the-arrest-of-the-minister-selakovic-came-in-front-of-the-building-and-insulted-the-prosecutors\/\" target=\"_blank\" rel=\"noopener\" title=\"\">PROSECUTOR\u2019S OFFICE FOR ORGANIZED CRIME ORDERED THE ARREST OF THE MINISTER: Selakovi\u0107 came in front of the building and insulted the prosecutors!<\/a><\/strong><\/p>\n\n\n\n<p><strong><a href=\"https:\/\/serbiantimes.info\/en\/arrested-serbian-policeman-from-chicago-returned-to-work-radule-bojovic-accused-of-overstaying-his-visa-then-put-on-his-uniform-again-video\/\" target=\"_blank\" rel=\"noopener\" title=\"\">ARRESTED SERBIAN POLICEMAN FROM CHICAGO RETURNED TO WORK: Radule Bojovi\u0107 accused of overstaying his visa, then put on his uniform again! (VIDEO)<\/a><\/strong><\/p>\n\n\n\n<p><strong><strong>Source<\/strong>:<\/strong>Euronews,<strong>Foto<\/strong>: EPA-EFE\/GEORGI LICOVSKI<br><br><br><br><\/p>\n","protected":false},"excerpt":{"rendered":"<p>In Zve\u010dan, the bust of Bogdan Radenkovi\u0107, one of the most prominent political and cultural figures among Serbs in the former Ottoman Empire, was removed from in front of the premises where the JSKP \u201cStandard\u201d used to be located. The elected mayor of the municipality of Zve\u010dan, Dragi\u0161a Milovi\u0107, stated that he does not know [&hellip;]<\/p>\n","protected":false},"author":2169,"featured_media":194495,"comment_status":"open","ping_status":"open","sticky":false,"template":"","format":"standard","meta":{"newspack_featured_image_position":"","newspack_post_subtitle":"","newspack_article_summary_title":"Overview:","newspack_article_summary":"","newspack_hide_updated_date":false,"newspack_show_updated_date":false,"footnotes":""},"categories":[7],"tags":[9875,1757,162,113,1160],"class_list":["post-194494","post","type-post","status-publish","format-standard","has-post-thumbnail","hentry","category-serbia","tag-bogdan-radenkovic","tag-kosmet","tag-spomenik","tag-srbija","tag-zvecan","entry"],"aioseo_notices":[],"distributor_meta":false,"distributor_terms":false,"distributor_media":false,"distributor_original_site_name":"Serbiantimes.info EN","distributor_original_site_url":"https:\/\/serbiantimes.info\/en","push-errors":false,"_links":{"self":[{"href":"https:\/\/serbiantimes.info\/en\/wp-json\/wp\/v2\/posts\/194494","targetHints":{"allow":["GET"]}}],"collection":[{"href":"https:\/\/serbiantimes.info\/en\/wp-json\/wp\/v2\/posts"}],"about":[{"href":"https:\/\/serbiantimes.info\/en\/wp-json\/wp\/v2\/types\/post"}],"author":[{"embeddable":true,"href":"https:\/\/serbiantimes.info\/en\/wp-json\/wp\/v2\/users\/2169"}],"replies":[{"embeddable":true,"href":"https:\/\/serbiantimes.info\/en\/wp-json\/wp\/v2\/comments?post=194494"}],"version-history":[{"count":2,"href":"https:\/\/serbiantimes.info\/en\/wp-json\/wp\/v2\/posts\/194494\/revisions"}],"predecessor-version":[{"id":194512,"href":"https:\/\/serbiantimes.info\/en\/wp-json\/wp\/v2\/posts\/194494\/revisions\/194512"}],"wp:featuredmedia":[{"embeddable":true,"href":"https:\/\/serbiantimes.info\/en\/wp-json\/wp\/v2\/media\/194495"}],"wp:attachment":[{"href":"https:\/\/serbiantimes.info\/en\/wp-json\/wp\/v2\/media?parent=194494"}],"wp:term":[{"taxonomy":"category","embeddable":true,"href":"https:\/\/serbiantimes.info\/en\/wp-json\/wp\/v2\/categories?post=194494"},{"taxonomy":"post_tag","embeddable":true,"href":"https:\/\/serbiantimes.info\/en\/wp-json\/wp\/v2\/tags?post=194494"}],"curies":[{"name":"wp","href":"https:\/\/api.w.org\/{rel}","templated":true}]}}