{"id":194444,"date":"2025-12-04T14:53:22","date_gmt":"2025-12-04T12:53:22","guid":{"rendered":"https:\/\/serbiantimes.info\/en\/?p=194444"},"modified":"2025-12-04T14:53:24","modified_gmt":"2025-12-04T12:53:24","slug":"shock-therapy-worked-denver-returned-with-a-win-jokic-led-the-team-murray-went-crazy-with-a-record-52-points-video","status":"publish","type":"post","link":"https:\/\/serbiantimes.info\/en\/shock-therapy-worked-denver-returned-with-a-win-jokic-led-the-team-murray-went-crazy-with-a-record-52-points-video\/","title":{"rendered":"SHOCK THERAPY WORKED: Denver Returned With a Win, Joki\u0107 Led the Team, Murray \u201cWent Crazy\u201d With a Record 52 Points! (VIDEO)"},"content":{"rendered":"\n<p>Denver\u2019s shock therapy worked. David Adelman did not resign like \u017deljko Obradovi\u0107, but his team snapped out of it, and after poor performances and several losses to teams that are definitely not on the Nuggets\u2019 level, came the road game in Indiana! What happened in the locker room and who raised their voice we don\u2019t know (we can only suspect), but it paid off \u2013 <strong>135:120!<\/strong><\/p>\n\n\n\n<p>Nikola Joki\u0107 was finally surrounded by a team that looked like a championship squad and which he, of course, led. He scored 24 points (9-17 FG, 1-4 from three), had 13 assists, and grabbed 8 rebounds.<\/p>\n\n\n\n<p>Murray is beginning to find his true form, and in this game he was perfectly dialed in, focusing less on setting up others. But that\u2019s easy when you have Nikola next to you. In the end, the Nuggets\u2019 point guard counted up to a <strong>record 52 points this year<\/strong>, with an excellent shooting percentage (19-25), 4 assists, and 6 rebounds.<\/p>\n\n\n\n<figure class=\"wp-block-embed is-type-wp-embed is-provider-serbiantimes-info wp-block-embed-serbiantimes-info\"><div class=\"wp-block-embed__wrapper\">\n<blockquote class=\"wp-embedded-content\" data-secret=\"7oHAj3kkdX\"><a href=\"https:\/\/serbiantimes.info\/tramp-povezao-srbiju-sa-pokusajem-kradje-izbora-u-americi-ilon-mask-je-2024-onesposobio-racunare-srpske-firme-i-sprecio-namestanje\/\">TRAMP POVEZAO SRBIJU SA POKU\u0160AJEM KRA\u0110E IZBORA U AMERICI: &#8222;Ilon Mask je 2024. onesposobio ra\u010dunare srpske firme i spre\u010dio name\u0161tanje!&#8220;<\/a><\/blockquote><iframe loading=\"lazy\" class=\"wp-embedded-content\" sandbox=\"allow-scripts\" security=\"restricted\" style=\"position: absolute; visibility: hidden;\" title=\"&#132;TRAMP POVEZAO SRBIJU SA POKU\u0160AJEM KRA\u0110E IZBORA U AMERICI: &#8222;Ilon Mask je 2024. onesposobio ra\u010dunare srpske firme i spre\u010dio name\u0161tanje!&#8220;&#147; &#8212; Serbiantimes.info\" src=\"https:\/\/serbiantimes.info\/tramp-povezao-srbiju-sa-pokusajem-kradje-izbora-u-americi-ilon-mask-je-2024-onesposobio-racunare-srpske-firme-i-sprecio-namestanje\/embed\/#?secret=3ickIisLTw#?secret=7oHAj3kkdX\" data-secret=\"7oHAj3kkdX\" width=\"500\" height=\"282\" frameborder=\"0\" marginwidth=\"0\" marginheight=\"0\" scrolling=\"no\"><\/iframe>\n<\/div><\/figure>\n\n\n\n<p>Among the others, Bruce Brown had a solid game (14 pts, 4 reb), while Watson scored 11 (7 reb).<\/p>\n\n\n\n<figure class=\"wp-block-embed is-type-video is-provider-youtube wp-block-embed-youtube wp-embed-aspect-16-9 wp-has-aspect-ratio\"><div class=\"wp-block-embed__wrapper\">\n<iframe loading=\"lazy\" title=\"Nikola Jokic 24 Pts 8 Reb 13 Ast Denver Nuggets vs Indiana Pacers HIGHLIGHTS\" width=\"500\" height=\"281\" src=\"https:\/\/www.youtube.com\/embed\/x4q2YphCd-I?feature=oembed\" frameborder=\"0\" allow=\"accelerometer; autoplay; clipboard-write; encrypted-media; gyroscope; picture-in-picture; web-share\" referrerpolicy=\"strict-origin-when-cross-origin\" allowfullscreen><\/iframe>\n<\/div><\/figure>\n\n\n\n<p>The hosts, still playing without their leader Haliburton, relied mostly on Pascal Siakam (23 pts, 4 ast). Nembhard scored 16 (7 ast), and Mathurin added 15 (7 reb).<\/p>\n\n\n\n<p>Denver, now at <strong>15\u20136<\/strong>, sits in 5th place in the Western Conference, while Indiana is at the bottom of the East, 14th place (4\u201318).<\/p>\n\n\n\n<p>The Nuggets now head out on a three-game road trip, with the next matchup coming Friday against Atlanta.<\/p>\n\n\n\n<figure class=\"wp-block-embed is-type-wp-embed is-provider-serbiantimes-info wp-block-embed-serbiantimes-info\"><div class=\"wp-block-embed__wrapper\">\n<blockquote class=\"wp-embedded-content\" data-secret=\"vUqrxRWXcm\"><a href=\"https:\/\/serbiantimes.info\/pokusaj-kidnapovanja-devojcice-4-usred-beograda-muskarac-joj-prisao-i-rekao-hajde-sa-mnom-roditelji-uznemireni\/\">POKU\u0160AJ KIDNAPOVANJA DEVOJ\u010cICE (4) USRED BEOGRADA: Mu\u0161karac joj pri\u0161ao i rekao: &#8222;Hajde sa mnom&#8220; Roditelji uznemireni!<\/a><\/blockquote><iframe loading=\"lazy\" class=\"wp-embedded-content\" sandbox=\"allow-scripts\" security=\"restricted\" style=\"position: absolute; visibility: hidden;\" title=\"&#132;POKU\u0160AJ KIDNAPOVANJA DEVOJ\u010cICE (4) USRED BEOGRADA: Mu\u0161karac joj pri\u0161ao i rekao: &#8222;Hajde sa mnom&#8220; Roditelji uznemireni!&#147; &#8212; Serbiantimes.info\" src=\"https:\/\/serbiantimes.info\/pokusaj-kidnapovanja-devojcice-4-usred-beograda-muskarac-joj-prisao-i-rekao-hajde-sa-mnom-roditelji-uznemireni\/embed\/#?secret=2AuibJm082#?secret=vUqrxRWXcm\" data-secret=\"vUqrxRWXcm\" width=\"500\" height=\"282\" frameborder=\"0\" marginwidth=\"0\" marginheight=\"0\" scrolling=\"no\"><\/iframe>\n<\/div><\/figure>\n\n\n\n<h3 class=\"wp-block-heading\"><mark style=\"background-color:#FFFFFF;color:#d21414\" class=\"has-inline-color\">MORE TOPICS:<\/mark><\/h3>\n\n\n\n<p><strong><a href=\"https:\/\/serbiantimes.info\/en\/emotional-address-by-zeljko-obradovic-ostoja-mijailovic-bears-responsibility-for-the-situation-in-partizan-full-video\/\" target=\"_blank\" rel=\"noopener\" title=\"\">EMOTIONAL ADDRESS BY \u017dELJKO OBRADOVI\u0106: \u201cOstoja Mijailovi\u0107 bears responsibility for the situation in Partizan!\u201d (FULL VIDEO)<\/a><\/strong><\/p>\n\n\n\n<p><strong><a href=\"https:\/\/serbiantimes.info\/en\/confession-of-a-serbian-nurse-when-i-moved-to-norway-i-had-no-idea-what-would-befall-us-i-watched-my-children-crying-video\/\" target=\"_blank\" rel=\"noopener\" title=\"\">CONFESSION OF A SERBIAN NURSE: \u201cWhen I moved to Norway I had no idea what would befall us, I watched my children crying\u201d (VIDEO)<\/a><\/strong><\/p>\n\n\n\n<p><strong><a href=\"https:\/\/serbiantimes.info\/en\/brian-pushed-ana-in-a-panic-she-fell-off-the-bed-the-defense-presented-shocking-details-at-the-trial-in-the-case-of-the-murdered-serbian-woman\/\" target=\"_blank\" rel=\"noopener\" title=\"\">\u201cBRIAN PUSHED ANA IN A PANIC, SHE FELL OFF THE BED\u201d: The defense presented shocking details at the trial in the case of the murdered Serbian woman!<\/a><\/strong><\/p>\n\n\n\n<p><strong><a href=\"https:\/\/serbiantimes.info\/en\/prosecutors-office-for-organized-crime-ordered-the-arrest-of-the-minister-selakovic-came-in-front-of-the-building-and-insulted-the-prosecutors\/\" target=\"_blank\" rel=\"noopener\" title=\"\">PROSECUTOR\u2019S OFFICE FOR ORGANIZED CRIME ORDERED THE ARREST OF THE MINISTER: Selakovi\u0107 came in front of the building and insulted the prosecutors!<\/a><\/strong><\/p>\n\n\n\n<p><strong><a href=\"https:\/\/serbiantimes.info\/en\/arrested-serbian-policeman-from-chicago-returned-to-work-radule-bojovic-accused-of-overstaying-his-visa-then-put-on-his-uniform-again-video\/\" target=\"_blank\" rel=\"noopener\" title=\"\">ARRESTED SERBIAN POLICEMAN FROM CHICAGO RETURNED TO WORK: Radule Bojovi\u0107 accused of overstaying his visa, then put on his uniform again! (VIDEO)<\/a><\/strong><\/p>\n\n\n\n<p><strong><strong>Source<\/strong>:<\/strong> Antonije Kova\u010devi\u0107 <strong>Foto: <\/strong>Printscreen Instagram @nuggets<\/p>\n","protected":false},"excerpt":{"rendered":"<p>Denver\u2019s shock therapy worked. David Adelman did not resign like \u017deljko Obradovi\u0107, but his team snapped out of it, and after poor performances and several losses to teams that are definitely not on the Nuggets\u2019 level, came the road game in Indiana! What happened in the locker room and who raised their voice we don\u2019t [&hellip;]<\/p>\n","protected":false},"author":8,"featured_media":194445,"comment_status":"open","ping_status":"open","sticky":false,"template":"","format":"standard","meta":{"newspack_featured_image_position":"","newspack_post_subtitle":"","newspack_article_summary_title":"Overview:","newspack_article_summary":"","newspack_hide_updated_date":false,"newspack_show_updated_date":false,"footnotes":""},"categories":[10],"tags":[1784,3981,250],"class_list":["post-194444","post","type-post","status-publish","format-standard","has-post-thumbnail","hentry","category-sport","tag-denver-nagets","tag-dzamal-marej","tag-nikola-jokic","entry"],"aioseo_notices":[],"distributor_meta":false,"distributor_terms":false,"distributor_media":false,"distributor_original_site_name":"Serbiantimes.info EN","distributor_original_site_url":"https:\/\/serbiantimes.info\/en","push-errors":false,"_links":{"self":[{"href":"https:\/\/serbiantimes.info\/en\/wp-json\/wp\/v2\/posts\/194444","targetHints":{"allow":["GET"]}}],"collection":[{"href":"https:\/\/serbiantimes.info\/en\/wp-json\/wp\/v2\/posts"}],"about":[{"href":"https:\/\/serbiantimes.info\/en\/wp-json\/wp\/v2\/types\/post"}],"author":[{"embeddable":true,"href":"https:\/\/serbiantimes.info\/en\/wp-json\/wp\/v2\/users\/8"}],"replies":[{"embeddable":true,"href":"https:\/\/serbiantimes.info\/en\/wp-json\/wp\/v2\/comments?post=194444"}],"version-history":[{"count":2,"href":"https:\/\/serbiantimes.info\/en\/wp-json\/wp\/v2\/posts\/194444\/revisions"}],"predecessor-version":[{"id":194461,"href":"https:\/\/serbiantimes.info\/en\/wp-json\/wp\/v2\/posts\/194444\/revisions\/194461"}],"wp:featuredmedia":[{"embeddable":true,"href":"https:\/\/serbiantimes.info\/en\/wp-json\/wp\/v2\/media\/194445"}],"wp:attachment":[{"href":"https:\/\/serbiantimes.info\/en\/wp-json\/wp\/v2\/media?parent=194444"}],"wp:term":[{"taxonomy":"category","embeddable":true,"href":"https:\/\/serbiantimes.info\/en\/wp-json\/wp\/v2\/categories?post=194444"},{"taxonomy":"post_tag","embeddable":true,"href":"https:\/\/serbiantimes.info\/en\/wp-json\/wp\/v2\/tags?post=194444"}],"curies":[{"name":"wp","href":"https:\/\/api.w.org\/{rel}","templated":true}]}}