{"id":194417,"date":"2025-12-03T19:43:20","date_gmt":"2025-12-03T17:43:20","guid":{"rendered":"https:\/\/serbiantimes.info\/en\/?p=194417"},"modified":"2025-12-03T20:50:21","modified_gmt":"2025-12-03T18:50:21","slug":"iz-italije-tvrde-da-je-trinkijeri-odbio-partizan-neki-navijaci-crno-belih-mu-prete-ali-mnogi-i-prizeljkuiju-njegov-dolazak-video","status":"publish","type":"post","link":"https:\/\/serbiantimes.info\/en\/iz-italije-tvrde-da-je-trinkijeri-odbio-partizan-neki-navijaci-crno-belih-mu-prete-ali-mnogi-i-prizeljkuiju-njegov-dolazak-video\/","title":{"rendered":"IZ ITALIJE TVRDE DA JE TRINKIJERI ODBIO PARTIZAN: Neki navija\u010di crno-belih mu pretili, ali mnogi i pri\u017eeljkuiju njegov dolazak! (VIDEO)"},"content":{"rendered":"\n<p><strong><em>Situacija u Partizanu se komplikuje iz \u010dasa u \u010das, pa sada iz Italije sti\u017eu vesti da Andrea Trinkijeri ne\u0107e preuzeti crno-bele.<\/em><\/strong><\/p>\n\n\n\n<p>Tu vest je objavio italijanski novinar Mateo Andreani, koji je na svom nalogu na \u201eIksu\u201c:<\/p>\n\n\n\n<p>\u201eAndrea Trinkijeri je kona\u010dno odlu\u010dio da odbije ponudu Partizana, bez obzira na optimizam prethodnih dana. Nije lako za Partizan, tako\u0111e su drugi teneri odbili klub\u201c.<\/p>\n\n\n\n<p>\u010cinilo se da \u0107e se Trinkijeri definitivno vratiti u Partizan i preuzeti ekipu posle odlaska \u017delimira Obradovi\u0107a. Prakti\u010dno je sve bilo i dogovoreno, a italijanski stru\u010dnjak je trebalo ekipu da preuzme posle evroliga\u0161kog duela protiv Bajerna, koji je na programu u \u010detvrtak uve\u010de. Ekipu \u0107e na toj utakmici predvoditi Mirko Ocokolji\u0107.<\/p>\n\n\n\n<figure class=\"wp-block-embed is-type-wp-embed is-provider-serbiantimes-info wp-block-embed-serbiantimes-info\"><div class=\"wp-block-embed__wrapper\">\n<blockquote class=\"wp-embedded-content\" data-secret=\"L3Vp6m3Ycl\"><a href=\"https:\/\/serbiantimes.info\/tramp-povezao-srbiju-sa-pokusajem-kradje-izbora-u-americi-ilon-mask-je-2024-onesposobio-racunare-srpske-firme-i-sprecio-namestanje\/\">TRAMP POVEZAO SRBIJU SA POKU\u0160AJEM KRA\u0110E IZBORA U AMERICI: &#8222;Ilon Mask je 2024. onesposobio ra\u010dunare srpske firme i spre\u010dio name\u0161tanje!&#8220;<\/a><\/blockquote><iframe loading=\"lazy\" class=\"wp-embedded-content\" sandbox=\"allow-scripts\" security=\"restricted\" style=\"position: absolute; visibility: hidden;\" title=\"&#132;TRAMP POVEZAO SRBIJU SA POKU\u0160AJEM KRA\u0110E IZBORA U AMERICI: &#8222;Ilon Mask je 2024. onesposobio ra\u010dunare srpske firme i spre\u010dio name\u0161tanje!&#8220;&#147; &#8212; Serbiantimes.info\" src=\"https:\/\/serbiantimes.info\/tramp-povezao-srbiju-sa-pokusajem-kradje-izbora-u-americi-ilon-mask-je-2024-onesposobio-racunare-srpske-firme-i-sprecio-namestanje\/embed\/#?secret=3ickIisLTw#?secret=L3Vp6m3Ycl\" data-secret=\"L3Vp6m3Ycl\" width=\"500\" height=\"282\" frameborder=\"0\" marginwidth=\"0\" marginheight=\"0\" scrolling=\"no\"><\/iframe>\n<\/div><\/figure>\n\n\n\n<p>U me\u0111uvremenu, pojavila se informacija da je na jednoj dru\u0161tvenoj mre\u017ei osvanuo&nbsp;Trinkijerijev&nbsp;broj telefona uz \u201eprigodnu poruku\u201c.<\/p>\n\n\n\n<p>\u201e<strong>Ne bi bilo u redu da mu ka\u017eete \u0161to mislite o njemu ako prihvati ponudu Ostoje Mijailovi\u0107a.\u201c<\/strong><\/p>\n\n\n\n<blockquote class=\"twitter-tweet\"><p lang=\"en\" dir=\"ltr\">Andrea Trinchieri finally decided to reject the offer from Partizan Belgrade, despite the optimism of last days, can confirm <a href=\"https:\/\/twitter.com\/eurodevotion?ref_src=twsrc%5Etfw\">@eurodevotion<\/a>.<br><br>Not easy for Partizan, also other coaches rejected the club, I&#39;m told.<a href=\"https:\/\/t.co\/R9V2e2yfWh\">https:\/\/t.co\/R9V2e2yfWh<\/a><\/p>&mdash; Matteo Andreani (@matty_vanpersie) <a href=\"https:\/\/twitter.com\/matty_vanpersie\/status\/1996248917470556472?ref_src=twsrc%5Etfw\">December 3, 2025<\/a><\/blockquote> <script async src=\"https:\/\/platform.twitter.com\/widgets.js\" charset=\"utf-8\"><\/script>\n\n\n\n<p>Pojedini navija\u010di Partizana su pisali Trinkijeriju i na dru\u0161tvenim mre\u017eama, vre\u0111ali ga i poru\u010divali mu da ne dolazi u Partizan posle odlaska \u017deljka Obradovi\u0107a. <\/p>\n\n\n\n<p>Ina\u010de, treba naglasiti da je doskora Italijan va\u017eio za omiljenu osobu kada je su u pitanju pristalice crno-belih, a ima dosta navija\u010da Partizana koji i dalje smatraju da je on najbolje re\u0161enje za klub u ovom trenutku, s obzirom na vrlo pozitivno iskustvo odranije i \u010dinjenicu da se javno deklarisao kao navija\u010d Partizana.<\/p>\n\n\n\n<p>Da li je bilo pritisaka na Trinkijerija, da li se Italijan u me\u0111uvremenu predomislio, sazna\u0107e se vrlo uskoro. Jedno je sigurno, situacija u Partizanu nikako nije dobra, a u narednim danima mogu da se o\u010dekuju novi potresi\u2026<\/p>\n\n\n\n<p><strong>Izvor: <\/strong>Sport Klub   <strong>Foto: <\/strong>Eurohoops<\/p>\n\n\n\n<h3 class=\"wp-block-heading\">PRO\u010cITAJTE JO\u0160:<\/h3>\n\n\n\n<p><strong><a href=\"https:\/\/serbiantimes.info\/uhapseni-srbin-policajac-iz-cikaga-se-vratio-na-posao-radule-bojovic-optuzen-da-je-prekoracio-vizu-pa-opet-obukao-uniformu-video\/\">UHAP\u0160ENI SRBIN POLICAJAC IZ \u010cIKAGA SE VRATIO NA POSAO: Radule Bojovi\u0107 optu\u017een da je prekora\u010dio vizu, pa opet obukao uniformu! (VIDEO)<\/a><\/strong><\/p>\n\n\n\n<p><strong><a href=\"https:\/\/serbiantimes.info\/sta-je-putin-porucio-trampu-iz-moskve-mogli-mi-da-odsecemno-ukrajinu-od-mora-posle-pet-sati-pregovora-iscureli-novi-detalji-mirovnog-plana-video-foto\/\">\u0160TA JE PUTIN PORU\u010cIO TRAMPU IZ MOSKVE: \u201eMogli bi da odse\u010demno Ukrajinu od mora!\u201c Posle pet sati pregovora iscureli novi detalji mirovnog plana (VIDEO\/FOTO)<\/a><\/strong><\/p>\n\n\n\n<p><strong><a href=\"https:\/\/serbiantimes.info\/studenti-objavili-datum-novog-velikog-protesta-uz-sifrovanu-poruku-vreme-je-za-povezivanje-jer-samo-zajedno-video\/\">STUDENTI OBJAVILI DATUM NOVOG VELIKOG PROTESTA, UZ \u0160IFROVANU PORUKU: \u201eVreme je za povezivanje, jer samo zajedno\u2026\u201c (VIDEO)<\/a><\/strong><\/p>\n\n\n\n<p><strong><a href=\"https:\/\/serbiantimes.info\/en\/dokovic-poslao-knjigu-svesteniku-iz-cikaga-ocu-aleksandru-urucena-biografija-slavnog-srpskog-tenisera-sa-posvetom-videofoto\/\">\u0110OKOVI\u0106 POSLAO KNJIGU SVE\u0160TENIKU IZ \u010cIKAGA: Ocu Aleksandru na dan slave uru\u010dena biografija slavnog tenisera, sa posvetom! (VIDEO+FOTO)<\/a><\/strong><\/p>\n\n\n\n<p><strong><a href=\"https:\/\/serbiantimes.info\/laibach-sprema-projekat-o-jasenovcu-cuveni-bend-u-gostima-kod-jasenovackog-vladike-jovana-doneli-mu-knjige-i-razgovarali-o-saradnji-foto\/\">LAIBACH SPREMA PROJEKAT O JASENOVCU: \u010cuveni bend u gostima kod jasenova\u010dkog vladike Jovana, doneli mu knjige i razgovarali o saradnji (FOTO)<\/a><\/strong><\/p>\n","protected":false},"excerpt":{"rendered":"<p>Situacija u Partizanu se komplikuje iz \u010dasa u \u010das, pa sada iz Italije sti\u017eu vesti da Andrea Trinkijeri ne\u0107e preuzeti crno-bele. Tu vest je objavio italijanski novinar Mateo Andreani, koji je na svom nalogu na \u201eIksu\u201c: \u201eAndrea Trinkijeri je kona\u010dno odlu\u010dio da odbije ponudu Partizana, bez obzira na optimizam prethodnih dana. Nije lako za Partizan, [&hellip;]<\/p>\n","protected":false},"author":8,"featured_media":194418,"comment_status":"open","ping_status":"open","sticky":false,"template":"","format":"standard","meta":{"newspack_featured_image_position":"","newspack_post_subtitle":"","newspack_article_summary_title":"Overview:","newspack_article_summary":"","newspack_hide_updated_date":false,"newspack_show_updated_date":false,"footnotes":""},"categories":[1],"tags":[],"class_list":["post-194417","post","type-post","status-publish","format-standard","has-post-thumbnail","hentry","category-nekategorizovano","entry"],"aioseo_notices":[],"distributor_meta":false,"distributor_terms":false,"distributor_media":false,"distributor_original_site_name":"Serbiantimes.info EN","distributor_original_site_url":"https:\/\/serbiantimes.info\/en","push-errors":false,"_links":{"self":[{"href":"https:\/\/serbiantimes.info\/en\/wp-json\/wp\/v2\/posts\/194417","targetHints":{"allow":["GET"]}}],"collection":[{"href":"https:\/\/serbiantimes.info\/en\/wp-json\/wp\/v2\/posts"}],"about":[{"href":"https:\/\/serbiantimes.info\/en\/wp-json\/wp\/v2\/types\/post"}],"author":[{"embeddable":true,"href":"https:\/\/serbiantimes.info\/en\/wp-json\/wp\/v2\/users\/8"}],"replies":[{"embeddable":true,"href":"https:\/\/serbiantimes.info\/en\/wp-json\/wp\/v2\/comments?post=194417"}],"version-history":[{"count":4,"href":"https:\/\/serbiantimes.info\/en\/wp-json\/wp\/v2\/posts\/194417\/revisions"}],"predecessor-version":[{"id":194423,"href":"https:\/\/serbiantimes.info\/en\/wp-json\/wp\/v2\/posts\/194417\/revisions\/194423"}],"wp:featuredmedia":[{"embeddable":true,"href":"https:\/\/serbiantimes.info\/en\/wp-json\/wp\/v2\/media\/194418"}],"wp:attachment":[{"href":"https:\/\/serbiantimes.info\/en\/wp-json\/wp\/v2\/media?parent=194417"}],"wp:term":[{"taxonomy":"category","embeddable":true,"href":"https:\/\/serbiantimes.info\/en\/wp-json\/wp\/v2\/categories?post=194417"},{"taxonomy":"post_tag","embeddable":true,"href":"https:\/\/serbiantimes.info\/en\/wp-json\/wp\/v2\/tags?post=194417"}],"curies":[{"name":"wp","href":"https:\/\/api.w.org\/{rel}","templated":true}]}}