{"id":194021,"date":"2025-11-29T13:43:17","date_gmt":"2025-11-29T11:43:17","guid":{"rendered":"https:\/\/serbiantimes.info\/en\/?p=194021"},"modified":"2025-11-29T13:43:19","modified_gmt":"2025-11-29T11:43:19","slug":"anniversary-of-submitting-demands-students-call-on-citizens-to-protest-in-front-of-the-rectorate-a-plenum-will-also-be-held","status":"publish","type":"post","link":"https:\/\/serbiantimes.info\/en\/anniversary-of-submitting-demands-students-call-on-citizens-to-protest-in-front-of-the-rectorate-a-plenum-will-also-be-held\/","title":{"rendered":"ANNIVERSARY OF SUBMITTING DEMANDS: Students Call on Citizens to Protest in Front of the Rectorate, a Plenum Will Also Be Held!"},"content":{"rendered":"\n<p class=\"wp-block-paragraph\">Students involved in the blockade have announced a protest for today, November 29, in front of the Rectorate building of the University of Belgrade, marking one year since the submission of their demands.<\/p>\n\n\n\n<p class=\"wp-block-paragraph\">According to a statement from the students, the plan is to hold a student plenum following 16 minutes of silence.<\/p>\n\n\n\n<p class=\"wp-block-paragraph\">As a reminder, the students\u2019 first four demands were:<\/p>\n\n\n\n<ul class=\"wp-block-list\">\n<li>Publication of the complete documentation on the reconstruction of the railway station in Novi Sad.<\/li>\n\n\n\n<li>Prosecution of individuals responsible for attacks on students and professors, as well as their removal from public office if found guilty.<\/li>\n\n\n\n<li>Dropping criminal charges against students who were arrested and detained during protests, as well as halting ongoing criminal proceedings.<\/li>\n\n\n\n<li>Increasing the budget for higher education by 20 percent.<\/li>\n<\/ul>\n\n\n\n<p class=\"wp-block-paragraph\">Later, the students also demanded the scheduling of elections.<\/p>\n\n\n\n<h3 class=\"wp-block-heading\"><mark style=\"background-color:#FFFFFF;color:#d21414\" class=\"has-inline-color\">MORE TOPICS:<\/mark><\/h3>\n\n\n\n<p class=\"wp-block-paragraph\"><strong><a href=\"https:\/\/serbiantimes.info\/en\/interview-sergej-trifunovic-both-washington-and-brussels-fear-the-student-list-the-embrace-of-the-sajkaca-and-the-hijab-is-an-epic-moment-video\/\" target=\"_blank\" rel=\"noopener\" title=\"\">INTERVIEW, SERGEJ TRIFUNOVI\u0106: Both Washington and Brussels fear the student list! The embrace of the \u0161ajka\u010da and the hijab is an epic moment! (VIDEO)<\/a><\/strong><\/p>\n\n\n\n<p class=\"wp-block-paragraph\"><strong><a href=\"https:\/\/serbiantimes.info\/en\/the-call-was-not-of-clear-content-health-center-cacak-about-the-accident-in-which-the-student-ana-died\/\" target=\"_blank\" rel=\"noopener\" title=\"\">\u201cTHE CALL WAS NOT OF CLEAR CONTENT\u201d: Health center \u010ca\u010dak about the accident in which the student Ana died!<\/a><\/strong><\/p>\n\n\n\n<p class=\"wp-block-paragraph\"><strong><a href=\"https:\/\/serbiantimes.info\/en\/resignation-of-zeljko-obradovic-rejected-partizans-executive-board-made-a-unanimous-decision\/\" target=\"_blank\" rel=\"noopener\" title=\"\">RESIGNATION OF \u017dELJKO OBRADOVI\u0106 REJECTED: Partizan\u2019s Executive Board made a unanimous decision!<\/a><\/strong><\/p>\n\n\n\n<p class=\"wp-block-paragraph\"><strong><a href=\"https:\/\/serbiantimes.info\/en\/america-celebrates-thanksgiving-from-the-first-meal-with-the-indians-to-millions-of-roasted-turkeys\/\" target=\"_blank\" rel=\"noopener\" title=\"\">AMERICA CELEBRATES THANKSGIVING: From the first meal with the Indians to millions of roasted turkeys!<\/a><\/strong><\/p>\n\n\n\n<p class=\"wp-block-paragraph\"><strong>Source<\/strong>:<strong>&nbsp;<\/strong>Nedeljnik&nbsp;<strong>Foto:<\/strong> Studenti u blokadi<\/p>\n","protected":false},"excerpt":{"rendered":"<p>Students involved in the blockade have announced a protest for today, November 29, in front of the Rectorate building of the University of Belgrade, marking one year since the submission of their demands. According to a statement from the students, the plan is to hold a student plenum following 16 minutes of silence. As a [&hellip;]<\/p>\n","protected":false},"author":2169,"featured_media":194022,"comment_status":"open","ping_status":"open","sticky":false,"template":"","format":"standard","meta":{"newspack_featured_image_position":"","newspack_post_subtitle":"","newspack_article_summary_title":"Overview:","newspack_article_summary":"","newspack_hide_updated_date":false,"newspack_show_updated_date":false,"footnotes":""},"categories":[7],"tags":[6675,642,9763,4837,4686,2404],"class_list":["post-194021","post","type-post","status-publish","format-standard","has-post-thumbnail","hentry","category-serbia","tag-plenum","tag-protest","tag-rektorakt","tag-studenti-u-blokadi","tag-studentski-zahtevi","tag-zahtevi","entry"],"aioseo_notices":[],"aioseo_head":"\n\t\t<!-- All in One SEO 5.0.1.1 - aioseo.com -->\n\t<meta name=\"description\" content=\"Students involved in the blockade have announced a protest for today, November 29, in front of the Rectorate building of the University of Belgrade, marking one year since the submission of their demands. According to a statement from the students, the plan is to hold a student plenum following 16 minutes of silence. As a\" \/>\n\t<meta name=\"robots\" content=\"max-image-preview:large\" \/>\n\t<meta name=\"author\" content=\"Serbian Times\"\/>\n\t<link rel=\"canonical\" href=\"https:\/\/serbiantimes.info\/en\/anniversary-of-submitting-demands-students-call-on-citizens-to-protest-in-front-of-the-rectorate-a-plenum-will-also-be-held\/\" \/>\n\t<meta name=\"generator\" content=\"All in One SEO (AIOSEO) 5.0.1.1\" \/>\n\t\t<meta property=\"og:locale\" content=\"en_US\" \/>\n\t\t<meta property=\"og:site_name\" content=\"Serbiantimes.info EN |\" \/>\n\t\t<meta property=\"og:type\" content=\"article\" \/>\n\t\t<meta property=\"og:title\" content=\"ANNIVERSARY OF SUBMITTING DEMANDS: Students Call on Citizens to Protest in Front of the Rectorate, a Plenum Will Also Be Held! | Serbiantimes.info EN\" \/>\n\t\t<meta property=\"og:description\" content=\"Students involved in the blockade have announced a protest for today, November 29, in front of the Rectorate building of the University of Belgrade, marking one year since the submission of their demands. According to a statement from the students, the plan is to hold a student plenum following 16 minutes of silence. As a\" \/>\n\t\t<meta property=\"og:url\" content=\"https:\/\/serbiantimes.info\/en\/anniversary-of-submitting-demands-students-call-on-citizens-to-protest-in-front-of-the-rectorate-a-plenum-will-also-be-held\/\" \/>\n\t\t<meta property=\"og:image\" content=\"https:\/\/serbiantimes.info\/en\/wp-content\/uploads\/sites\/2\/2025\/11\/Screenshot-2025-11-29-at-09.32.17.png\" \/>\n\t\t<meta property=\"og:image:secure_url\" content=\"https:\/\/serbiantimes.info\/en\/wp-content\/uploads\/sites\/2\/2025\/11\/Screenshot-2025-11-29-at-09.32.17.png\" \/>\n\t\t<meta property=\"og:image:width\" content=\"1200\" \/>\n\t\t<meta property=\"og:image:height\" content=\"750\" \/>\n\t\t<meta property=\"article:published_time\" content=\"2025-11-29T11:43:17+00:00\" \/>\n\t\t<meta property=\"article:modified_time\" content=\"2025-11-29T11:43:19+00:00\" \/>\n\t\t<meta name=\"twitter:card\" content=\"summary_large_image\" \/>\n\t\t<meta name=\"twitter:title\" content=\"ANNIVERSARY OF SUBMITTING DEMANDS: Students Call on Citizens to Protest in Front of the Rectorate, a Plenum Will Also Be Held! | Serbiantimes.info EN\" \/>\n\t\t<meta name=\"twitter:description\" content=\"Students involved in the blockade have announced a protest for today, November 29, in front of the Rectorate building of the University of Belgrade, marking one year since the submission of their demands. According to a statement from the students, the plan is to hold a student plenum following 16 minutes of silence. As a\" \/>\n\t\t<meta name=\"twitter:image\" content=\"https:\/\/serbiantimes.info\/en\/wp-content\/uploads\/sites\/2\/2025\/11\/Screenshot-2025-11-29-at-09.32.17.png\" \/>\n\t\t<script type=\"application\/ld+json\" class=\"aioseo-schema\">\n\t\t\t{\"@context\":\"https:\\\/\\\/schema.org\",\"@graph\":[{\"@type\":\"BlogPosting\",\"@id\":\"https:\\\/\\\/serbiantimes.info\\\/en\\\/anniversary-of-submitting-demands-students-call-on-citizens-to-protest-in-front-of-the-rectorate-a-plenum-will-also-be-held\\\/#blogposting\",\"name\":\"ANNIVERSARY OF SUBMITTING DEMANDS: Students Call on Citizens to Protest in Front of the Rectorate, a Plenum Will Also Be Held! | Serbiantimes.info EN\",\"headline\":\"ANNIVERSARY OF SUBMITTING DEMANDS: Students Call on Citizens to Protest in Front of the Rectorate, a Plenum Will Also Be Held!\",\"author\":{\"@id\":\"https:\\\/\\\/serbiantimes.info\\\/en\\\/author\\\/serbiantimes-portal\\\/#author\"},\"publisher\":{\"@id\":\"https:\\\/\\\/serbiantimes.info\\\/en\\\/#organization\"},\"image\":{\"@type\":\"ImageObject\",\"url\":\"https:\\\/\\\/serbiantimes.info\\\/en\\\/wp-content\\\/uploads\\\/sites\\\/2\\\/2025\\\/11\\\/Screenshot-2025-11-29-at-09.32.17.png\",\"width\":1200,\"height\":750},\"datePublished\":\"2025-11-29T13:43:17+02:00\",\"dateModified\":\"2025-11-29T13:43:19+02:00\",\"inLanguage\":\"en-US\",\"mainEntityOfPage\":{\"@id\":\"https:\\\/\\\/serbiantimes.info\\\/en\\\/anniversary-of-submitting-demands-students-call-on-citizens-to-protest-in-front-of-the-rectorate-a-plenum-will-also-be-held\\\/#webpage\"},\"isPartOf\":{\"@id\":\"https:\\\/\\\/serbiantimes.info\\\/en\\\/anniversary-of-submitting-demands-students-call-on-citizens-to-protest-in-front-of-the-rectorate-a-plenum-will-also-be-held\\\/#webpage\"},\"articleSection\":\"SERBIA, plenum, protest, rektorakt, studenti u blokadi, studentski zahtevi, zahtevi\"},{\"@type\":\"BreadcrumbList\",\"@id\":\"https:\\\/\\\/serbiantimes.info\\\/en\\\/anniversary-of-submitting-demands-students-call-on-citizens-to-protest-in-front-of-the-rectorate-a-plenum-will-also-be-held\\\/#breadcrumblist\",\"itemListElement\":[{\"@type\":\"ListItem\",\"@id\":\"https:\\\/\\\/serbiantimes.info\\\/en#listItem\",\"position\":1,\"name\":\"Home\",\"item\":\"https:\\\/\\\/serbiantimes.info\\\/en\",\"nextItem\":{\"@type\":\"ListItem\",\"@id\":\"https:\\\/\\\/serbiantimes.info\\\/en\\\/category\\\/serbia\\\/#listItem\",\"name\":\"SERBIA\"}},{\"@type\":\"ListItem\",\"@id\":\"https:\\\/\\\/serbiantimes.info\\\/en\\\/category\\\/serbia\\\/#listItem\",\"position\":2,\"name\":\"SERBIA\",\"item\":\"https:\\\/\\\/serbiantimes.info\\\/en\\\/category\\\/serbia\\\/\",\"nextItem\":{\"@type\":\"ListItem\",\"@id\":\"https:\\\/\\\/serbiantimes.info\\\/en\\\/anniversary-of-submitting-demands-students-call-on-citizens-to-protest-in-front-of-the-rectorate-a-plenum-will-also-be-held\\\/#listItem\",\"name\":\"ANNIVERSARY OF SUBMITTING DEMANDS: Students Call on Citizens to Protest in Front of the Rectorate, a Plenum Will Also Be Held!\"},\"previousItem\":{\"@type\":\"ListItem\",\"@id\":\"https:\\\/\\\/serbiantimes.info\\\/en#listItem\",\"name\":\"Home\"}},{\"@type\":\"ListItem\",\"@id\":\"https:\\\/\\\/serbiantimes.info\\\/en\\\/anniversary-of-submitting-demands-students-call-on-citizens-to-protest-in-front-of-the-rectorate-a-plenum-will-also-be-held\\\/#listItem\",\"position\":3,\"name\":\"ANNIVERSARY OF SUBMITTING DEMANDS: Students Call on Citizens to Protest in Front of the Rectorate, a Plenum Will Also Be Held!\",\"previousItem\":{\"@type\":\"ListItem\",\"@id\":\"https:\\\/\\\/serbiantimes.info\\\/en\\\/category\\\/serbia\\\/#listItem\",\"name\":\"SERBIA\"}}]},{\"@type\":\"Organization\",\"@id\":\"https:\\\/\\\/serbiantimes.info\\\/en\\\/#organization\",\"name\":\"Serbiantimes.info EN\",\"url\":\"https:\\\/\\\/serbiantimes.info\\\/en\\\/\",\"logo\":{\"@type\":\"ImageObject\",\"url\":\"https:\\\/\\\/serbiantimes.info\\\/en\\\/wp-content\\\/uploads\\\/sites\\\/2\\\/2024\\\/10\\\/cropped-cropped-Serbian-Times-Header-Logo-1.png\",\"@id\":\"https:\\\/\\\/serbiantimes.info\\\/en\\\/anniversary-of-submitting-demands-students-call-on-citizens-to-protest-in-front-of-the-rectorate-a-plenum-will-also-be-held\\\/#organizationLogo\",\"width\":480,\"height\":100},\"image\":{\"@id\":\"https:\\\/\\\/serbiantimes.info\\\/en\\\/anniversary-of-submitting-demands-students-call-on-citizens-to-protest-in-front-of-the-rectorate-a-plenum-will-also-be-held\\\/#organizationLogo\"}},{\"@type\":\"Person\",\"@id\":\"https:\\\/\\\/serbiantimes.info\\\/en\\\/author\\\/serbiantimes-portal\\\/#author\",\"url\":\"https:\\\/\\\/serbiantimes.info\\\/en\\\/author\\\/serbiantimes-portal\\\/\",\"name\":\"Serbian Times\",\"image\":{\"@type\":\"ImageObject\",\"@id\":\"https:\\\/\\\/serbiantimes.info\\\/en\\\/anniversary-of-submitting-demands-students-call-on-citizens-to-protest-in-front-of-the-rectorate-a-plenum-will-also-be-held\\\/#authorImage\",\"url\":\"https:\\\/\\\/secure.gravatar.com\\\/avatar\\\/ea76e009769270b4193e2bc7e032c096b4ae135483ec03b396fd0f520bc3dcfd?s=96&d=mm&r=g\",\"width\":96,\"height\":96,\"caption\":\"Serbian Times\"}},{\"@type\":\"WebPage\",\"@id\":\"https:\\\/\\\/serbiantimes.info\\\/en\\\/anniversary-of-submitting-demands-students-call-on-citizens-to-protest-in-front-of-the-rectorate-a-plenum-will-also-be-held\\\/#webpage\",\"url\":\"https:\\\/\\\/serbiantimes.info\\\/en\\\/anniversary-of-submitting-demands-students-call-on-citizens-to-protest-in-front-of-the-rectorate-a-plenum-will-also-be-held\\\/\",\"name\":\"ANNIVERSARY OF SUBMITTING DEMANDS: Students Call on Citizens to Protest in Front of the Rectorate, a Plenum Will Also Be Held! | Serbiantimes.info EN\",\"description\":\"Students involved in the blockade have announced a protest for today, November 29, in front of the Rectorate building of the University of Belgrade, marking one year since the submission of their demands. According to a statement from the students, the plan is to hold a student plenum following 16 minutes of silence. As a\",\"inLanguage\":\"en-US\",\"isPartOf\":{\"@id\":\"https:\\\/\\\/serbiantimes.info\\\/en\\\/#website\"},\"breadcrumb\":{\"@id\":\"https:\\\/\\\/serbiantimes.info\\\/en\\\/anniversary-of-submitting-demands-students-call-on-citizens-to-protest-in-front-of-the-rectorate-a-plenum-will-also-be-held\\\/#breadcrumblist\"},\"author\":{\"@id\":\"https:\\\/\\\/serbiantimes.info\\\/en\\\/author\\\/serbiantimes-portal\\\/#author\"},\"creator\":{\"@id\":\"https:\\\/\\\/serbiantimes.info\\\/en\\\/author\\\/serbiantimes-portal\\\/#author\"},\"image\":{\"@type\":\"ImageObject\",\"url\":\"https:\\\/\\\/serbiantimes.info\\\/en\\\/wp-content\\\/uploads\\\/sites\\\/2\\\/2025\\\/11\\\/Screenshot-2025-11-29-at-09.32.17.png\",\"@id\":\"https:\\\/\\\/serbiantimes.info\\\/en\\\/anniversary-of-submitting-demands-students-call-on-citizens-to-protest-in-front-of-the-rectorate-a-plenum-will-also-be-held\\\/#mainImage\",\"width\":1200,\"height\":750},\"primaryImageOfPage\":{\"@id\":\"https:\\\/\\\/serbiantimes.info\\\/en\\\/anniversary-of-submitting-demands-students-call-on-citizens-to-protest-in-front-of-the-rectorate-a-plenum-will-also-be-held\\\/#mainImage\"},\"datePublished\":\"2025-11-29T13:43:17+02:00\",\"dateModified\":\"2025-11-29T13:43:19+02:00\"},{\"@type\":\"WebSite\",\"@id\":\"https:\\\/\\\/serbiantimes.info\\\/en\\\/#website\",\"url\":\"https:\\\/\\\/serbiantimes.info\\\/en\\\/\",\"name\":\"Serbiantimes.info EN\",\"inLanguage\":\"en-US\",\"publisher\":{\"@id\":\"https:\\\/\\\/serbiantimes.info\\\/en\\\/#organization\"}}]}\n\t\t<\/script>\n\t\t<!-- All in One SEO -->\n\n","aioseo_head_json":{"title":"ANNIVERSARY OF SUBMITTING DEMANDS: Students Call on Citizens to Protest in Front of the Rectorate, a Plenum Will Also Be Held! | Serbiantimes.info EN","description":"Students involved in the blockade have announced a protest for today, November 29, in front of the Rectorate building of the University of Belgrade, marking one year since the submission of their demands. According to a statement from the students, the plan is to hold a student plenum following 16 minutes of silence. As a","canonical_url":"https:\/\/serbiantimes.info\/en\/anniversary-of-submitting-demands-students-call-on-citizens-to-protest-in-front-of-the-rectorate-a-plenum-will-also-be-held\/","robots":"max-image-preview:large","keywords":"","webmasterTools":{"miscellaneous":""},"schema":{"@context":"https:\/\/schema.org","@graph":[{"@type":"BlogPosting","@id":"https:\/\/serbiantimes.info\/en\/anniversary-of-submitting-demands-students-call-on-citizens-to-protest-in-front-of-the-rectorate-a-plenum-will-also-be-held\/#blogposting","name":"ANNIVERSARY OF SUBMITTING DEMANDS: Students Call on Citizens to Protest in Front of the Rectorate, a Plenum Will Also Be Held! | Serbiantimes.info EN","headline":"ANNIVERSARY OF SUBMITTING DEMANDS: Students Call on Citizens to Protest in Front of the Rectorate, a Plenum Will Also Be Held!","author":{"@id":"https:\/\/serbiantimes.info\/en\/author\/serbiantimes-portal\/#author"},"publisher":{"@id":"https:\/\/serbiantimes.info\/en\/#organization"},"image":{"@type":"ImageObject","url":"https:\/\/serbiantimes.info\/en\/wp-content\/uploads\/sites\/2\/2025\/11\/Screenshot-2025-11-29-at-09.32.17.png","width":1200,"height":750},"datePublished":"2025-11-29T13:43:17+02:00","dateModified":"2025-11-29T13:43:19+02:00","inLanguage":"en-US","mainEntityOfPage":{"@id":"https:\/\/serbiantimes.info\/en\/anniversary-of-submitting-demands-students-call-on-citizens-to-protest-in-front-of-the-rectorate-a-plenum-will-also-be-held\/#webpage"},"isPartOf":{"@id":"https:\/\/serbiantimes.info\/en\/anniversary-of-submitting-demands-students-call-on-citizens-to-protest-in-front-of-the-rectorate-a-plenum-will-also-be-held\/#webpage"},"articleSection":"SERBIA, plenum, protest, rektorakt, studenti u blokadi, studentski zahtevi, zahtevi"},{"@type":"BreadcrumbList","@id":"https:\/\/serbiantimes.info\/en\/anniversary-of-submitting-demands-students-call-on-citizens-to-protest-in-front-of-the-rectorate-a-plenum-will-also-be-held\/#breadcrumblist","itemListElement":[{"@type":"ListItem","@id":"https:\/\/serbiantimes.info\/en#listItem","position":1,"name":"Home","item":"https:\/\/serbiantimes.info\/en","nextItem":{"@type":"ListItem","@id":"https:\/\/serbiantimes.info\/en\/category\/serbia\/#listItem","name":"SERBIA"}},{"@type":"ListItem","@id":"https:\/\/serbiantimes.info\/en\/category\/serbia\/#listItem","position":2,"name":"SERBIA","item":"https:\/\/serbiantimes.info\/en\/category\/serbia\/","nextItem":{"@type":"ListItem","@id":"https:\/\/serbiantimes.info\/en\/anniversary-of-submitting-demands-students-call-on-citizens-to-protest-in-front-of-the-rectorate-a-plenum-will-also-be-held\/#listItem","name":"ANNIVERSARY OF SUBMITTING DEMANDS: Students Call on Citizens to Protest in Front of the Rectorate, a Plenum Will Also Be Held!"},"previousItem":{"@type":"ListItem","@id":"https:\/\/serbiantimes.info\/en#listItem","name":"Home"}},{"@type":"ListItem","@id":"https:\/\/serbiantimes.info\/en\/anniversary-of-submitting-demands-students-call-on-citizens-to-protest-in-front-of-the-rectorate-a-plenum-will-also-be-held\/#listItem","position":3,"name":"ANNIVERSARY OF SUBMITTING DEMANDS: Students Call on Citizens to Protest in Front of the Rectorate, a Plenum Will Also Be Held!","previousItem":{"@type":"ListItem","@id":"https:\/\/serbiantimes.info\/en\/category\/serbia\/#listItem","name":"SERBIA"}}]},{"@type":"Organization","@id":"https:\/\/serbiantimes.info\/en\/#organization","name":"Serbiantimes.info EN","url":"https:\/\/serbiantimes.info\/en\/","logo":{"@type":"ImageObject","url":"https:\/\/serbiantimes.info\/en\/wp-content\/uploads\/sites\/2\/2024\/10\/cropped-cropped-Serbian-Times-Header-Logo-1.png","@id":"https:\/\/serbiantimes.info\/en\/anniversary-of-submitting-demands-students-call-on-citizens-to-protest-in-front-of-the-rectorate-a-plenum-will-also-be-held\/#organizationLogo","width":480,"height":100},"image":{"@id":"https:\/\/serbiantimes.info\/en\/anniversary-of-submitting-demands-students-call-on-citizens-to-protest-in-front-of-the-rectorate-a-plenum-will-also-be-held\/#organizationLogo"}},{"@type":"Person","@id":"https:\/\/serbiantimes.info\/en\/author\/serbiantimes-portal\/#author","url":"https:\/\/serbiantimes.info\/en\/author\/serbiantimes-portal\/","name":"Serbian Times","image":{"@type":"ImageObject","@id":"https:\/\/serbiantimes.info\/en\/anniversary-of-submitting-demands-students-call-on-citizens-to-protest-in-front-of-the-rectorate-a-plenum-will-also-be-held\/#authorImage","url":"https:\/\/secure.gravatar.com\/avatar\/ea76e009769270b4193e2bc7e032c096b4ae135483ec03b396fd0f520bc3dcfd?s=96&d=mm&r=g","width":96,"height":96,"caption":"Serbian Times"}},{"@type":"WebPage","@id":"https:\/\/serbiantimes.info\/en\/anniversary-of-submitting-demands-students-call-on-citizens-to-protest-in-front-of-the-rectorate-a-plenum-will-also-be-held\/#webpage","url":"https:\/\/serbiantimes.info\/en\/anniversary-of-submitting-demands-students-call-on-citizens-to-protest-in-front-of-the-rectorate-a-plenum-will-also-be-held\/","name":"ANNIVERSARY OF SUBMITTING DEMANDS: Students Call on Citizens to Protest in Front of the Rectorate, a Plenum Will Also Be Held! | Serbiantimes.info EN","description":"Students involved in the blockade have announced a protest for today, November 29, in front of the Rectorate building of the University of Belgrade, marking one year since the submission of their demands. According to a statement from the students, the plan is to hold a student plenum following 16 minutes of silence. As a","inLanguage":"en-US","isPartOf":{"@id":"https:\/\/serbiantimes.info\/en\/#website"},"breadcrumb":{"@id":"https:\/\/serbiantimes.info\/en\/anniversary-of-submitting-demands-students-call-on-citizens-to-protest-in-front-of-the-rectorate-a-plenum-will-also-be-held\/#breadcrumblist"},"author":{"@id":"https:\/\/serbiantimes.info\/en\/author\/serbiantimes-portal\/#author"},"creator":{"@id":"https:\/\/serbiantimes.info\/en\/author\/serbiantimes-portal\/#author"},"image":{"@type":"ImageObject","url":"https:\/\/serbiantimes.info\/en\/wp-content\/uploads\/sites\/2\/2025\/11\/Screenshot-2025-11-29-at-09.32.17.png","@id":"https:\/\/serbiantimes.info\/en\/anniversary-of-submitting-demands-students-call-on-citizens-to-protest-in-front-of-the-rectorate-a-plenum-will-also-be-held\/#mainImage","width":1200,"height":750},"primaryImageOfPage":{"@id":"https:\/\/serbiantimes.info\/en\/anniversary-of-submitting-demands-students-call-on-citizens-to-protest-in-front-of-the-rectorate-a-plenum-will-also-be-held\/#mainImage"},"datePublished":"2025-11-29T13:43:17+02:00","dateModified":"2025-11-29T13:43:19+02:00"},{"@type":"WebSite","@id":"https:\/\/serbiantimes.info\/en\/#website","url":"https:\/\/serbiantimes.info\/en\/","name":"Serbiantimes.info EN","inLanguage":"en-US","publisher":{"@id":"https:\/\/serbiantimes.info\/en\/#organization"}}]},"og:locale":"en_US","og:site_name":"Serbiantimes.info EN |","og:type":"article","og:title":"ANNIVERSARY OF SUBMITTING DEMANDS: Students Call on Citizens to Protest in Front of the Rectorate, a Plenum Will Also Be Held! | Serbiantimes.info EN","og:description":"Students involved in the blockade have announced a protest for today, November 29, in front of the Rectorate building of the University of Belgrade, marking one year since the submission of their demands. According to a statement from the students, the plan is to hold a student plenum following 16 minutes of silence. As a","og:url":"https:\/\/serbiantimes.info\/en\/anniversary-of-submitting-demands-students-call-on-citizens-to-protest-in-front-of-the-rectorate-a-plenum-will-also-be-held\/","og:image":"https:\/\/serbiantimes.info\/en\/wp-content\/uploads\/sites\/2\/2025\/11\/Screenshot-2025-11-29-at-09.32.17.png","og:image:secure_url":"https:\/\/serbiantimes.info\/en\/wp-content\/uploads\/sites\/2\/2025\/11\/Screenshot-2025-11-29-at-09.32.17.png","og:image:width":1200,"og:image:height":750,"article:published_time":"2025-11-29T11:43:17+00:00","article:modified_time":"2025-11-29T11:43:19+00:00","twitter:card":"summary_large_image","twitter:title":"ANNIVERSARY OF SUBMITTING DEMANDS: Students Call on Citizens to Protest in Front of the Rectorate, a Plenum Will Also Be Held! | Serbiantimes.info EN","twitter:description":"Students involved in the blockade have announced a protest for today, November 29, in front of the Rectorate building of the University of Belgrade, marking one year since the submission of their demands. According to a statement from the students, the plan is to hold a student plenum following 16 minutes of silence. As a","twitter:image":"https:\/\/serbiantimes.info\/en\/wp-content\/uploads\/sites\/2\/2025\/11\/Screenshot-2025-11-29-at-09.32.17.png"},"aioseo_meta_data":{"post_id":"194021","title":null,"description":null,"keywords":null,"keyphrases":{"focus":{"keyphrase":"","score":0,"analysis":{"keyphraseInTitle":{"score":0,"maxScore":9,"error":1}}},"additional":[]},"primary_term":null,"canonical_url":null,"og_title":null,"og_description":null,"og_object_type":"default","og_image_type":"default","og_image_url":null,"og_image_width":null,"og_image_height":null,"og_image_custom_url":null,"og_image_custom_fields":null,"og_video":"","og_custom_url":null,"og_article_section":null,"og_article_tags":null,"twitter_use_og":false,"twitter_card":"default","twitter_image_type":"default","twitter_image_url":null,"twitter_image_custom_url":null,"twitter_image_custom_fields":null,"twitter_title":null,"twitter_description":null,"schema":{"blockGraphs":[],"customGraphs":[],"default":{"data":{"Article":[],"Course":[],"Dataset":[],"FAQPage":[],"Movie":[],"Person":[],"Product":[],"ProductReview":[],"Car":[],"Recipe":[],"Service":[],"SoftwareApplication":[],"WebPage":[]},"graphName":"BlogPosting","isEnabled":true},"graphs":[]},"schema_type":"default","schema_type_options":null,"pillar_content":false,"robots_default":true,"robots_noindex":false,"robots_noarchive":false,"robots_nosnippet":false,"robots_nofollow":false,"robots_noimageindex":false,"robots_noodp":false,"robots_notranslate":false,"robots_max_snippet":"-1","robots_max_videopreview":"-1","robots_max_imagepreview":"large","priority":null,"frequency":"default","local_seo":null,"breadcrumb_settings":null,"limit_modified_date":false,"ai":{"faqs":[],"keyPoints":[],"titles":[],"descriptions":[],"socialPosts":{"email":[],"linkedin":[],"twitter":[],"facebook":[],"instagram":[]}},"created":"2025-11-29 11:31:56","updated":"2025-11-29 11:43:33","focus_keyword":null,"additional_keywords":null,"truseo_locale":null,"seo_analyzer_scan_date":null},"aioseo_breadcrumb":"<div class=\"aioseo-breadcrumbs\"><span class=\"aioseo-breadcrumb\">\n\t\t\t<a href=\"https:\/\/serbiantimes.info\/en\" title=\"Home\">Home<\/a>\n\t\t<\/span><span class=\"aioseo-breadcrumb-separator\">&raquo;<\/span><span class=\"aioseo-breadcrumb\">\n\t\t\t<a href=\"https:\/\/serbiantimes.info\/en\/category\/serbia\/\" title=\"SERBIA\">SERBIA<\/a>\n\t\t<\/span><span class=\"aioseo-breadcrumb-separator\">&raquo;<\/span><span class=\"aioseo-breadcrumb\">\n\t\t\tANNIVERSARY OF SUBMITTING DEMANDS: Students Call on Citizens to Protest in Front of the Rectorate, a Plenum Will Also Be Held!\n\t\t<\/span><\/div>","aioseo_breadcrumb_json":[{"label":"Home","link":"https:\/\/serbiantimes.info\/en"},{"label":"SERBIA","link":"https:\/\/serbiantimes.info\/en\/category\/serbia\/"},{"label":"ANNIVERSARY OF SUBMITTING DEMANDS: Students Call on Citizens to Protest in Front of the Rectorate, a Plenum Will Also Be Held!","link":"https:\/\/serbiantimes.info\/en\/anniversary-of-submitting-demands-students-call-on-citizens-to-protest-in-front-of-the-rectorate-a-plenum-will-also-be-held\/"}],"distributor_meta":false,"distributor_terms":false,"distributor_media":false,"distributor_original_site_name":"Serbiantimes.info EN","distributor_original_site_url":"https:\/\/serbiantimes.info\/en","push-errors":false,"_links":{"self":[{"href":"https:\/\/serbiantimes.info\/en\/wp-json\/wp\/v2\/posts\/194021","targetHints":{"allow":["GET"]}}],"collection":[{"href":"https:\/\/serbiantimes.info\/en\/wp-json\/wp\/v2\/posts"}],"about":[{"href":"https:\/\/serbiantimes.info\/en\/wp-json\/wp\/v2\/types\/post"}],"author":[{"embeddable":true,"href":"https:\/\/serbiantimes.info\/en\/wp-json\/wp\/v2\/users\/2169"}],"replies":[{"embeddable":true,"href":"https:\/\/serbiantimes.info\/en\/wp-json\/wp\/v2\/comments?post=194021"}],"version-history":[{"count":2,"href":"https:\/\/serbiantimes.info\/en\/wp-json\/wp\/v2\/posts\/194021\/revisions"}],"predecessor-version":[{"id":194049,"href":"https:\/\/serbiantimes.info\/en\/wp-json\/wp\/v2\/posts\/194021\/revisions\/194049"}],"wp:featuredmedia":[{"embeddable":true,"href":"https:\/\/serbiantimes.info\/en\/wp-json\/wp\/v2\/media\/194022"}],"wp:attachment":[{"href":"https:\/\/serbiantimes.info\/en\/wp-json\/wp\/v2\/media?parent=194021"}],"wp:term":[{"taxonomy":"category","embeddable":true,"href":"https:\/\/serbiantimes.info\/en\/wp-json\/wp\/v2\/categories?post=194021"},{"taxonomy":"post_tag","embeddable":true,"href":"https:\/\/serbiantimes.info\/en\/wp-json\/wp\/v2\/tags?post=194021"}],"curies":[{"name":"wp","href":"https:\/\/api.w.org\/{rel}","templated":true}]}}