{"id":193929,"date":"2025-11-28T17:23:29","date_gmt":"2025-11-28T15:23:29","guid":{"rendered":"https:\/\/serbiantimes.info\/en\/?p=193929"},"modified":"2025-11-28T17:23:30","modified_gmt":"2025-11-28T15:23:30","slug":"she-was-only-20-years-old-national-guard-member-attacked-by-afghan-national-in-downtown-washington-has-died","status":"publish","type":"post","link":"https:\/\/serbiantimes.info\/en\/she-was-only-20-years-old-national-guard-member-attacked-by-afghan-national-in-downtown-washington-has-died\/","title":{"rendered":"SHE WAS ONLY 20 YEARS OLD: National Guard member attacked by Afghan national in downtown Washington has died!"},"content":{"rendered":"\n<p>One of the two members of the US National Guard attacked by an Afghan suspect on Wednesday has died from her injuries, US President Donald Trump announced. Trump said in a televised address yesterday that 20-year-old Sara Backstrom from West Virginia, a National Guard member, who was severely injured in the attack, has died.<\/p>\n\n\n\n<figure class=\"wp-block-embed is-type-wp-embed is-provider-serbiantimes-info wp-block-embed-serbiantimes-info\"><div class=\"wp-block-embed__wrapper\">\n<blockquote class=\"wp-embedded-content\" data-secret=\"XyjcnqO1VN\"><a href=\"https:\/\/serbiantimes.info\/polozili-zakletvu-dan-ranije-ministarstvo-pravde-sad-trazi-smrtnu-kaznu-za-napadaca-na-pripadnike-nacionalne-garde\/\">POLO\u017dILI ZAKLETVU DAN RANIJE: Ministarstvo pravde SAD tra\u017ei smrtnu kaznu za napada\u010da na pripadnike Nacionalne garde!<\/a><\/blockquote><iframe loading=\"lazy\" class=\"wp-embedded-content\" sandbox=\"allow-scripts\" security=\"restricted\" style=\"position: absolute; visibility: hidden;\" title=\"&#132;POLO\u017dILI ZAKLETVU DAN RANIJE: Ministarstvo pravde SAD tra\u017ei smrtnu kaznu za napada\u010da na pripadnike Nacionalne garde!&#147; &#8212; Serbiantimes.info\" src=\"https:\/\/serbiantimes.info\/polozili-zakletvu-dan-ranije-ministarstvo-pravde-sad-trazi-smrtnu-kaznu-za-napadaca-na-pripadnike-nacionalne-garde\/embed\/#?secret=rGAIk2gBr8#?secret=XyjcnqO1VN\" data-secret=\"XyjcnqO1VN\" width=\"500\" height=\"282\" frameborder=\"0\" marginwidth=\"0\" marginheight=\"0\" scrolling=\"no\"><\/iframe>\n<\/div><\/figure>\n\n\n\n<p>The injured National Guard member, 24-year-old Andrew Wolf, is in serious condition and fighting for his life, Trump said. The suspect in the severe wounding of two West Virginia National Guard members in Washington, a few blocks from the White House, is an Afghan citizen who worked for the US intelligence agency CIA in his home country and emigrated to the US in 2021, US officials announced yesterday. <\/p>\n\n\n\n<p>Before emigrating from Afghanistan, the 29-year-old suspect, Rahmanullah Lakhanwal, worked in an Afghan army special unit supported by the CIA, his unnamed relative told the AP. Lakhanwal has been charged with attempted murder and possession of a weapon during a violent crime.<\/p>\n\n\n\n<h4 class=\"wp-block-heading\"><mark style=\"background-color:#FFFFFF;color:#d21414\" class=\"has-inline-color\">MORE TOPICS:<\/mark><\/h4>\n\n\n\n<p><strong><a href=\"https:\/\/serbiantimes.info\/en\/interview-sergej-trifunovic-both-washington-and-brussels-fear-the-student-list-the-embrace-of-the-sajkaca-and-the-hijab-is-an-epic-moment-video\/\" target=\"_blank\" rel=\"noopener\" title=\"\">INTERVIEW, SERGEJ TRIFUNOVI\u0106: Both Washington and Brussels fear the student list! The embrace of the \u0161ajka\u010da and the hijab is an epic moment! (VIDEO)<\/a><\/strong><\/p>\n\n\n\n<p><strong><a href=\"https:\/\/serbiantimes.info\/en\/the-call-was-not-of-clear-content-health-center-cacak-about-the-accident-in-which-the-student-ana-died\/\" target=\"_blank\" rel=\"noopener\" title=\"\">\u201cTHE CALL WAS NOT OF CLEAR CONTENT\u201d: Health center \u010ca\u010dak about the accident in which the student Ana died!<\/a><\/strong><\/p>\n\n\n\n<p><strong><a href=\"https:\/\/serbiantimes.info\/en\/resignation-of-zeljko-obradovic-rejected-partizans-executive-board-made-a-unanimous-decision\/\" target=\"_blank\" rel=\"noopener\" title=\"\">RESIGNATION OF \u017dELJKO OBRADOVI\u0106 REJECTED: Partizan\u2019s Executive Board made a unanimous decision!<\/a><\/strong><\/p>\n\n\n\n<p><strong><a href=\"https:\/\/serbiantimes.info\/en\/america-celebrates-thanksgiving-from-the-first-meal-with-the-indians-to-millions-of-roasted-turkeys\/\" target=\"_blank\" rel=\"noopener\" title=\"\">AMERICA CELEBRATES THANKSGIVING: From the first meal with the Indians to millions of roasted turkeys!<\/a><\/strong><\/p>\n\n\n\n<p><strong>Source<\/strong>: N1;&nbsp;<strong>Foto<\/strong>: youtube\/CBS evening news<\/p>\n","protected":false},"excerpt":{"rendered":"<p>One of the two members of the US National Guard attacked by an Afghan suspect on Wednesday has died from her injuries, US President Donald Trump announced. Trump said in a televised address yesterday that 20-year-old Sara Backstrom from West Virginia, a National Guard member, who was severely injured in the attack, has died. The [&hellip;]<\/p>\n","protected":false},"author":2169,"featured_media":193930,"comment_status":"open","ping_status":"open","sticky":false,"template":"","format":"standard","meta":{"newspack_featured_image_position":"","newspack_post_subtitle":"","newspack_article_summary_title":"Overview:","newspack_article_summary":"","newspack_hide_updated_date":false,"newspack_show_updated_date":false,"footnotes":""},"categories":[6],"tags":[71,8721,24,1118,8495,348,9738,1787],"class_list":["post-193929","post","type-post","status-publish","format-standard","has-post-thumbnail","hentry","category-america","tag-amerika","tag-avganistan","tag-donald-tramp","tag-fbi","tag-nacionalna-garda","tag-napad","tag-ubistvof","tag-vasington","entry"],"aioseo_notices":[],"distributor_meta":false,"distributor_terms":false,"distributor_media":false,"distributor_original_site_name":"Serbiantimes.info EN","distributor_original_site_url":"https:\/\/serbiantimes.info\/en","push-errors":false,"_links":{"self":[{"href":"https:\/\/serbiantimes.info\/en\/wp-json\/wp\/v2\/posts\/193929","targetHints":{"allow":["GET"]}}],"collection":[{"href":"https:\/\/serbiantimes.info\/en\/wp-json\/wp\/v2\/posts"}],"about":[{"href":"https:\/\/serbiantimes.info\/en\/wp-json\/wp\/v2\/types\/post"}],"author":[{"embeddable":true,"href":"https:\/\/serbiantimes.info\/en\/wp-json\/wp\/v2\/users\/2169"}],"replies":[{"embeddable":true,"href":"https:\/\/serbiantimes.info\/en\/wp-json\/wp\/v2\/comments?post=193929"}],"version-history":[{"count":2,"href":"https:\/\/serbiantimes.info\/en\/wp-json\/wp\/v2\/posts\/193929\/revisions"}],"predecessor-version":[{"id":193957,"href":"https:\/\/serbiantimes.info\/en\/wp-json\/wp\/v2\/posts\/193929\/revisions\/193957"}],"wp:featuredmedia":[{"embeddable":true,"href":"https:\/\/serbiantimes.info\/en\/wp-json\/wp\/v2\/media\/193930"}],"wp:attachment":[{"href":"https:\/\/serbiantimes.info\/en\/wp-json\/wp\/v2\/media?parent=193929"}],"wp:term":[{"taxonomy":"category","embeddable":true,"href":"https:\/\/serbiantimes.info\/en\/wp-json\/wp\/v2\/categories?post=193929"},{"taxonomy":"post_tag","embeddable":true,"href":"https:\/\/serbiantimes.info\/en\/wp-json\/wp\/v2\/tags?post=193929"}],"curies":[{"name":"wp","href":"https:\/\/api.w.org\/{rel}","templated":true}]}}