{"id":193925,"date":"2025-11-28T17:21:33","date_gmt":"2025-11-28T15:21:33","guid":{"rendered":"https:\/\/serbiantimes.info\/en\/?p=193925"},"modified":"2025-11-28T17:21:34","modified_gmt":"2025-11-28T15:21:34","slug":"orban-goes-to-putin-one-of-the-topics-will-be-the-purchase-of-nis","status":"publish","type":"post","link":"https:\/\/serbiantimes.info\/en\/orban-goes-to-putin-one-of-the-topics-will-be-the-purchase-of-nis\/","title":{"rendered":"ORBAN GOES TO PUTIN: One of the topics will be the purchase of NIS!"},"content":{"rendered":"\n<p>Hungarian Prime Minister Viktor Orban announced that he will meet with Russian President Vladimir Putin in Moscow today and that the talks will mainly concern energy issues. &#8220;I am going to ensure that Hungary&#8217;s energy supply is secured for the winter and the coming year at an affordable price,&#8221; Orban said in a video posted on Facebook. He recalled that he was in the US at the beginning of November, where he received an exemption from US sanctions on Russian oil from US President Donald Trump, which is valid for one year.<\/p>\n\n\n\n<figure class=\"wp-block-embed is-type-wp-embed is-provider-serbiantimes-info wp-block-embed-serbiantimes-info\"><div class=\"wp-block-embed__wrapper\">\n<blockquote class=\"wp-embedded-content\" data-secret=\"eUT2FGnpPh\"><a href=\"https:\/\/serbiantimes.info\/skandal-trese-ukrajinu-policija-upala-u-kucu-sefa-kabineta-zelenskog-umesan-u-proneveru-100-miliona-dolara\/\">SKANDAL TRESE UKRAJINU: Policija upala u ku\u0107u \u0161efa kabineta Zelenskog, ume\u0161an u proneveru 100 miliona dolara!<\/a><\/blockquote><iframe loading=\"lazy\" class=\"wp-embedded-content\" sandbox=\"allow-scripts\" security=\"restricted\" style=\"position: absolute; visibility: hidden;\" title=\"&#132;SKANDAL TRESE UKRAJINU: Policija upala u ku\u0107u \u0161efa kabineta Zelenskog, ume\u0161an u proneveru 100 miliona dolara!&#147; &#8212; Serbiantimes.info\" src=\"https:\/\/serbiantimes.info\/skandal-trese-ukrajinu-policija-upala-u-kucu-sefa-kabineta-zelenskog-umesan-u-proneveru-100-miliona-dolara\/embed\/#?secret=2HUgfLUsnL#?secret=eUT2FGnpPh\" data-secret=\"eUT2FGnpPh\" width=\"500\" height=\"282\" frameborder=\"0\" marginwidth=\"0\" marginheight=\"0\" scrolling=\"no\"><\/iframe>\n<\/div><\/figure>\n\n\n\n<p><a href=\"https:\/\/n1info.rs\/biznis\/saga-o-nis-u-vucic-od-amerikanaca-zahteva-ruse-moli-a-orbana-vodi-na-burek\/\" target=\"_blank\" rel=\"noreferrer noopener\"><\/a><\/p>\n\n\n\n<p>&#8220;We succeeded, which is excellent\u2026 now all we need is gas and oil, which we can buy from the Russians, so I am going there to ensure that Hungary&#8217;s energy supply is secured for the winter and for the coming year at an affordable price,&#8221; Orban wrote. Orban, who is one of the few European leaders close to both the American and Russian presidents, has not sought to diversify Hungary&#8217;s imports since the start of the Russian invasion of Ukraine in 2022 and relies heavily on Russian oil. This is Orban&#8217;s second trip to Moscow since last year. He is considered Putin&#8217;s closest partner in the European Union. A Hungarian investigative portal reported on the X network that Orban organized his trip to Moscow behind the backs of NATO allies and that he will discuss gas, oil, nuclear energy, and MOL&#8217;s purchase of a stake in the Oil Industry of Serbia (NIS) with Putin.<\/p>\n\n\n\n<h4 class=\"wp-block-heading\"><mark style=\"background-color:#FFFFFF;color:#d21414\" class=\"has-inline-color\">MORE TOPICS:<\/mark><\/h4>\n\n\n\n<p><strong><a href=\"https:\/\/serbiantimes.info\/en\/interview-sergej-trifunovic-both-washington-and-brussels-fear-the-student-list-the-embrace-of-the-sajkaca-and-the-hijab-is-an-epic-moment-video\/\" target=\"_blank\" rel=\"noopener\" title=\"\">INTERVIEW, SERGEJ TRIFUNOVI\u0106: Both Washington and Brussels fear the student list! The embrace of the \u0161ajka\u010da and the hijab is an epic moment! (VIDEO)<\/a><\/strong><\/p>\n\n\n\n<p><strong><a href=\"https:\/\/serbiantimes.info\/en\/the-call-was-not-of-clear-content-health-center-cacak-about-the-accident-in-which-the-student-ana-died\/\" target=\"_blank\" rel=\"noopener\" title=\"\">\u201cTHE CALL WAS NOT OF CLEAR CONTENT\u201d: Health center \u010ca\u010dak about the accident in which the student Ana died!<\/a><\/strong><\/p>\n\n\n\n<p><strong><a href=\"https:\/\/serbiantimes.info\/en\/resignation-of-zeljko-obradovic-rejected-partizans-executive-board-made-a-unanimous-decision\/\" target=\"_blank\" rel=\"noopener\" title=\"\">RESIGNATION OF \u017dELJKO OBRADOVI\u0106 REJECTED: Partizan\u2019s Executive Board made a unanimous decision!<\/a><\/strong><\/p>\n\n\n\n<p><strong><a href=\"https:\/\/serbiantimes.info\/en\/america-celebrates-thanksgiving-from-the-first-meal-with-the-indians-to-millions-of-roasted-turkeys\/\" target=\"_blank\" rel=\"noopener\" title=\"\">AMERICA CELEBRATES THANKSGIVING: From the first meal with the Indians to millions of roasted turkeys!<\/a><\/strong><\/p>\n\n\n\n<p><strong>Source<\/strong>:<strong> <\/strong>B92, <strong>Foto<\/strong>: YOutube\/Newsmax<\/p>\n","protected":false},"excerpt":{"rendered":"<p>Hungarian Prime Minister Viktor Orban announced that he will meet with Russian President Vladimir Putin in Moscow today and that the talks will mainly concern energy issues. &#8220;I am going to ensure that Hungary&#8217;s energy supply is secured for the winter and the coming year at an affordable price,&#8221; Orban said in a video posted [&hellip;]<\/p>\n","protected":false},"author":2169,"featured_media":193926,"comment_status":"open","ping_status":"open","sticky":false,"template":"","format":"standard","meta":{"newspack_featured_image_position":"","newspack_post_subtitle":"","newspack_article_summary_title":"Overview:","newspack_article_summary":"","newspack_hide_updated_date":false,"newspack_show_updated_date":false,"footnotes":""},"categories":[4],"tags":[2476,4112,3570,816,756,1448],"class_list":["post-193925","post","type-post","status-publish","format-standard","has-post-thumbnail","hentry","category-breaking","tag-energetika","tag-nafta","tag-nis-2","tag-sporazum","tag-viktor-orban","tag-vladimir-putin","entry"],"aioseo_notices":[],"distributor_meta":false,"distributor_terms":false,"distributor_media":false,"distributor_original_site_name":"Serbiantimes.info EN","distributor_original_site_url":"https:\/\/serbiantimes.info\/en","push-errors":false,"_links":{"self":[{"href":"https:\/\/serbiantimes.info\/en\/wp-json\/wp\/v2\/posts\/193925","targetHints":{"allow":["GET"]}}],"collection":[{"href":"https:\/\/serbiantimes.info\/en\/wp-json\/wp\/v2\/posts"}],"about":[{"href":"https:\/\/serbiantimes.info\/en\/wp-json\/wp\/v2\/types\/post"}],"author":[{"embeddable":true,"href":"https:\/\/serbiantimes.info\/en\/wp-json\/wp\/v2\/users\/2169"}],"replies":[{"embeddable":true,"href":"https:\/\/serbiantimes.info\/en\/wp-json\/wp\/v2\/comments?post=193925"}],"version-history":[{"count":2,"href":"https:\/\/serbiantimes.info\/en\/wp-json\/wp\/v2\/posts\/193925\/revisions"}],"predecessor-version":[{"id":193953,"href":"https:\/\/serbiantimes.info\/en\/wp-json\/wp\/v2\/posts\/193925\/revisions\/193953"}],"wp:featuredmedia":[{"embeddable":true,"href":"https:\/\/serbiantimes.info\/en\/wp-json\/wp\/v2\/media\/193926"}],"wp:attachment":[{"href":"https:\/\/serbiantimes.info\/en\/wp-json\/wp\/v2\/media?parent=193925"}],"wp:term":[{"taxonomy":"category","embeddable":true,"href":"https:\/\/serbiantimes.info\/en\/wp-json\/wp\/v2\/categories?post=193925"},{"taxonomy":"post_tag","embeddable":true,"href":"https:\/\/serbiantimes.info\/en\/wp-json\/wp\/v2\/tags?post=193925"}],"curies":[{"name":"wp","href":"https:\/\/api.w.org\/{rel}","templated":true}]}}