{"id":193884,"date":"2025-11-27T19:41:42","date_gmt":"2025-11-27T17:41:42","guid":{"rendered":"https:\/\/serbiantimes.info\/en\/?p=193884"},"modified":"2025-11-27T19:43:39","modified_gmt":"2025-11-27T17:43:39","slug":"column-medenica-the-resolution-on-genocide-in-the-independent-state-of-croatia-was-not-adopted-in-the-serbian-parliament-blessed-are-our-executioners","status":"publish","type":"post","link":"https:\/\/serbiantimes.info\/en\/column-medenica-the-resolution-on-genocide-in-the-independent-state-of-croatia-was-not-adopted-in-the-serbian-parliament-blessed-are-our-executioners\/","title":{"rendered":"COLUMN, MEDENICA: The resolution on genocide in the Independent State of Croatia was not adopted in the Serbian Parliament\u2026 Blessed are our executioners!"},"content":{"rendered":"\n<p><strong><em>The proposal for the Resolution on condemning the genocide against Serbs in the NDH (Independent State of Croatia) was not adopted in the Parliament of the Republic of Serbia! Let me repeat: the proposal for the Resolution on condemning the genocide against Serbs in the NDH was not adopted in the Parliament of the Republic of Serbia! Let me repeat it one more time, maybe it won&#8217;t sound so wretched and shameful: the proposal for the Resolution on condemning the genocide against Serbs in the NDH was not adopted in the Parliament of the Republic of Serbia! In vain, the more I repeat it, the more horrifying, wretched, and devastating it sounds! Only thirteen deputies voted FOR, only 13, only\u2026<\/em><\/strong><\/p>\n\n\n\n<p>Blessed are our tormentors and executioners! Blessed are the camps, the pits, the sinkholes, the stakes, the Serb-cutters, the mallets\u2026 Blessed is every beast that slit a Serbian throat! Blessed are the known and unknown graves! Blessed is everyone thirsty for Serbian blood\u2014pour it, we do not regret or resent it, do not you regret or resent anything either, and forgive us\u2014we do!<\/p>\n\n\n\n<p>We are not among those crooked ones who get angry, remember, mention\u2026 far be it! A Serb will go to court with a brother, but to the table with an executioner! A Serb is a grateful victim, politely dead so that the beast is not offended. So that tomorrow they may slaughter us angrily and unwillingly. And, they will slaughter, of course, who can blame them? Us?! Absolutely not! A Serb is a host, man! To court with a brother, but to the table with an executioner!<\/p>\n\n\n\n<p>Let him cut the bread (poga\u010da) with the very knife with which his grandfather slaughtered my grandfather, let the bread bleed\u2014never mind, just let the beast be full so that they don&#8217;t burn our houses unwillingly, hungry\u2026 Let it be remembered how the Serb forgets, gosh! And, they remember, they inspect our throats even when they hug us\u2026 So, after everything, should I be angry at the Croats because their history is written in our books of the dead?! Because their foundations are Serbian graves?! Because they are not ashamed of Jasenovac, Jastrebarsko, Jadovno, Gradi\u0161ka, Pag\u2026 Well, we comfort them: &#8220;Let it go, it&#8217;s over, some of us are left, so if you crave it tomorrow, there will be throats, don&#8217;t worry!&#8221; Should I be angry at a Usta\u0161a for being a Usta\u0161a, but not call my own people shit for calling themselves Serbs?!<\/p>\n\n\n\n<p>Forgive us, our martyrs\u2014do not forgive us anything! Remember because we will quickly forget: THE PROPOSAL FOR THE RESOLUTION ON CONDEMNING THE GENOCIDE AGAINST SERBS IN THE NDH WAS NOT ADOPTED IN THE PARLIAMENT OF THE REPUBLIC OF SERBIA!!! Do not forgive us our bones, ruins, pits, sinkholes, nails, stakes, known graves, and those wiped out\u2014we are the death of your death!<\/p>\n\n\n\n<p>Evil drove the executioner, but what drives us?<\/p>\n\n\n\n<h4 class=\"wp-block-heading\"><mark style=\"background-color:#FFFFFF;color:#d21414\" class=\"has-inline-color\">MORE TOPICS:<\/mark><\/h4>\n\n\n\n<p><strong><a href=\"https:\/\/serbiantimes.info\/en\/interview-sergej-trifunovic-both-washington-and-brussels-fear-the-student-list-the-embrace-of-the-sajkaca-and-the-hijab-is-an-epic-moment-video\/\" target=\"_blank\" rel=\"noopener\" title=\"\">INTERVIEW, SERGEJ TRIFUNOVI\u0106: Both Washington and Brussels fear the student list! The embrace of the \u0161ajka\u010da and the hijab is an epic moment! (VIDEO)<\/a><\/strong><\/p>\n\n\n\n<p><strong><a href=\"https:\/\/serbiantimes.info\/en\/the-call-was-not-of-clear-content-health-center-cacak-about-the-accident-in-which-the-student-ana-died\/\" target=\"_blank\" rel=\"noopener\" title=\"\">\u201cTHE CALL WAS NOT OF CLEAR CONTENT\u201d: Health center \u010ca\u010dak about the accident in which the student Ana died!<\/a><\/strong><\/p>\n\n\n\n<p><strong><a href=\"https:\/\/serbiantimes.info\/en\/resignation-of-zeljko-obradovic-rejected-partizans-executive-board-made-a-unanimous-decision\/\" target=\"_blank\" rel=\"noopener\" title=\"\">RESIGNATION OF \u017dELJKO OBRADOVI\u0106 REJECTED: Partizan\u2019s Executive Board made a unanimous decision!<\/a><\/strong><\/p>\n\n\n\n<p><strong><a href=\"https:\/\/serbiantimes.info\/en\/america-celebrates-thanksgiving-from-the-first-meal-with-the-indians-to-millions-of-roasted-turkeys\/\" target=\"_blank\" rel=\"noopener\" title=\"\">AMERICA CELEBRATES THANKSGIVING: From the first meal with the Indians to millions of roasted turkeys!<\/a><\/strong><\/p>\n\n\n\n<p><strong>Source<\/strong>: <a href=\"https:\/\/bezcenzure.rs\/kolumne\/srbin-ce-s-bratom-na-sud-ali-s-krvnikom-za-trpezu\" target=\"_blank\" rel=\"noopener\" title=\"\">Mihailo Medenica za Bez Cenzure<\/a>; <strong>Photo<\/strong>: Wikimedia Creative Commons<\/p>\n\n\n\n<p><\/p>\n","protected":false},"excerpt":{"rendered":"<p>The proposal for the Resolution on condemning the genocide against Serbs in the NDH (Independent State of Croatia) was not adopted in the Parliament of the Republic of Serbia! Let me repeat: the proposal for the Resolution on condemning the genocide against Serbs in the NDH was not adopted in the Parliament of the Republic [&hellip;]<\/p>\n","protected":false},"author":2169,"featured_media":193885,"comment_status":"open","ping_status":"open","sticky":false,"template":"","format":"standard","meta":{"newspack_featured_image_position":"","newspack_post_subtitle":"","newspack_article_summary_title":"Overview:","newspack_article_summary":"","newspack_hide_updated_date":false,"newspack_show_updated_date":false,"footnotes":""},"categories":[11],"tags":[1437,3218,117,3219,6222,9734,3221,9735,1241,113,3224],"class_list":["post-193884","post","type-post","status-publish","format-standard","has-post-thumbnail","hentry","category-history","tag-drugi-svetski-rat","tag-genocid-nad-srbima-u-ndh","tag-hrvatska","tag-jasenovac","tag-kolumna","tag-mihailo-medenica","tag-nezavisna-drzava-hrvatska","tag-rezoluija-o-osudi-genocida-nad-srbima-u-ndh","tag-skupstina-srbije","tag-srbija","tag-ustase","entry"],"aioseo_notices":[],"distributor_meta":false,"distributor_terms":false,"distributor_media":false,"distributor_original_site_name":"Serbiantimes.info EN","distributor_original_site_url":"https:\/\/serbiantimes.info\/en","push-errors":false,"_links":{"self":[{"href":"https:\/\/serbiantimes.info\/en\/wp-json\/wp\/v2\/posts\/193884","targetHints":{"allow":["GET"]}}],"collection":[{"href":"https:\/\/serbiantimes.info\/en\/wp-json\/wp\/v2\/posts"}],"about":[{"href":"https:\/\/serbiantimes.info\/en\/wp-json\/wp\/v2\/types\/post"}],"author":[{"embeddable":true,"href":"https:\/\/serbiantimes.info\/en\/wp-json\/wp\/v2\/users\/2169"}],"replies":[{"embeddable":true,"href":"https:\/\/serbiantimes.info\/en\/wp-json\/wp\/v2\/comments?post=193884"}],"version-history":[{"count":2,"href":"https:\/\/serbiantimes.info\/en\/wp-json\/wp\/v2\/posts\/193884\/revisions"}],"predecessor-version":[{"id":193910,"href":"https:\/\/serbiantimes.info\/en\/wp-json\/wp\/v2\/posts\/193884\/revisions\/193910"}],"wp:featuredmedia":[{"embeddable":true,"href":"https:\/\/serbiantimes.info\/en\/wp-json\/wp\/v2\/media\/193885"}],"wp:attachment":[{"href":"https:\/\/serbiantimes.info\/en\/wp-json\/wp\/v2\/media?parent=193884"}],"wp:term":[{"taxonomy":"category","embeddable":true,"href":"https:\/\/serbiantimes.info\/en\/wp-json\/wp\/v2\/categories?post=193884"},{"taxonomy":"post_tag","embeddable":true,"href":"https:\/\/serbiantimes.info\/en\/wp-json\/wp\/v2\/tags?post=193884"}],"curies":[{"name":"wp","href":"https:\/\/api.w.org\/{rel}","templated":true}]}}