{"id":193869,"date":"2025-11-27T19:40:16","date_gmt":"2025-11-27T17:40:16","guid":{"rendered":"https:\/\/serbiantimes.info\/en\/?p=193869"},"modified":"2025-11-27T19:43:14","modified_gmt":"2025-11-27T17:43:14","slug":"farm-unlike-any-in-the-region-dusan-from-brzana-raises-rare-white-deer-and-roe-deer","status":"publish","type":"post","link":"https:\/\/serbiantimes.info\/en\/farm-unlike-any-in-the-region-dusan-from-brzana-raises-rare-white-deer-and-roe-deer\/","title":{"rendered":"FARM UNLIKE ANY IN THE REGION: Du\u0161an from Brzana raises rare white deer and roe deer!"},"content":{"rendered":"\n<p><strong><em>Instead of raising cows, sheep, and other usual livestock on his estate, Du\u0161an Kosti\u0107 from the village of Brzan, halfway between Bato\u010dina and Jagodina, has become a unique stockbreeder in Serbia. This host&#8217;s highly unusual farm spans over ten hectares of land, and only there can you see rare specimens of white deer, roe deer, and fallow deer. Among them, the rare white fallow deer, brought from Lov\u0107en, stands out. Du\u0161an managed to comply with all laws and regulations to engage in this type of business, which is the raising of game.<\/em><\/strong><\/p>\n\n\n\n<p>\u2013 Currently, there are about 30 animals on the farm; earlier, there used to be even more. They are demanding animals and require a lot of attention because they are not easy to keep. I managed to partially tame them in this area of 10 hectares, and they are now semi-wild. They recognize me, and when they see me, they immediately come to the feeding area. However, when they sense another person next to me, they become more cautious and run as far as possible, as they are not tame \u2013 says this hardworking host.<\/p>\n\n\n\n<p>Du\u0161an provides substantial amounts of food daily to feed this truly unusual herd. The animals&#8217; special treats are hay and corn, which he serves near the forest where they hide from unwanted views.<\/p>\n\n\n\n<p><\/p>\n\n\n\n<figure class=\"wp-block-image size-full\"><img loading=\"lazy\" decoding=\"async\" width=\"900\" height=\"506\" src=\"http:\/\/serbiantimes.info\/wp-content\/uploads\/sites\/2\/2025\/11\/image-19.png\" alt=\"\" class=\"wp-image-193870\" srcset=\"https:\/\/serbiantimes.info\/en\/wp-content\/uploads\/sites\/2\/2025\/11\/image-19.png 900w, https:\/\/serbiantimes.info\/en\/wp-content\/uploads\/sites\/2\/2025\/11\/image-19-300x169.png 300w, https:\/\/serbiantimes.info\/en\/wp-content\/uploads\/sites\/2\/2025\/11\/image-19-768x432.png 768w\" sizes=\"auto, (max-width: 900px) 100vw, 900px\" \/><\/figure>\n\n\n\n<p>\u2013 Those are the two main things they like to consume, although when they are in the hill, they look for food themselves. They have that innate instinct to search for food; they always find something, from a leaf to grass or similar. These are animals with very good hearing; they know exactly when I am nearby and what I have brought them, whether hay or corn. They wait a few minutes and come to the feeder themselves, which shows how cautious they are \u2013 says Du\u0161an.<\/p>\n\n\n\n<p>Du\u0161an performs complete supervision over this strange company from four extremely modern lookout points, from which you can only see the famous white deer, which represents a real attraction for wildlife lovers, with binoculars.<\/p>\n\n\n\n<p>\u2013 It is a real rarity to have such a white deer, but I hope there will be more soon. I am waiting for a female specimen to arrive from the Czech Republic, and thereby I will multiply the herd. They are highly priced, but I don&#8217;t raise them for money but as a hobby. Hunters know the value of this animal, and if it is, as they say, in gold, its price goes up to 2,500 euros. This means that the antler weighs more than 3.5 kilograms and has a luxurious palm (lopata). The white deer needs about five years to achieve these characteristics \u2013 concludes Du\u0161an.<\/p>\n\n\n\n<h4 class=\"wp-block-heading\"><mark style=\"background-color:#FFFFFF;color:#d21414\" class=\"has-inline-color\">MORE TOPICS:<\/mark><\/h4>\n\n\n\n<p><strong><a href=\"https:\/\/serbiantimes.info\/en\/interview-sergej-trifunovic-both-washington-and-brussels-fear-the-student-list-the-embrace-of-the-sajkaca-and-the-hijab-is-an-epic-moment-video\/\" target=\"_blank\" rel=\"noopener\" title=\"\">INTERVIEW, SERGEJ TRIFUNOVI\u0106: Both Washington and Brussels fear the student list! The embrace of the \u0161ajka\u010da and the hijab is an epic moment! (VIDEO)<\/a><\/strong><\/p>\n\n\n\n<p><strong><a href=\"https:\/\/serbiantimes.info\/en\/column-medenica-the-resolution-on-genocide-in-the-independent-state-of-croatia-was-not-adopted-in-the-serbian-parliament-blessed-are-our-executioners\/\" target=\"_blank\" rel=\"noopener\" title=\"\">COLUMN, MEDENICA: The resolution on genocide in the Independent State of Croatia was not adopted in the Serbian Parliament\u2026 Blessed are our executioners!<\/a><\/strong><\/p>\n\n\n\n<p><strong><a href=\"https:\/\/serbiantimes.info\/en\/the-call-was-not-of-clear-content-health-center-cacak-about-the-accident-in-which-the-student-ana-died\/\" target=\"_blank\" rel=\"noopener\" title=\"\">\u201cTHE CALL WAS NOT OF CLEAR CONTENT\u201d: Health center \u010ca\u010dak about the accident in which the student Ana died!<\/a><\/strong><\/p>\n\n\n\n<p><strong><a href=\"https:\/\/serbiantimes.info\/en\/resignation-of-zeljko-obradovic-rejected-partizans-executive-board-made-a-unanimous-decision\/\" target=\"_blank\" rel=\"noopener\" title=\"\">RESIGNATION OF \u017dELJKO OBRADOVI\u0106 REJECTED: Partizan\u2019s Executive Board made a unanimous decision!<\/a><\/strong><\/p>\n\n\n\n<p><strong><a href=\"https:\/\/serbiantimes.info\/en\/america-celebrates-thanksgiving-from-the-first-meal-with-the-indians-to-millions-of-roasted-turkeys\/\" target=\"_blank\" rel=\"noopener\" title=\"\">AMERICA CELEBRATES THANKSGIVING: From the first meal with the Indians to millions of roasted turkeys!<\/a><\/strong><\/p>\n\n\n\n<p><strong><strong>Source<\/strong>:&nbsp;<\/strong>RINA, <strong>Photo:<\/strong> RINA<\/p>\n","protected":false},"excerpt":{"rendered":"<p>Instead of raising cows, sheep, and other usual livestock on his estate, Du\u0161an Kosti\u0107 from the village of Brzan, halfway between Bato\u010dina and Jagodina, has become a unique stockbreeder in Serbia. This host&#8217;s highly unusual farm spans over ten hectares of land, and only there can you see rare specimens of white deer, roe deer, [&hellip;]<\/p>\n","protected":false},"author":2169,"featured_media":193871,"comment_status":"open","ping_status":"open","sticky":false,"template":"","format":"standard","meta":{"newspack_featured_image_position":"","newspack_post_subtitle":"","newspack_article_summary_title":"Overview:","newspack_article_summary":"","newspack_hide_updated_date":false,"newspack_show_updated_date":false,"footnotes":""},"categories":[7],"tags":[9728,9729,9730,4727,113,9731,4806],"class_list":["post-193869","post","type-post","status-publish","format-standard","has-post-thumbnail","hentry","category-serbia","tag-brzan","tag-divljac","tag-dusan-kostic","tag-farma","tag-srbija","tag-srna","tag-zivotinje","entry"],"aioseo_notices":[],"distributor_meta":false,"distributor_terms":false,"distributor_media":false,"distributor_original_site_name":"Serbiantimes.info EN","distributor_original_site_url":"https:\/\/serbiantimes.info\/en","push-errors":false,"_links":{"self":[{"href":"https:\/\/serbiantimes.info\/en\/wp-json\/wp\/v2\/posts\/193869","targetHints":{"allow":["GET"]}}],"collection":[{"href":"https:\/\/serbiantimes.info\/en\/wp-json\/wp\/v2\/posts"}],"about":[{"href":"https:\/\/serbiantimes.info\/en\/wp-json\/wp\/v2\/types\/post"}],"author":[{"embeddable":true,"href":"https:\/\/serbiantimes.info\/en\/wp-json\/wp\/v2\/users\/2169"}],"replies":[{"embeddable":true,"href":"https:\/\/serbiantimes.info\/en\/wp-json\/wp\/v2\/comments?post=193869"}],"version-history":[{"count":4,"href":"https:\/\/serbiantimes.info\/en\/wp-json\/wp\/v2\/posts\/193869\/revisions"}],"predecessor-version":[{"id":193907,"href":"https:\/\/serbiantimes.info\/en\/wp-json\/wp\/v2\/posts\/193869\/revisions\/193907"}],"wp:featuredmedia":[{"embeddable":true,"href":"https:\/\/serbiantimes.info\/en\/wp-json\/wp\/v2\/media\/193871"}],"wp:attachment":[{"href":"https:\/\/serbiantimes.info\/en\/wp-json\/wp\/v2\/media?parent=193869"}],"wp:term":[{"taxonomy":"category","embeddable":true,"href":"https:\/\/serbiantimes.info\/en\/wp-json\/wp\/v2\/categories?post=193869"},{"taxonomy":"post_tag","embeddable":true,"href":"https:\/\/serbiantimes.info\/en\/wp-json\/wp\/v2\/tags?post=193869"}],"curies":[{"name":"wp","href":"https:\/\/api.w.org\/{rel}","templated":true}]}}