{"id":193638,"date":"2025-11-24T15:46:13","date_gmt":"2025-11-24T13:46:13","guid":{"rendered":"https:\/\/serbiantimes.info\/en\/?p=193638"},"modified":"2025-11-24T15:48:34","modified_gmt":"2025-11-24T13:48:34","slug":"stefan-is-the-champion-of-europe-serbian-taekwondo-fighters-won-12-medals-at-the-championship-in-switzerland","status":"publish","type":"post","link":"https:\/\/serbiantimes.info\/en\/stefan-is-the-champion-of-europe-serbian-taekwondo-fighters-won-12-medals-at-the-championship-in-switzerland\/","title":{"rendered":"STEFAN IS THE CHAMPION OF EUROPE: Serbian taekwondo fighters won 12 medals at the championship in Switzerland!"},"content":{"rendered":"\n<p><strong><em>Serbian taekwondo representatives Andrea Bokan and Stefan Takov won the gold medal at the European Championship in Switzerland, while An\u0111ela \u0160evi\u0107 reached bronze. In the senior and junior categories, Serbia won a total of 12 medals!<\/em><\/strong><\/p>\n\n\n\n<p>At the same time, in the junior competition, the Serbian national team took first place in the team placement, which confirms that taekwondo in Serbia is a sport that regularly brings a huge number of medals and for which we are more than talented, but also hardworking. Bravo!<\/p>\n\n\n\n<p>After the great successes, the President of Serbia, Aleksandar Vu\u010di\u0107, also made a statement on social networks and congratulated the young taekwondo fighters.<\/p>\n\n\n\n<p>-I congratulate our taekwondo fighters Andrea Bokan, Stefan Takov, and An\u0111ela \u0160evi\u0107 on their extraordinary success at the European Championship in Switzerland. With your dedication, strength, and top result, you have once again made Serbia proud. Your victory is proof of the perseverance, talent, and excellent work of the Taekwondo Association of Serbia in all categories. Thank you for worthily representing our country &#8211; he wrote on the social network &#8220;X&#8221;.<\/p>\n\n\n\n<h4 class=\"wp-block-heading\"><mark style=\"background-color:#FFFFFF;color:#d21414\" class=\"has-inline-color\">MORE TOPICS:<\/mark><\/h4>\n\n\n\n<p><strong><a href=\"https:\/\/serbiantimes.info\/en\/total-collapse-in-the-so-called-kosovo-public-transport-suspended-in-pristina-due-to-the-blockade-of-the-city-budget\/\" target=\"_blank\" rel=\"noopener\" title=\"\">TOTAL COLLAPSE IN THE SO-CALLED KOSOVO: Public transport suspended in Pristina due to the blockade of the city budget!<\/a><\/strong><\/p>\n\n\n\n<p><strong><a href=\"https:\/\/serbiantimes.info\/en\/we-received-an-indecent-offer-the-protest-of-parents-and-students-of-the-fifth-belgrade-gymnasium-is-over\/\" target=\"_blank\" rel=\"noopener\" title=\"\">\u201cWE RECEIVED AN INDECENT OFFER\u201d: The protest of parents and students of the Fifth Belgrade Gymnasium is over!<\/a><\/strong><\/p>\n\n\n\n<p><strong><a href=\"https:\/\/serbiantimes.info\/en\/serious-traffic-accident-in-nis-bus-and-van-collided-eight-people-injured\/\" target=\"_blank\" rel=\"noopener\" title=\"\">SERIOUS TRAFFIC ACCIDENT IN NI\u0160: Bus and van collided, eight people injured!<\/a><\/strong><\/p>\n\n\n\n<p><strong><a href=\"https:\/\/serbiantimes.info\/en\/doncic-threw-the-audience-into-a-trance-stole-the-ball-put-the-ball-through-the-americans-legs-then-performed-a-spectacular-assist-video\/\" target=\"_blank\" rel=\"noopener\" title=\"\">DON\u010cI\u0106 THREW THE AUDIENCE INTO A TRANCE: Stole the ball, put the ball through the American\u2019s legs, then performed a spectacular assist! (VIDEO)<\/a><\/strong><\/p>\n\n\n\n<p><strong><strong>Source<\/strong><\/strong>: <a href=\"https:\/\/www.telegraf.rs\/sport\/ostali-sportovi\/4220562-i-stefan-takov-prvak-evrope-posle-andree-srpski-tekvondisti-osvojili-12-medalja\" target=\"_blank\" rel=\"noopener\" title=\"\">Telegraf<\/a>; <strong>Photo<\/strong>: Olimpijski komitet Srbije<\/p>\n","protected":false},"excerpt":{"rendered":"<p>Serbian taekwondo representatives Andrea Bokan and Stefan Takov won the gold medal at the European Championship in Switzerland, while An\u0111ela \u0160evi\u0107 reached bronze. In the senior and junior categories, Serbia won a total of 12 medals! At the same time, in the junior competition, the Serbian national team took first place in the team placement, [&hellip;]<\/p>\n","protected":false},"author":2169,"featured_media":193639,"comment_status":"open","ping_status":"open","sticky":false,"template":"","format":"standard","meta":{"newspack_featured_image_position":"","newspack_post_subtitle":"","newspack_article_summary_title":"Overview:","newspack_article_summary":"","newspack_hide_updated_date":false,"newspack_show_updated_date":false,"footnotes":""},"categories":[10],"tags":[5099,2391,8168,91,9687,7754,4027],"class_list":["post-193638","post","type-post","status-publish","format-standard","has-post-thumbnail","hentry","category-sport","tag-borilacke-vestine","tag-evropsko-prvenstvo","tag-sampioni","tag-sport","tag-stefan-takov","tag-tekvondo","tag-zlatna-medalja","entry"],"aioseo_notices":[],"distributor_meta":false,"distributor_terms":false,"distributor_media":false,"distributor_original_site_name":"Serbiantimes.info EN","distributor_original_site_url":"https:\/\/serbiantimes.info\/en","push-errors":false,"_links":{"self":[{"href":"https:\/\/serbiantimes.info\/en\/wp-json\/wp\/v2\/posts\/193638","targetHints":{"allow":["GET"]}}],"collection":[{"href":"https:\/\/serbiantimes.info\/en\/wp-json\/wp\/v2\/posts"}],"about":[{"href":"https:\/\/serbiantimes.info\/en\/wp-json\/wp\/v2\/types\/post"}],"author":[{"embeddable":true,"href":"https:\/\/serbiantimes.info\/en\/wp-json\/wp\/v2\/users\/2169"}],"replies":[{"embeddable":true,"href":"https:\/\/serbiantimes.info\/en\/wp-json\/wp\/v2\/comments?post=193638"}],"version-history":[{"count":3,"href":"https:\/\/serbiantimes.info\/en\/wp-json\/wp\/v2\/posts\/193638\/revisions"}],"predecessor-version":[{"id":193672,"href":"https:\/\/serbiantimes.info\/en\/wp-json\/wp\/v2\/posts\/193638\/revisions\/193672"}],"wp:featuredmedia":[{"embeddable":true,"href":"https:\/\/serbiantimes.info\/en\/wp-json\/wp\/v2\/media\/193639"}],"wp:attachment":[{"href":"https:\/\/serbiantimes.info\/en\/wp-json\/wp\/v2\/media?parent=193638"}],"wp:term":[{"taxonomy":"category","embeddable":true,"href":"https:\/\/serbiantimes.info\/en\/wp-json\/wp\/v2\/categories?post=193638"},{"taxonomy":"post_tag","embeddable":true,"href":"https:\/\/serbiantimes.info\/en\/wp-json\/wp\/v2\/tags?post=193638"}],"curies":[{"name":"wp","href":"https:\/\/api.w.org\/{rel}","templated":true}]}}