{"id":193562,"date":"2025-11-23T17:06:56","date_gmt":"2025-11-23T15:06:56","guid":{"rendered":"https:\/\/serbiantimes.info\/en\/?p=193562"},"modified":"2025-11-23T17:06:57","modified_gmt":"2025-11-23T15:06:57","slug":"huge-success-for-serbian-taekwondo-andrea-bokan-becomes-european-champion","status":"publish","type":"post","link":"https:\/\/serbiantimes.info\/en\/huge-success-for-serbian-taekwondo-andrea-bokan-becomes-european-champion\/","title":{"rendered":"HUGE SUCCESS FOR SERBIAN TAEKWONDO: Andrea Bokan Becomes European Champion!"},"content":{"rendered":"\n<p class=\"wp-block-paragraph\">Serbian national team member Andrea Bokan won the gold medal in the under-49 kg category at the European Senior Taekwondo Championships in Olympic categories, which are currently being held in the Swiss city of Aigle.<\/p>\n\n\n\n<p class=\"wp-block-paragraph\">As the top seed, Bokan was free in the first round, and then she excelled in all subsequent matches, defeating all her opponents and advancing to the final.<\/p>\n\n\n\n<figure class=\"wp-block-embed is-type-wp-embed is-provider-serbiantimes-info wp-block-embed-serbiantimes-info\"><div class=\"wp-block-embed__wrapper\">\n<blockquote class=\"wp-embedded-content\" data-secret=\"3Z6LFRcwlu\"><a href=\"https:\/\/serbiantimes.info\/jokic-surovo-iskren-nismo-toliko-dobri-kao-sto-tabela-govori-mozemo-mnogo-bolje\/\">JOKI\u0106 SUROVO ISKREN: &#8222;Nismo toliko dobri kao \u0161to tabela govori, mo\u017eemo mnogo bolje&#8220;!<\/a><\/blockquote><iframe loading=\"lazy\" class=\"wp-embedded-content\" sandbox=\"allow-scripts\" security=\"restricted\" style=\"position: absolute; visibility: hidden;\" title=\"&#132;JOKI\u0106 SUROVO ISKREN: &#8222;Nismo toliko dobri kao \u0161to tabela govori, mo\u017eemo mnogo bolje&#8220;!&#147; &#8212; Serbiantimes.info\" src=\"https:\/\/serbiantimes.info\/jokic-surovo-iskren-nismo-toliko-dobri-kao-sto-tabela-govori-mozemo-mnogo-bolje\/embed\/#?secret=7ejwUcPhXU#?secret=3Z6LFRcwlu\" data-secret=\"3Z6LFRcwlu\" width=\"500\" height=\"282\" frameborder=\"0\" marginwidth=\"0\" marginheight=\"0\" scrolling=\"no\"><\/iframe>\n<\/div><\/figure>\n\n\n\n<p class=\"wp-block-paragraph\">In the final clash, the Serbian taekwondo athlete showed exceptional dominance and managed to defeat Irina Rogozina 2:0, achieving a historic success and becoming the European champion.<\/p>\n\n\n\n<p class=\"wp-block-paragraph\">This is a major moment for Serbian taekwondo, as Bokan\u2019s victory secured the first medal for our team at this prestigious competition.<\/p>\n\n\n\n<h4 class=\"wp-block-heading\"><mark style=\"background-color:#FFFFFF;color:#d21414\" class=\"has-inline-color\">MORE TOPICS:<\/mark><\/h4>\n\n\n\n<p class=\"wp-block-paragraph\"><strong><a href=\"https:\/\/serbiantimes.info\/en\/belgrade-university-advanced-on-the-shanghai-list-highly-ranked-in-18-scientific-fields\/\" target=\"_blank\" rel=\"noopener\" title=\"\">BELGRADE UNIVERSITY ADVANCED ON THE SHANGHAI LIST: Highly ranked in 18 scientific fields!<\/a><\/strong><\/p>\n\n\n\n<p class=\"wp-block-paragraph\"><strong><a href=\"https:\/\/serbiantimes.info\/en\/cadastral-office-abolished-the-protection-of-the-general-staff-building-they-are-no-longer-a-cultural-asset-because-of-trump-towers\/\" target=\"_blank\" rel=\"noopener\" title=\"\">CADASTRAL OFFICE ABOLISHED THE PROTECTION OF THE GENERAL STAFF BUILDING: They are no longer a cultural asset because of \u201cTrump Towers\u201d!<\/a><\/strong><\/p>\n\n\n\n<p class=\"wp-block-paragraph\"><strong><a href=\"https:\/\/serbiantimes.info\/en\/after-nine-days-transporter-milomir-jacimovic-ends-hunger-strike-video\/\" target=\"_blank\" rel=\"noopener\" title=\"\">AFTER NINE DAYS: Transporter Milomir Ja\u0107imovi\u0107 ends hunger strike! (VIDEO)<\/a><\/strong><\/p>\n\n\n\n<p class=\"wp-block-paragraph\"><strong><a href=\"https:\/\/serbiantimes.info\/en\/before-the-jury-selection-brian-walshe-admitted-that-he-moved-the-body-of-his-wife-ana-walshe-and-deceived-the-police\/\" target=\"_blank\" rel=\"noopener\" title=\"\">BEFORE THE JURY SELECTION: Brian Walshe admitted that he moved the body of his wife Ana Walshe and deceived the police!<\/a><\/strong><\/p>\n\n\n\n<p class=\"wp-block-paragraph\"><strong><a href=\"https:\/\/serbiantimes.info\/en\/milan-jacimovic-pusten-na-slobodu-maloletnik-saslusan-zbog-navodnog-narusavanja-javnog-reda-i-mira-video\/\" target=\"_blank\" rel=\"noopener\" title=\"\">MILAN JA\u0106IMOVI\u0106 RELEASED: Minor interviewed due to alleged violation of public order and peace! (VIDEO)<\/a><\/strong><\/p>\n\n\n\n<p class=\"wp-block-paragraph\"><strong><strong>Source<\/strong><\/strong>: <strong>&nbsp;<\/strong>Sportklub,<strong>&nbsp;Foto:<\/strong>OKS<\/p>\n","protected":false},"excerpt":{"rendered":"<p>Serbian national team member Andrea Bokan won the gold medal in the under-49 kg category at the European Senior Taekwondo Championships in Olympic categories, which are currently being held in the Swiss city of Aigle. As the top seed, Bokan was free in the first round, and then she excelled in all subsequent matches, defeating [&hellip;]<\/p>\n","protected":false},"author":2169,"featured_media":193563,"comment_status":"open","ping_status":"open","sticky":false,"template":"","format":"standard","meta":{"newspack_featured_image_position":"","newspack_post_subtitle":"","newspack_article_summary_title":"Overview:","newspack_article_summary":"","newspack_hide_updated_date":false,"newspack_show_updated_date":false,"footnotes":""},"categories":[10],"tags":[9671,2391,8462,5337],"class_list":["post-193562","post","type-post","status-publish","format-standard","has-post-thumbnail","hentry","category-sport","tag-andrea-bokan","tag-evropsko-prvenstvo","tag-istorijski-uspeh","tag-zlato","entry"],"aioseo_notices":[],"aioseo_head":"\n\t\t<!-- All in One SEO 5.0.1.1 - aioseo.com -->\n\t<meta name=\"description\" content=\"Serbian national team member Andrea Bokan won the gold medal in the under-49 kg category at the European Senior Taekwondo Championships in Olympic categories, which are currently being held in the Swiss city of Aigle. As the top seed, Bokan was free in the first round, and then she excelled in all subsequent matches, defeating\" \/>\n\t<meta name=\"robots\" content=\"max-image-preview:large\" \/>\n\t<meta name=\"author\" content=\"Serbian Times\"\/>\n\t<link rel=\"canonical\" href=\"https:\/\/serbiantimes.info\/en\/huge-success-for-serbian-taekwondo-andrea-bokan-becomes-european-champion\/\" \/>\n\t<meta name=\"generator\" content=\"All in One SEO (AIOSEO) 5.0.1.1\" \/>\n\t\t<meta property=\"og:locale\" content=\"en_US\" \/>\n\t\t<meta property=\"og:site_name\" content=\"Serbiantimes.info EN |\" \/>\n\t\t<meta property=\"og:type\" content=\"article\" \/>\n\t\t<meta property=\"og:title\" content=\"HUGE SUCCESS FOR SERBIAN TAEKWONDO: Andrea Bokan Becomes European Champion! | Serbiantimes.info EN\" \/>\n\t\t<meta property=\"og:description\" content=\"Serbian national team member Andrea Bokan won the gold medal in the under-49 kg category at the European Senior Taekwondo Championships in Olympic categories, which are currently being held in the Swiss city of Aigle. As the top seed, Bokan was free in the first round, and then she excelled in all subsequent matches, defeating\" \/>\n\t\t<meta property=\"og:url\" content=\"https:\/\/serbiantimes.info\/en\/huge-success-for-serbian-taekwondo-andrea-bokan-becomes-european-champion\/\" \/>\n\t\t<meta property=\"og:image\" content=\"https:\/\/serbiantimes.info\/en\/wp-content\/uploads\/sites\/2\/2025\/11\/1763841248-Andrea-Bokan-750x467-1.jpg\" \/>\n\t\t<meta property=\"og:image:secure_url\" content=\"https:\/\/serbiantimes.info\/en\/wp-content\/uploads\/sites\/2\/2025\/11\/1763841248-Andrea-Bokan-750x467-1.jpg\" \/>\n\t\t<meta property=\"og:image:width\" content=\"750\" \/>\n\t\t<meta property=\"og:image:height\" content=\"467\" \/>\n\t\t<meta property=\"article:published_time\" content=\"2025-11-23T15:06:56+00:00\" \/>\n\t\t<meta property=\"article:modified_time\" content=\"2025-11-23T15:06:57+00:00\" \/>\n\t\t<meta name=\"twitter:card\" content=\"summary_large_image\" \/>\n\t\t<meta name=\"twitter:title\" content=\"HUGE SUCCESS FOR SERBIAN TAEKWONDO: Andrea Bokan Becomes European Champion! | Serbiantimes.info EN\" \/>\n\t\t<meta name=\"twitter:description\" content=\"Serbian national team member Andrea Bokan won the gold medal in the under-49 kg category at the European Senior Taekwondo Championships in Olympic categories, which are currently being held in the Swiss city of Aigle. As the top seed, Bokan was free in the first round, and then she excelled in all subsequent matches, defeating\" \/>\n\t\t<meta name=\"twitter:image\" content=\"https:\/\/serbiantimes.info\/en\/wp-content\/uploads\/sites\/2\/2025\/11\/1763841248-Andrea-Bokan-750x467-1.jpg\" \/>\n\t\t<script type=\"application\/ld+json\" class=\"aioseo-schema\">\n\t\t\t{\"@context\":\"https:\\\/\\\/schema.org\",\"@graph\":[{\"@type\":\"BlogPosting\",\"@id\":\"https:\\\/\\\/serbiantimes.info\\\/en\\\/huge-success-for-serbian-taekwondo-andrea-bokan-becomes-european-champion\\\/#blogposting\",\"name\":\"HUGE SUCCESS FOR SERBIAN TAEKWONDO: Andrea Bokan Becomes European Champion! | Serbiantimes.info EN\",\"headline\":\"HUGE SUCCESS FOR SERBIAN TAEKWONDO: Andrea Bokan Becomes European Champion!\",\"author\":{\"@id\":\"https:\\\/\\\/serbiantimes.info\\\/en\\\/author\\\/serbiantimes-portal\\\/#author\"},\"publisher\":{\"@id\":\"https:\\\/\\\/serbiantimes.info\\\/en\\\/#organization\"},\"image\":{\"@type\":\"ImageObject\",\"url\":\"https:\\\/\\\/serbiantimes.info\\\/en\\\/wp-content\\\/uploads\\\/sites\\\/2\\\/2025\\\/11\\\/1763841248-Andrea-Bokan-750x467-1.jpg\",\"width\":750,\"height\":467},\"datePublished\":\"2025-11-23T17:06:56+02:00\",\"dateModified\":\"2025-11-23T17:06:57+02:00\",\"inLanguage\":\"en-US\",\"mainEntityOfPage\":{\"@id\":\"https:\\\/\\\/serbiantimes.info\\\/en\\\/huge-success-for-serbian-taekwondo-andrea-bokan-becomes-european-champion\\\/#webpage\"},\"isPartOf\":{\"@id\":\"https:\\\/\\\/serbiantimes.info\\\/en\\\/huge-success-for-serbian-taekwondo-andrea-bokan-becomes-european-champion\\\/#webpage\"},\"articleSection\":\"SPORT, andrea bokan, Evropsko prvenstvo, istorijski uspeh, zlato\"},{\"@type\":\"BreadcrumbList\",\"@id\":\"https:\\\/\\\/serbiantimes.info\\\/en\\\/huge-success-for-serbian-taekwondo-andrea-bokan-becomes-european-champion\\\/#breadcrumblist\",\"itemListElement\":[{\"@type\":\"ListItem\",\"@id\":\"https:\\\/\\\/serbiantimes.info\\\/en#listItem\",\"position\":1,\"name\":\"Home\",\"item\":\"https:\\\/\\\/serbiantimes.info\\\/en\",\"nextItem\":{\"@type\":\"ListItem\",\"@id\":\"https:\\\/\\\/serbiantimes.info\\\/en\\\/category\\\/sport\\\/#listItem\",\"name\":\"SPORT\"}},{\"@type\":\"ListItem\",\"@id\":\"https:\\\/\\\/serbiantimes.info\\\/en\\\/category\\\/sport\\\/#listItem\",\"position\":2,\"name\":\"SPORT\",\"item\":\"https:\\\/\\\/serbiantimes.info\\\/en\\\/category\\\/sport\\\/\",\"nextItem\":{\"@type\":\"ListItem\",\"@id\":\"https:\\\/\\\/serbiantimes.info\\\/en\\\/huge-success-for-serbian-taekwondo-andrea-bokan-becomes-european-champion\\\/#listItem\",\"name\":\"HUGE SUCCESS FOR SERBIAN TAEKWONDO: Andrea Bokan Becomes European Champion!\"},\"previousItem\":{\"@type\":\"ListItem\",\"@id\":\"https:\\\/\\\/serbiantimes.info\\\/en#listItem\",\"name\":\"Home\"}},{\"@type\":\"ListItem\",\"@id\":\"https:\\\/\\\/serbiantimes.info\\\/en\\\/huge-success-for-serbian-taekwondo-andrea-bokan-becomes-european-champion\\\/#listItem\",\"position\":3,\"name\":\"HUGE SUCCESS FOR SERBIAN TAEKWONDO: Andrea Bokan Becomes European Champion!\",\"previousItem\":{\"@type\":\"ListItem\",\"@id\":\"https:\\\/\\\/serbiantimes.info\\\/en\\\/category\\\/sport\\\/#listItem\",\"name\":\"SPORT\"}}]},{\"@type\":\"Organization\",\"@id\":\"https:\\\/\\\/serbiantimes.info\\\/en\\\/#organization\",\"name\":\"Serbiantimes.info EN\",\"url\":\"https:\\\/\\\/serbiantimes.info\\\/en\\\/\",\"logo\":{\"@type\":\"ImageObject\",\"url\":\"https:\\\/\\\/serbiantimes.info\\\/en\\\/wp-content\\\/uploads\\\/sites\\\/2\\\/2024\\\/10\\\/cropped-cropped-Serbian-Times-Header-Logo-1.png\",\"@id\":\"https:\\\/\\\/serbiantimes.info\\\/en\\\/huge-success-for-serbian-taekwondo-andrea-bokan-becomes-european-champion\\\/#organizationLogo\",\"width\":480,\"height\":100},\"image\":{\"@id\":\"https:\\\/\\\/serbiantimes.info\\\/en\\\/huge-success-for-serbian-taekwondo-andrea-bokan-becomes-european-champion\\\/#organizationLogo\"}},{\"@type\":\"Person\",\"@id\":\"https:\\\/\\\/serbiantimes.info\\\/en\\\/author\\\/serbiantimes-portal\\\/#author\",\"url\":\"https:\\\/\\\/serbiantimes.info\\\/en\\\/author\\\/serbiantimes-portal\\\/\",\"name\":\"Serbian Times\",\"image\":{\"@type\":\"ImageObject\",\"@id\":\"https:\\\/\\\/serbiantimes.info\\\/en\\\/huge-success-for-serbian-taekwondo-andrea-bokan-becomes-european-champion\\\/#authorImage\",\"url\":\"https:\\\/\\\/secure.gravatar.com\\\/avatar\\\/ea76e009769270b4193e2bc7e032c096b4ae135483ec03b396fd0f520bc3dcfd?s=96&d=mm&r=g\",\"width\":96,\"height\":96,\"caption\":\"Serbian Times\"}},{\"@type\":\"WebPage\",\"@id\":\"https:\\\/\\\/serbiantimes.info\\\/en\\\/huge-success-for-serbian-taekwondo-andrea-bokan-becomes-european-champion\\\/#webpage\",\"url\":\"https:\\\/\\\/serbiantimes.info\\\/en\\\/huge-success-for-serbian-taekwondo-andrea-bokan-becomes-european-champion\\\/\",\"name\":\"HUGE SUCCESS FOR SERBIAN TAEKWONDO: Andrea Bokan Becomes European Champion! | Serbiantimes.info EN\",\"description\":\"Serbian national team member Andrea Bokan won the gold medal in the under-49 kg category at the European Senior Taekwondo Championships in Olympic categories, which are currently being held in the Swiss city of Aigle. As the top seed, Bokan was free in the first round, and then she excelled in all subsequent matches, defeating\",\"inLanguage\":\"en-US\",\"isPartOf\":{\"@id\":\"https:\\\/\\\/serbiantimes.info\\\/en\\\/#website\"},\"breadcrumb\":{\"@id\":\"https:\\\/\\\/serbiantimes.info\\\/en\\\/huge-success-for-serbian-taekwondo-andrea-bokan-becomes-european-champion\\\/#breadcrumblist\"},\"author\":{\"@id\":\"https:\\\/\\\/serbiantimes.info\\\/en\\\/author\\\/serbiantimes-portal\\\/#author\"},\"creator\":{\"@id\":\"https:\\\/\\\/serbiantimes.info\\\/en\\\/author\\\/serbiantimes-portal\\\/#author\"},\"image\":{\"@type\":\"ImageObject\",\"url\":\"https:\\\/\\\/serbiantimes.info\\\/en\\\/wp-content\\\/uploads\\\/sites\\\/2\\\/2025\\\/11\\\/1763841248-Andrea-Bokan-750x467-1.jpg\",\"@id\":\"https:\\\/\\\/serbiantimes.info\\\/en\\\/huge-success-for-serbian-taekwondo-andrea-bokan-becomes-european-champion\\\/#mainImage\",\"width\":750,\"height\":467},\"primaryImageOfPage\":{\"@id\":\"https:\\\/\\\/serbiantimes.info\\\/en\\\/huge-success-for-serbian-taekwondo-andrea-bokan-becomes-european-champion\\\/#mainImage\"},\"datePublished\":\"2025-11-23T17:06:56+02:00\",\"dateModified\":\"2025-11-23T17:06:57+02:00\"},{\"@type\":\"WebSite\",\"@id\":\"https:\\\/\\\/serbiantimes.info\\\/en\\\/#website\",\"url\":\"https:\\\/\\\/serbiantimes.info\\\/en\\\/\",\"name\":\"Serbiantimes.info EN\",\"inLanguage\":\"en-US\",\"publisher\":{\"@id\":\"https:\\\/\\\/serbiantimes.info\\\/en\\\/#organization\"}}]}\n\t\t<\/script>\n\t\t<!-- All in One SEO -->\n\n","aioseo_head_json":{"title":"HUGE SUCCESS FOR SERBIAN TAEKWONDO: Andrea Bokan Becomes European Champion! | Serbiantimes.info EN","description":"Serbian national team member Andrea Bokan won the gold medal in the under-49 kg category at the European Senior Taekwondo Championships in Olympic categories, which are currently being held in the Swiss city of Aigle. As the top seed, Bokan was free in the first round, and then she excelled in all subsequent matches, defeating","canonical_url":"https:\/\/serbiantimes.info\/en\/huge-success-for-serbian-taekwondo-andrea-bokan-becomes-european-champion\/","robots":"max-image-preview:large","keywords":"","webmasterTools":{"miscellaneous":""},"schema":{"@context":"https:\/\/schema.org","@graph":[{"@type":"BlogPosting","@id":"https:\/\/serbiantimes.info\/en\/huge-success-for-serbian-taekwondo-andrea-bokan-becomes-european-champion\/#blogposting","name":"HUGE SUCCESS FOR SERBIAN TAEKWONDO: Andrea Bokan Becomes European Champion! | Serbiantimes.info EN","headline":"HUGE SUCCESS FOR SERBIAN TAEKWONDO: Andrea Bokan Becomes European Champion!","author":{"@id":"https:\/\/serbiantimes.info\/en\/author\/serbiantimes-portal\/#author"},"publisher":{"@id":"https:\/\/serbiantimes.info\/en\/#organization"},"image":{"@type":"ImageObject","url":"https:\/\/serbiantimes.info\/en\/wp-content\/uploads\/sites\/2\/2025\/11\/1763841248-Andrea-Bokan-750x467-1.jpg","width":750,"height":467},"datePublished":"2025-11-23T17:06:56+02:00","dateModified":"2025-11-23T17:06:57+02:00","inLanguage":"en-US","mainEntityOfPage":{"@id":"https:\/\/serbiantimes.info\/en\/huge-success-for-serbian-taekwondo-andrea-bokan-becomes-european-champion\/#webpage"},"isPartOf":{"@id":"https:\/\/serbiantimes.info\/en\/huge-success-for-serbian-taekwondo-andrea-bokan-becomes-european-champion\/#webpage"},"articleSection":"SPORT, andrea bokan, Evropsko prvenstvo, istorijski uspeh, zlato"},{"@type":"BreadcrumbList","@id":"https:\/\/serbiantimes.info\/en\/huge-success-for-serbian-taekwondo-andrea-bokan-becomes-european-champion\/#breadcrumblist","itemListElement":[{"@type":"ListItem","@id":"https:\/\/serbiantimes.info\/en#listItem","position":1,"name":"Home","item":"https:\/\/serbiantimes.info\/en","nextItem":{"@type":"ListItem","@id":"https:\/\/serbiantimes.info\/en\/category\/sport\/#listItem","name":"SPORT"}},{"@type":"ListItem","@id":"https:\/\/serbiantimes.info\/en\/category\/sport\/#listItem","position":2,"name":"SPORT","item":"https:\/\/serbiantimes.info\/en\/category\/sport\/","nextItem":{"@type":"ListItem","@id":"https:\/\/serbiantimes.info\/en\/huge-success-for-serbian-taekwondo-andrea-bokan-becomes-european-champion\/#listItem","name":"HUGE SUCCESS FOR SERBIAN TAEKWONDO: Andrea Bokan Becomes European Champion!"},"previousItem":{"@type":"ListItem","@id":"https:\/\/serbiantimes.info\/en#listItem","name":"Home"}},{"@type":"ListItem","@id":"https:\/\/serbiantimes.info\/en\/huge-success-for-serbian-taekwondo-andrea-bokan-becomes-european-champion\/#listItem","position":3,"name":"HUGE SUCCESS FOR SERBIAN TAEKWONDO: Andrea Bokan Becomes European Champion!","previousItem":{"@type":"ListItem","@id":"https:\/\/serbiantimes.info\/en\/category\/sport\/#listItem","name":"SPORT"}}]},{"@type":"Organization","@id":"https:\/\/serbiantimes.info\/en\/#organization","name":"Serbiantimes.info EN","url":"https:\/\/serbiantimes.info\/en\/","logo":{"@type":"ImageObject","url":"https:\/\/serbiantimes.info\/en\/wp-content\/uploads\/sites\/2\/2024\/10\/cropped-cropped-Serbian-Times-Header-Logo-1.png","@id":"https:\/\/serbiantimes.info\/en\/huge-success-for-serbian-taekwondo-andrea-bokan-becomes-european-champion\/#organizationLogo","width":480,"height":100},"image":{"@id":"https:\/\/serbiantimes.info\/en\/huge-success-for-serbian-taekwondo-andrea-bokan-becomes-european-champion\/#organizationLogo"}},{"@type":"Person","@id":"https:\/\/serbiantimes.info\/en\/author\/serbiantimes-portal\/#author","url":"https:\/\/serbiantimes.info\/en\/author\/serbiantimes-portal\/","name":"Serbian Times","image":{"@type":"ImageObject","@id":"https:\/\/serbiantimes.info\/en\/huge-success-for-serbian-taekwondo-andrea-bokan-becomes-european-champion\/#authorImage","url":"https:\/\/secure.gravatar.com\/avatar\/ea76e009769270b4193e2bc7e032c096b4ae135483ec03b396fd0f520bc3dcfd?s=96&d=mm&r=g","width":96,"height":96,"caption":"Serbian Times"}},{"@type":"WebPage","@id":"https:\/\/serbiantimes.info\/en\/huge-success-for-serbian-taekwondo-andrea-bokan-becomes-european-champion\/#webpage","url":"https:\/\/serbiantimes.info\/en\/huge-success-for-serbian-taekwondo-andrea-bokan-becomes-european-champion\/","name":"HUGE SUCCESS FOR SERBIAN TAEKWONDO: Andrea Bokan Becomes European Champion! | Serbiantimes.info EN","description":"Serbian national team member Andrea Bokan won the gold medal in the under-49 kg category at the European Senior Taekwondo Championships in Olympic categories, which are currently being held in the Swiss city of Aigle. As the top seed, Bokan was free in the first round, and then she excelled in all subsequent matches, defeating","inLanguage":"en-US","isPartOf":{"@id":"https:\/\/serbiantimes.info\/en\/#website"},"breadcrumb":{"@id":"https:\/\/serbiantimes.info\/en\/huge-success-for-serbian-taekwondo-andrea-bokan-becomes-european-champion\/#breadcrumblist"},"author":{"@id":"https:\/\/serbiantimes.info\/en\/author\/serbiantimes-portal\/#author"},"creator":{"@id":"https:\/\/serbiantimes.info\/en\/author\/serbiantimes-portal\/#author"},"image":{"@type":"ImageObject","url":"https:\/\/serbiantimes.info\/en\/wp-content\/uploads\/sites\/2\/2025\/11\/1763841248-Andrea-Bokan-750x467-1.jpg","@id":"https:\/\/serbiantimes.info\/en\/huge-success-for-serbian-taekwondo-andrea-bokan-becomes-european-champion\/#mainImage","width":750,"height":467},"primaryImageOfPage":{"@id":"https:\/\/serbiantimes.info\/en\/huge-success-for-serbian-taekwondo-andrea-bokan-becomes-european-champion\/#mainImage"},"datePublished":"2025-11-23T17:06:56+02:00","dateModified":"2025-11-23T17:06:57+02:00"},{"@type":"WebSite","@id":"https:\/\/serbiantimes.info\/en\/#website","url":"https:\/\/serbiantimes.info\/en\/","name":"Serbiantimes.info EN","inLanguage":"en-US","publisher":{"@id":"https:\/\/serbiantimes.info\/en\/#organization"}}]},"og:locale":"en_US","og:site_name":"Serbiantimes.info EN |","og:type":"article","og:title":"HUGE SUCCESS FOR SERBIAN TAEKWONDO: Andrea Bokan Becomes European Champion! | Serbiantimes.info EN","og:description":"Serbian national team member Andrea Bokan won the gold medal in the under-49 kg category at the European Senior Taekwondo Championships in Olympic categories, which are currently being held in the Swiss city of Aigle. As the top seed, Bokan was free in the first round, and then she excelled in all subsequent matches, defeating","og:url":"https:\/\/serbiantimes.info\/en\/huge-success-for-serbian-taekwondo-andrea-bokan-becomes-european-champion\/","og:image":"https:\/\/serbiantimes.info\/en\/wp-content\/uploads\/sites\/2\/2025\/11\/1763841248-Andrea-Bokan-750x467-1.jpg","og:image:secure_url":"https:\/\/serbiantimes.info\/en\/wp-content\/uploads\/sites\/2\/2025\/11\/1763841248-Andrea-Bokan-750x467-1.jpg","og:image:width":750,"og:image:height":467,"article:published_time":"2025-11-23T15:06:56+00:00","article:modified_time":"2025-11-23T15:06:57+00:00","twitter:card":"summary_large_image","twitter:title":"HUGE SUCCESS FOR SERBIAN TAEKWONDO: Andrea Bokan Becomes European Champion! | Serbiantimes.info EN","twitter:description":"Serbian national team member Andrea Bokan won the gold medal in the under-49 kg category at the European Senior Taekwondo Championships in Olympic categories, which are currently being held in the Swiss city of Aigle. As the top seed, Bokan was free in the first round, and then she excelled in all subsequent matches, defeating","twitter:image":"https:\/\/serbiantimes.info\/en\/wp-content\/uploads\/sites\/2\/2025\/11\/1763841248-Andrea-Bokan-750x467-1.jpg"},"aioseo_meta_data":{"post_id":"193562","title":null,"description":null,"keywords":null,"keyphrases":{"focus":{"keyphrase":"","score":0,"analysis":{"keyphraseInTitle":{"score":0,"maxScore":9,"error":1}}},"additional":[]},"primary_term":null,"canonical_url":null,"og_title":null,"og_description":null,"og_object_type":"default","og_image_type":"default","og_image_url":null,"og_image_width":null,"og_image_height":null,"og_image_custom_url":null,"og_image_custom_fields":null,"og_video":"","og_custom_url":null,"og_article_section":null,"og_article_tags":null,"twitter_use_og":false,"twitter_card":"default","twitter_image_type":"default","twitter_image_url":null,"twitter_image_custom_url":null,"twitter_image_custom_fields":null,"twitter_title":null,"twitter_description":null,"schema":{"blockGraphs":[],"customGraphs":[],"default":{"data":{"Article":[],"Course":[],"Dataset":[],"FAQPage":[],"Movie":[],"Person":[],"Product":[],"ProductReview":[],"Car":[],"Recipe":[],"Service":[],"SoftwareApplication":[],"WebPage":[]},"graphName":"BlogPosting","isEnabled":true},"graphs":[]},"schema_type":"default","schema_type_options":null,"pillar_content":false,"robots_default":true,"robots_noindex":false,"robots_noarchive":false,"robots_nosnippet":false,"robots_nofollow":false,"robots_noimageindex":false,"robots_noodp":false,"robots_notranslate":false,"robots_max_snippet":"-1","robots_max_videopreview":"-1","robots_max_imagepreview":"large","priority":null,"frequency":"default","local_seo":null,"breadcrumb_settings":null,"limit_modified_date":false,"ai":{"faqs":[],"keyPoints":[],"titles":[],"descriptions":[],"socialPosts":{"email":[],"linkedin":[],"twitter":[],"facebook":[],"instagram":[]}},"created":"2025-11-23 14:51:03","updated":"2025-11-23 15:08:04","focus_keyword":null,"additional_keywords":null,"truseo_locale":null,"seo_analyzer_scan_date":null},"aioseo_breadcrumb":"<div class=\"aioseo-breadcrumbs\"><span class=\"aioseo-breadcrumb\">\n\t\t\t<a href=\"https:\/\/serbiantimes.info\/en\" title=\"Home\">Home<\/a>\n\t\t<\/span><span class=\"aioseo-breadcrumb-separator\">&raquo;<\/span><span class=\"aioseo-breadcrumb\">\n\t\t\t<a href=\"https:\/\/serbiantimes.info\/en\/category\/sport\/\" title=\"SPORT\">SPORT<\/a>\n\t\t<\/span><span class=\"aioseo-breadcrumb-separator\">&raquo;<\/span><span class=\"aioseo-breadcrumb\">\n\t\t\tHUGE SUCCESS FOR SERBIAN TAEKWONDO: Andrea Bokan Becomes European Champion!\n\t\t<\/span><\/div>","aioseo_breadcrumb_json":[{"label":"Home","link":"https:\/\/serbiantimes.info\/en"},{"label":"SPORT","link":"https:\/\/serbiantimes.info\/en\/category\/sport\/"},{"label":"HUGE SUCCESS FOR SERBIAN TAEKWONDO: Andrea Bokan Becomes European Champion!","link":"https:\/\/serbiantimes.info\/en\/huge-success-for-serbian-taekwondo-andrea-bokan-becomes-european-champion\/"}],"distributor_meta":false,"distributor_terms":false,"distributor_media":false,"distributor_original_site_name":"Serbiantimes.info EN","distributor_original_site_url":"https:\/\/serbiantimes.info\/en","push-errors":false,"_links":{"self":[{"href":"https:\/\/serbiantimes.info\/en\/wp-json\/wp\/v2\/posts\/193562","targetHints":{"allow":["GET"]}}],"collection":[{"href":"https:\/\/serbiantimes.info\/en\/wp-json\/wp\/v2\/posts"}],"about":[{"href":"https:\/\/serbiantimes.info\/en\/wp-json\/wp\/v2\/types\/post"}],"author":[{"embeddable":true,"href":"https:\/\/serbiantimes.info\/en\/wp-json\/wp\/v2\/users\/2169"}],"replies":[{"embeddable":true,"href":"https:\/\/serbiantimes.info\/en\/wp-json\/wp\/v2\/comments?post=193562"}],"version-history":[{"count":3,"href":"https:\/\/serbiantimes.info\/en\/wp-json\/wp\/v2\/posts\/193562\/revisions"}],"predecessor-version":[{"id":193599,"href":"https:\/\/serbiantimes.info\/en\/wp-json\/wp\/v2\/posts\/193562\/revisions\/193599"}],"wp:featuredmedia":[{"embeddable":true,"href":"https:\/\/serbiantimes.info\/en\/wp-json\/wp\/v2\/media\/193563"}],"wp:attachment":[{"href":"https:\/\/serbiantimes.info\/en\/wp-json\/wp\/v2\/media?parent=193562"}],"wp:term":[{"taxonomy":"category","embeddable":true,"href":"https:\/\/serbiantimes.info\/en\/wp-json\/wp\/v2\/categories?post=193562"},{"taxonomy":"post_tag","embeddable":true,"href":"https:\/\/serbiantimes.info\/en\/wp-json\/wp\/v2\/tags?post=193562"}],"curies":[{"name":"wp","href":"https:\/\/api.w.org\/{rel}","templated":true}]}}