{"id":192952,"date":"2025-11-15T14:47:26","date_gmt":"2025-11-15T12:47:26","guid":{"rendered":"https:\/\/serbiantimes.info\/en\/?p=192952"},"modified":"2025-11-15T14:47:27","modified_gmt":"2025-11-15T12:47:27","slug":"not-a-purge-but-a-systematization-dacic-finally-speaks-out-on-the-appointment-of-repac-and-zmiric-to-high-police-positions","status":"publish","type":"post","link":"https:\/\/serbiantimes.info\/en\/not-a-purge-but-a-systematization-dacic-finally-speaks-out-on-the-appointment-of-repac-and-zmiric-to-high-police-positions\/","title":{"rendered":"\u201cNOT A PURGE BUT A SYSTEMATIZATION\u201d: Da\u010di\u0107 finally speaks out on the appointment of Repac and \u017dmiri\u0107 to high police positions!"},"content":{"rendered":"\n<p>Minister of Internal Affairs Ivica Da\u010di\u0107 stated today that there is no purge being carried out in the police, but rather one of many systematizations, so the new appointments are not political.<\/p>\n\n\n\n<p>He added that the newly appointed officials are not expected to engage in political debates, but to lead their units.<\/p>\n\n\n\n<p>\u201cThese are professionals in their fields. Personnel changes in the Ministry of Internal Affairs are a normal, routine activity,\u201d Da\u010di\u0107 told TV Pink, speaking about the appointment of Colonel Radoslav Repac as commander of the Gendarmerie and Igor \u017dmira\u0107 as commander of the Special Anti-Terrorist Unit.<\/p>\n\n\n\n<figure class=\"wp-block-embed is-type-wp-embed is-provider-serbiantimes-info wp-block-embed-serbiantimes-info\"><div class=\"wp-block-embed__wrapper\">\n<blockquote class=\"wp-embedded-content\" data-secret=\"oHyvCV0KcG\"><a href=\"https:\/\/serbiantimes.info\/afera-generalstab-trampov-zet-nece-platiti-ni-evro-za-zakup-zemljista-na-99-godina-a-moze-da-dobije-50-miliona-evra-ako-se-ugovor-raskine\/\">AFERA GENERAL\u0160TAB: Trampov zet ne\u0107e platiti ni evro za zakup zemlji\u0161ta na 99 godina, a mo\u017ee da dobije 50 miliona evra ako se ugovor raskine!<\/a><\/blockquote><iframe loading=\"lazy\" class=\"wp-embedded-content\" sandbox=\"allow-scripts\" security=\"restricted\" style=\"position: absolute; visibility: hidden;\" title=\"&#132;AFERA GENERAL\u0160TAB: Trampov zet ne\u0107e platiti ni evro za zakup zemlji\u0161ta na 99 godina, a mo\u017ee da dobije 50 miliona evra ako se ugovor raskine!&#147; &#8212; Serbiantimes.info\" src=\"https:\/\/serbiantimes.info\/afera-generalstab-trampov-zet-nece-platiti-ni-evro-za-zakup-zemljista-na-99-godina-a-moze-da-dobije-50-miliona-evra-ako-se-ugovor-raskine\/embed\/#?secret=etsGh1yOoV#?secret=oHyvCV0KcG\" data-secret=\"oHyvCV0KcG\" width=\"500\" height=\"282\" frameborder=\"0\" marginwidth=\"0\" marginheight=\"0\" scrolling=\"no\"><\/iframe>\n<\/div><\/figure>\n\n\n\n<p>Speaking about the protests, he said that the opposition wanted the police to take their side and help them come to power through a coup, but nothing came of it.<\/p>\n\n\n\n<p>\u201cNo police unit has ever refused a single order, nor has any individual,\u201d the police minister said.<\/p>\n\n\n\n<p>He added that the police preserved social peace and stability, fulfilled all its tasks, and noted that \u201cif it hadn\u2019t been for them, Serbia would have been in a civil war.\u201d<\/p>\n\n\n\n<h3 class=\"wp-block-heading\"><mark style=\"background-color:#FFFFFF;color:#d21414\" class=\"has-inline-color\">MORE TOPICS:<\/mark><\/h3>\n\n\n\n<p><strong><a href=\"https:\/\/serbiantimes.info\/en\/we-must-not-allow-new-victims-medical-science-students-called-on-dijana-hrka-to-suspend-her-hunger-strike\/\" target=\"_blank\" rel=\"noopener\" title=\"\">\u201cWE MUST NOT ALLOW NEW VICTIMS\u201d: Medical science students called on Dijana Hrka to suspend her hunger strike!<\/a><\/strong><\/p>\n\n\n\n<p><strong><a href=\"https:\/\/serbiantimes.info\/en\/state-department-says-removing-russian-control-over-nis-increases-serbias-energy-security\/\" target=\"_blank\" rel=\"noopener\" title=\"\">STATE DEPARTMENT SAYS: \u201cRemoving Russian control over NIS increases Serbia\u2019s energy security\u201d<\/a><\/strong><\/p>\n\n\n\n<p><strong><a href=\"https:\/\/serbiantimes.info\/en\/the-serbian-is-the-world-champion-jovan-cvetanovic-defeated-the-frenchman-in-the-final-and-won-gold-in-jiu-jitsu\/\" target=\"_blank\" rel=\"noopener\" title=\"\">THE SERBIAN IS THE WORLD CHAMPION: Jovan Cvetanovi\u0107 defeated the Frenchman in the final and won gold in jiu-jitsu!<\/a><\/strong><\/p>\n\n\n\n<p><strong><a href=\"https:\/\/serbiantimes.info\/en\/professor-joler-resigned-after-20-years-due-to-police-repression-and-violation-of-autonomy-he-left-the-novi-sad-academy-of-arts\/\" target=\"_blank\" rel=\"noopener\" title=\"\">PROFESSOR JOLER RESIGNED AFTER 20 YEARS: Due to police repression and violation of autonomy, he left the Novi Sad Academy of Arts!<\/a><\/strong><\/p>\n\n\n\n<p><strong><a href=\"https:\/\/serbiantimes.info\/en\/today-is-the-holy-unmercenary-healers-day-on-this-day-it-is-good-to-do-heavy-work-be-sure-to-read-this-prayer-for-healing\/\" target=\"_blank\" rel=\"noopener\" title=\"\">TODAY IS THE HOLY UNMERCENARY HEALERS DAY: On this day, it is good to do heavy work, be sure to read this prayer for healing!<\/a><\/strong><\/p>\n\n\n\n<p><strong>Source:<\/strong> Nova,\u00a0<strong>Foto:\u00a0<\/strong>Goran Srdanov \/ Nova.rs<\/p>\n","protected":false},"excerpt":{"rendered":"<p>Minister of Internal Affairs Ivica Da\u010di\u0107 stated today that there is no purge being carried out in the police, but rather one of many systematizations, so the new appointments are not political. He added that the newly appointed officials are not expected to engage in political debates, but to lead their units. \u201cThese are professionals [&hellip;]<\/p>\n","protected":false},"author":2169,"featured_media":192953,"comment_status":"open","ping_status":"open","sticky":false,"template":"","format":"standard","meta":{"newspack_featured_image_position":"","newspack_post_subtitle":"","newspack_article_summary_title":"Overview:","newspack_article_summary":"","newspack_hide_updated_date":false,"newspack_show_updated_date":false,"footnotes":""},"categories":[7],"tags":[9573,2822,477,478,9574,8519,4225],"class_list":["post-192952","post","type-post","status-publish","format-standard","has-post-thumbnail","hentry","category-serbia","tag-igor-zmiric","tag-ivica-dacic","tag-mup","tag-policija","tag-radosalv-repac","tag-saj","tag-zandarmerija-2","entry"],"aioseo_notices":[],"distributor_meta":false,"distributor_terms":false,"distributor_media":false,"distributor_original_site_name":"Serbiantimes.info EN","distributor_original_site_url":"https:\/\/serbiantimes.info\/en","push-errors":false,"_links":{"self":[{"href":"https:\/\/serbiantimes.info\/en\/wp-json\/wp\/v2\/posts\/192952","targetHints":{"allow":["GET"]}}],"collection":[{"href":"https:\/\/serbiantimes.info\/en\/wp-json\/wp\/v2\/posts"}],"about":[{"href":"https:\/\/serbiantimes.info\/en\/wp-json\/wp\/v2\/types\/post"}],"author":[{"embeddable":true,"href":"https:\/\/serbiantimes.info\/en\/wp-json\/wp\/v2\/users\/2169"}],"replies":[{"embeddable":true,"href":"https:\/\/serbiantimes.info\/en\/wp-json\/wp\/v2\/comments?post=192952"}],"version-history":[{"count":2,"href":"https:\/\/serbiantimes.info\/en\/wp-json\/wp\/v2\/posts\/192952\/revisions"}],"predecessor-version":[{"id":192978,"href":"https:\/\/serbiantimes.info\/en\/wp-json\/wp\/v2\/posts\/192952\/revisions\/192978"}],"wp:featuredmedia":[{"embeddable":true,"href":"https:\/\/serbiantimes.info\/en\/wp-json\/wp\/v2\/media\/192953"}],"wp:attachment":[{"href":"https:\/\/serbiantimes.info\/en\/wp-json\/wp\/v2\/media?parent=192952"}],"wp:term":[{"taxonomy":"category","embeddable":true,"href":"https:\/\/serbiantimes.info\/en\/wp-json\/wp\/v2\/categories?post=192952"},{"taxonomy":"post_tag","embeddable":true,"href":"https:\/\/serbiantimes.info\/en\/wp-json\/wp\/v2\/tags?post=192952"}],"curies":[{"name":"wp","href":"https:\/\/api.w.org\/{rel}","templated":true}]}}